{"id":11093,"date":"2020-03-27T09:40:37","date_gmt":"2020-03-27T08:40:37","guid":{"rendered":"https:\/\/www.zszubri.cz\/?p=11093"},"modified":"2020-06-02T15:32:22","modified_gmt":"2020-06-02T13:32:22","slug":"archiv-8-b-nj-molisova","status":"publish","type":"post","link":"https:\/\/www.zszubri.cz\/?p=11093","title":{"rendered":"Archiv 8.B Nj Moli\u0161ov\u00e1"},"content":{"rendered":"<div class=\"pdfprnt-buttons pdfprnt-buttons-post pdfprnt-top-right\"><a href=\"https:\/\/www.zszubri.cz\/index.php?rest_route=wpv2posts11093&print=print\" class=\"pdfprnt-button pdfprnt-button-print\" target=\"_blank\"><img src=\"https:\/\/www.zszubri.cz\/wp-content\/plugins\/pdf-print\/images\/print.png\" alt=\"image_print\" title=\"Print Content\" \/><\/a><\/div>\n<p>Pr\u00e1ce na t\u00fdden 1-5\/6:<\/p>\n<ol>\n<li>Prac. se\u0161it 72 \u2013 p\u0159e\u010dti si shrnut\u00ed u\u010diva z lekce 8<\/li>\n<li>Prac. se\u0161it 73\/2,3,4 (cvi\u010den\u00ed 4 mi po\u0161li)<\/li>\n<\/ol>\n<p>\u00a0<\/p>\n<p>\u0158e\u0161en\u00ed: <a href=\"http:\/\/www.zszubri.cz\/wp-content\/uploads\/2020\/03\/20200528_101927.jpg\">http:\/\/www.zszubri.cz\/wp-content\/.jpg<\/a><\/p>\n<p>Pr\u00e1ce na t\u00fdden 25 \u2013 29\/5 :<\/p>\n<p>1. P\u0159e\u010dti si slov\u00ed\u010dka dokonce.<\/p>\n<p>2. U\u010debnice 81\/14\u00a0 \u2013 p\u0159e\u010dti si vzorov\u00fd dotazn\u00edk.<\/p>\n<p>3. Prac. se\u0161it 71\/11 \u2013 spoj<\/p>\n<p>4. Prac. se\u0161it 72\/12 \u2013 po\u0161li mi<\/p>\n<p>\u00a0<\/p>\n<p>\u0158e\u0161en\u00ed U\u010d 80\/12 \u2013 viz slovn\u00ed\u010dek<\/p>\n<p>Pr\u00e1ce na t\u00fdden 18 \u2013 22\/5 :<\/p>\n<ol>\n<li>Nau\u010d se slov\u00ed\u010dka a\u017e do konce<\/li>\n<li>U\u010debnice 80\/12 \u2013 do se\u0161itu<\/li>\n<li>Prac. se\u0161it 70\/9 \u2013 po\u0161li mi<\/li>\n<\/ol>\n<p>\u0158e\u0161en\u00ed: <a href=\"http:\/\/www.zszubri.cz\/wp-content\/uploads\/2020\/03\/20200512_122403.jpg\">http:\/\/www.zszubri.cz\/wp-content\/2020\/03\/20200512_122403.jpg<\/a><\/p>\n<p>Pr\u00e1ce na t\u00fdden 11\/5 \u2013 15\/5 :<\/p>\n<ol>\n<li>Nau\u010d se dal\u0161\u00ed slov\u00ed\u010dka (po buchen)<\/li>\n<li>U\u010debnice 79\/10 (pokra\u010duje na str 80) \u2013 p\u0159e\u010dti si<\/li>\n<li>Prac. se\u0161it 70\/6,7 (cv. 7 mi po\u0161li)<\/li>\n<\/ol>\n<p>\u0158e\u0161en\u00ed: <a href=\"http:\/\/www.zszubri.cz\/wp-content\/uploads\/2020\/03\/20200505_121411.jpg\">www.zszubri.cz\/wp-content\/uploads\/2020\/03\/20200505_121411.jpg<\/a><\/p>\n<p><strong>Pr\u00e1ce na t\u00fdden 4\/5 \u2013 8\/5 :<\/strong><\/p>\n<p>Tento t\u00fdden se nau\u010d\u00edme sloveso fahren \u2013 jet, jezdit<\/p>\n<ol>\n<li>U\u010debnice 79\/8 \u2013 zde si p\u0159e\u010dti tvary slovesa fahren ve v\u0161ech osob\u00e1ch a ud\u011blej si z\u00e1pis do se\u0161itu.<\/li>\n<li>U\u010debnice 79\/9 \u2013 vypracuj do se\u0161itu nebo na f\u00f3lii a po\u0161li mi<\/li>\n<li>Prac. se\u0161it 69\/4<\/li>\n<\/ol>\n<p>\u00a0<\/p>\n<p>\u0158e\u0161en\u00ed: <a href=\"http:\/\/www.zszubri.cz\/wp-content\/uploads\/2020\/03\/20200429_144006.jpg\">http:\/\/www.zszubri.cz\/wp-content\/uploads\/2020\/03\/20200429_144006.jpg<\/a><\/p>\n<p><a href=\"http:\/\/www.zszubri.cz\/wp-content\/uploads\/2020\/03\/20200429_143952.jpg\">http:\/\/www.zszubri.cz\/wp-content\/uploads\/2020\/03\/20200429_143952.jpg<\/a><\/p>\n<p><a href=\"http:\/\/www.zszubri.cz\/wp-content\/uploads\/2020\/03\/20200429_143554.jpg\">http:\/\/www.zszubri.cz\/wp-content\/uploads\/2020\/03\/20200429_143554.jpg<\/a><\/p>\n<p>Pr\u00e1ce na t\u00fdden 27\/4 \u2013 2\/5 :<\/p>\n<p>Tento t\u00fdden se nau\u010d\u00edme sloveso ich m\u00f6chte \u2013 cht\u011bl bych, r\u00e1d bych a ud\u011bl\u00e1me si tak\u00e9 2 z\u00e1pisy.<\/p>\n<ol>\n<li>Nau\u010d se dal\u0161\u00ed slov\u00ed\u010dka, t\u0159eba do konce 1. poloviny.<\/li>\n<li>Z\u00e1pis \u010d.1, zde se je\u0161t\u011b vr\u00e1t\u00edme k zem\u00edm.<\/li>\n<\/ol>\n<p><strong>V\u00fdjimky mezi zem\u011bmi<\/strong><\/p>\n<table>\n<tbody>\n<tr>\n<td>Zem\u011b<\/td>\n<td>3. p\u00e1d (Kde?)<\/td>\n<td>4. p\u00e1d (Kam?)<\/td>\n<\/tr>\n<tr>\n<td>die Slowakei<\/td>\n<td>in der Slowakei<\/td>\n<td>in die Slowakei<\/td>\n<\/tr>\n<tr>\n<td>die Schweiz<\/td>\n<td>in der Schweiz<\/td>\n<td>in die Schweiz<\/td>\n<\/tr>\n<\/tbody>\n<\/table>\n<p>Bsp: Ich bin in der Schweiz. Ich fahre in die Slowakei. (J\u00e1 jsem ve \u0160v\u00fdcarsku. J\u00e1 jedu na Slovensko.)<\/p>\n<p>\u00a0<\/p>\n<p>3. U\u010debnice str.77 tabulka Grammatik \u2013 Ud\u011blej si do se\u0161itu z\u00e1pis, opi\u0161 si tvary slovesa i p\u0159\u00edkladovou v\u011btu, v\u0161imni si situace, kdy m\u00e1me ve v\u011bt\u011b 2 slovesa a jak se chovaj\u00ed. (\u010dasujeme m\u00f6chte, druh\u00e9 sloveso je na konci v\u011bty v infinitivu)<\/p>\n<p>\u00a0<\/p>\n<p>4. U\u010debnice str. 77 cv. 4 \u2013 vypracuj podle p\u0159\u00edkladu do se\u0161itu\u00a0 a po\u0161li mi<\/p>\n<p>\u00a0<\/p>\n<p>Pr\u00e1ce na t\u00fdden 20 \u2013 24\/4 :<\/p>\n<p>Za\u010d\u00edn\u00e1me posledn\u00ed lekci 1. d\u00edlu u\u010debnice, kter\u00e1 m\u00e1 p\u0159\u00edzna\u010dn\u00e1 n\u00e1zev: In den Ferien (O pr\u00e1zdnin\u00e1ch). V t\u00e9to lekci budeme cestovat, nau\u010d\u00edme se n\u00e1zvy mnoha zem\u00ed. V\u011bt\u0161ina zem\u00ed se pou\u017e\u00edv\u00e1 bez \u010dlenu, budeme se ale u\u010dit i \u011b v\u00fdjimky: die Slowakei a die Schweiz \u2013 zde \u010dlen pou\u017e\u00edv\u00e1me. Tak\u017ee nap\u0159. ich wohne in Tschechien. ALE Ich wohne in der Schweiz.<\/p>\n<ol>\n<li>P\u0159e\u010dti si a nau\u010d se slov\u00ed\u010dka 8. lekce \u2013 prvn\u00ed 3 odd\u00edly<\/li>\n<li>U\u010debnice 76 \/ 2b \u2013 \u00fastn\u011b<\/li>\n<li>Pracovn\u00ed se\u0161it 68 \/ 1, 2 (cv 1 vyfot\u02c7a za\u0161li mi na email)<\/li>\n<li>K\u0159\u00ed\u017eovka na n\u00e1zvy zem\u00ed: <a href=\"http:\/\/www.zszubri.cz\/wp-content\/uploads\/2020\/03\/20200416_115447.jpg\">http:\/\/www.zszubri.cz\/wp-content\/uploads\/2020\/03\/20200416_115447.jpg<\/a><\/li>\n<\/ol>\n<p>\u00a0<\/p>\n<p>Pr\u00e1ce na t\u00fdden 13. \u2013 17\/4:<\/p>\n<p>Jeliko\u017e m\u00e1me velikono\u010dn\u00ed pr\u00e1zdniny, nech\u00e1v\u00e1m zad\u00e1n\u00ed z minula (\u0159e\u0161en\u00ed zve\u0159ejn\u00edm koncem t\u00fddne) a p\u0159id\u00e1v\u00e1m pouze toto:<\/p>\n<ol>\n<li>K\u0159\u00ed\u017eovka na podstatn\u00e1 jm\u00e9na a \u010dleny lekce 7:<a href=\"http:\/\/www.zszubri.cz\/wp-content\/uploads\/2020\/03\/20200409_125637.jpg\">http:\/\/www.zszubri.cz\/wp-content\/uploads\/2020\/03\/20200409_125637.jpg<\/a><\/li>\n<\/ol>\n<p>2. Odpov\u011bz celou v\u011btou na tyto ot\u00e1zky a odpov\u011bdi mi za\u0161li na email.<\/p>\n<ul>\n<li>Wann hat deine Mutter Geburtstag? (sta\u010d\u00ed m\u011bs\u00edc)<\/li>\n<li>Wann feiern wir Weihnachten? (sta\u010d\u00ed m\u011bs\u00edc)<\/li>\n<li>Welche ist deine Lieblingsjahreszeit?<\/li>\n<li>Was bekommst du zum Geburtstag?<\/li>\n<li>Hast du zu Hause ein Tier?<\/li>\n<\/ul>\n<p>\u00a0<\/p>\n<p>Pr\u00e1ce na t\u00fdden 6.4. \u2013 10.4 :<\/p>\n<ol>\n<li>pro\u010dti si je\u0161t\u011b jednou v\u0161echna slov\u00ed\u010dka z lekce7<\/li>\n<li>Ud\u011blej si Wiederholungstest v prac. se\u0161it\u011b na stran\u011b 65 \u2013 66 (krom\u011b cvi\u010den\u00ed 6 a 8) Cvi\u010den\u00ed 5 a 7 mi za\u0161li na email.<\/li>\n<li>Pro z\u00e1jemce velikono\u010dn\u00ed spojova\u010dka: <a href=\"http:\/\/www.zszubri.cz\/wp-content\/uploads\/2020\/03\/20200402_135311.jpg\">http:\/\/www.zszubri.cz\/wp-content\/uploads\/2020\/03\/20200402_135311.jpg<\/a><\/li>\n<\/ol>\n<p>Pr\u00e1ce na CEL\u00dd t\u00fdden 30.3 \u2013 3.4. :<\/p>\n<p>\u00a0<\/p>\n<ol>\n<li>Nau\u010d se podle slovn\u00ed\u010dku str.67 \u0159adov\u00e9 \u010d\u00edslovky 1. \u2013 5. (V\u00fdslovnost je: erste, cvajte, drite, f\u00edrte, fynfte \ud83d\ude42 )<\/li>\n<\/ol>\n<p>\u00a0\u00a0\u00a0\u00a0\u00a0\u00a0\u00a0\u00a0\u00a0 Ud\u011blej cvi\u010den\u00ed 16 a 17 v pracovn\u00edm se\u0161it\u011b str. 63<\/p>\n<p>2. Pracovn\u00ed se\u0161it strana 64 cvi\u010den\u00ed 19 \u2013 Napi\u0161 svoji vlastn\u00ed pozv\u00e1nku na narozeninovou p\u00e1rty. Vzor najde\u0161 v u\u010debnici na stran\u011b 68.<\/p>\n<p>!Pozv\u00e1nku V\u0160ICHNI vyfo\u0165te a za\u0161lete mi na email!<\/p>\n<p>U\u010divo na t\u00fdden 23.3. \u2013 27.3.<\/p>\n<p>\u0158e\u0161en\u00ed:<\/p>\n<p>Prac. se\u0161. 62 cv. 15a \u2013 Valentinstag im Februar, Ostern im April, Muttertag im Mai, Weihnachten im Dezember, Geburtstag \u2013 podle sebe (narozeniny)<\/p>\n<p>15b \u2013 podle sebe<\/p>\n<p>K\u0159\u00ed\u017eovka: <a href=\"http:\/\/www.zszubri.cz\/wp-content\/uploads\/2020\/03\/20200320_142516-1.jpg\">http:\/\/www.zszubri.cz\/wp-content\/uploads\/2020\/03\/20200320_142516-1.jpg<\/a><\/p>\n<p>St\u0159eda:<\/p>\n<p>Napi\u0161 si do se\u0161itu :<\/p>\n<p>Wann hast Du Geburtstag? (Kdy M\u00e1\u0161 narozeniny?)<\/p>\n<p>Ich habe Geburtstag im \u2026.(dopl\u0148 sv\u016fj m\u011bs\u00edc narozen\u00ed) (J\u00e1 m\u00e1m narozeniny v\u2026)<\/p>\n<p>Wann hat dein Freund Geburtstag? Er hat Geburtstag im\u2026 (dopl\u0148)<\/p>\n<p>(Kdy m\u00e1 tv\u016fj kamar\u00e1d narozeniny? On m\u00e1 narozeniny v\u2026)<\/p>\n<p>Pracovn\u00ed se\u0161it str.62 cv. 15a,b<\/p>\n<p>\u00a0<\/p>\n<p>\u00dater\u00fd: Omlouv\u00e1m se za \u0161patn\u00fd odkaz, zde oprava:<\/p>\n<p>K\u0159\u00ed\u017eovka: <a href=\"http:\/\/www.zszubri.cz\/wp-content\/uploads\/2020\/03\/20200317_104345-2.jpg\">http:\/\/www.zszubri.cz\/wp-content\/uploads\/2020\/03\/20200317_104345-2.jpg<\/a><\/p>\n<p><strong>! P\u0159\u00edpadn\u00e9 dotazy \u010di \u017e\u00e1dosti o kontrolu zodpov\u00edm nov\u011b na emailu Molisova.vyuka@centrum.cz<\/strong><\/p>\n<p>U\u010divo na t\u00fdden 16.3. \u2013 20.3.<\/p>\n<p><strong>\u0158e\u0161en\u00ed:<\/strong><\/p>\n<p><a href=\"http:\/\/www.zszubri.cz\/wp-content\/uploads\/2020\/03\/20200320_125426.jpg\">http:\/\/www.zszubri.cz\/wp-content\/uploads\/2020\/03\/20200320_125426.jpg<\/a><\/p>\n<p>St\u0159eda:<\/p>\n<p>Douf\u00e1m, \u017ee u\u010divo Hodiny u\u017e jsme zvl\u00e1dli, test bude n\u00e1sledovat v prvn\u00edch hodin\u00e1ch, a\u017e se zase sejdeme ve \u0161kole.<\/p>\n<p>Za\u010dneme dal\u0161\u00ed t\u00e9ma: Ro\u010dn\u00ed obdob\u00ed, m\u011bs\u00edce<\/p>\n<p>Nau\u010d se p\u0159\u00edslu\u0161nou slovn\u00ed z\u00e1sobu ze slovn\u00edku v pracovn\u00edm se\u0161it\u011b a pak vypracuj cv. 12, 13 a 14 na str. 62 takt\u00e9\u017e v pracovn\u00edm se\u0161it\u011b.<\/p>\n<p>\u00dater\u00fd:<\/p>\n<p>Pracovn\u00ed list: <a href=\"http:\/\/zszubri.cz\/wp-content\/uploads\/2020\/03\/20200316_095731.jpg\">http:\/\/zszubri.cz\/wp-content\/uploads\/2020\/03\/20200316_095731.jpg<\/a><\/p>\n","protected":false},"excerpt":{"rendered":"","protected":false},"author":3,"featured_media":0,"comment_status":"closed","ping_status":"closed","sticky":false,"template":"","format":"standard","meta":{"ngg_post_thumbnail":0,"footnotes":""},"categories":[90],"tags":[],"acf":[],"_links":{"self":[{"href":"https:\/\/www.zszubri.cz\/index.php?rest_route=\/wp\/v2\/posts\/11093"}],"collection":[{"href":"https:\/\/www.zszubri.cz\/index.php?rest_route=\/wp\/v2\/posts"}],"about":[{"href":"https:\/\/www.zszubri.cz\/index.php?rest_route=\/wp\/v2\/types\/post"}],"author":[{"embeddable":true,"href":"https:\/\/www.zszubri.cz\/index.php?rest_route=\/wp\/v2\/users\/3"}],"replies":[{"embeddable":true,"href":"https:\/\/www.zszubri.cz\/index.php?rest_route=%2Fwp%2Fv2%2Fcomments&post=11093"}],"version-history":[{"count":10,"href":"https:\/\/www.zszubri.cz\/index.php?rest_route=\/wp\/v2\/posts\/11093\/revisions"}],"predecessor-version":[{"id":16580,"href":"https:\/\/www.zszubri.cz\/index.php?rest_route=\/wp\/v2\/posts\/11093\/revisions\/16580"}],"wp:attachment":[{"href":"https:\/\/www.zszubri.cz\/index.php?rest_route=%2Fwp%2Fv2%2Fmedia&parent=11093"}],"wp:term":[{"taxonomy":"category","embeddable":true,"href":"https:\/\/www.zszubri.cz\/index.php?rest_route=%2Fwp%2Fv2%2Fcategories&post=11093"},{"taxonomy":"post_tag","embeddable":true,"href":"https:\/\/www.zszubri.cz\/index.php?rest_route=%2Fwp%2Fv2%2Ftags&post=11093"}],"curies":[{"name":"wp","href":"https:\/\/api.w.org\/{rel}","templated":true}]}}