{"id":11510,"date":"2020-03-29T21:14:42","date_gmt":"2020-03-29T19:14:42","guid":{"rendered":"https:\/\/www.zszubri.cz\/?p=11510"},"modified":"2020-06-01T20:16:14","modified_gmt":"2020-06-01T18:16:14","slug":"voz-6-a6-b-hrstka-archiv","status":"publish","type":"post","link":"https:\/\/www.zszubri.cz\/?p=11510","title":{"rendered":"VOZ &#8211; 6.A,6.B &#8211; HRSTKA &#8211; ARCHIV"},"content":{"rendered":"<div class=\"pdfprnt-buttons pdfprnt-buttons-post pdfprnt-top-right\"><a href=\"https:\/\/www.zszubri.cz\/index.php?rest_route=wpv2posts11510&print=print\" class=\"pdfprnt-button pdfprnt-button-print\" target=\"_blank\"><img src=\"https:\/\/www.zszubri.cz\/wp-content\/plugins\/pdf-print\/images\/print.png\" alt=\"image_print\" title=\"Print Content\" \/><\/a><\/div>\n<ol>\n<li style=\"text-align: left\"><span style=\"background-color: #ffcc99\">T\u00ddDEN VZD\u00c1LEN\u00c9 V\u00ddUKY &#8211; VOZ<\/span><\/li>\n<\/ol>\n<p align=\"justify\"><a href=\"http:\/\/www.zszubri.cz\/wp-content\/uploads\/2020\/03\/INFORMACE-K-V\u00ddUCE.docx\">INFORMACE K V\u00ddUCE<\/a><\/p>\n<p align=\"justify\"><span style=\"background-color: #ffcc99\">2. T\u00ddDEN VZD\u00c1LEN\u00c9 V\u00ddUKY &#8211; VOZ<\/span><\/p>\n<p align=\"justify\"><span style=\"font-family: Calibri, sans-serif\"><span style=\"font-size: medium\">Ne\u017e se dozv\u00edte, co n\u00e1s d\u00e1le \u010dek\u00e1 ve V\u00fdchov\u011b k ob\u010danstv\u00ed, m\u00e1m pro V\u00e1s up\u0159esn\u011bn\u00ed n\u011bkter\u00fdch informac\u00ed, o kter\u00fdch jsem V\u00e1m psal minul\u00fd t\u00fdden. Jestli sledujete na\u0159\u00edzen\u00ed, kter\u00e9 vyd\u00e1v\u00e1 vl\u00e1da ohledn\u011b \u0161kolstv\u00ed, tak v\u00edte, \u017ee do Velikonoc se ur\u010dit\u011b ve \u0161kole nepotk\u00e1me. Co to pro V\u00e1s znamen\u00e1. N\u011bkter\u00e9 \u00fakoly, kter\u00e9 V\u00e1m budu zad\u00e1vat mi budete pos\u00edlat na \u0161koln\u00ed email, kter\u00fd V\u00e1m nap\u00ed\u0161u. Dal\u0161\u00ed d\u016fle\u017eit\u00e1 v\u011bc, v\u0161echny dal\u0161\u00ed hodiny pro dom\u00e1c\u00ed studium V\u00e1m budu zas\u00edlat pod t\u00edmto n\u00e1zvem, VOZ &#8211; 6.A,6.B &#8211; HRSTKA, pouze budu tento p\u0159\u00edsp\u011bvek 1 t\u00fddn\u011b dopl\u0148ovat a aktualizovat.<\/span><\/span><\/p>\n<p align=\"justify\"><span style=\"font-family: Liberation Serif, Times New Roman, serif\"><span style=\"font-size: medium\"><span style=\"font-family: Calibri, sans-serif\">V\u011b\u0159\u00edm, \u017ee jste v\u0161ichni napsali \u00favahu na t\u00e9ma pravidla proti Koronaviru a poru\u0161ov\u00e1n\u00ed t\u011bchto pravidel, kter\u00e9 jsem V\u00e1m zadal minul\u00fd t\u00fdden. Va\u0161i \u00favahu p\u0159epi\u0161te ze se\u0161itu nejl\u00e9pe do form\u00e1tu Word nebo jin\u00e9ho form\u00e1tu, kter\u00fd pou\u017e\u00edv\u00e1te a po\u0161lete mi \u00favahu do konce t\u00fddne (29.3.2020) na m\u016fj \u0161koln\u00ed email: hrstkazubri@seznam.cz<\/span><\/span><\/span><\/p>\n<p class=\"western\">Je p\u0159ed n\u00e1mi dal\u0161\u00ed kapitolka a to:<\/p>\n<p class=\"western\" align=\"center\"><span style=\"font-size: large\">Z\u00c1KLADN\u00cd LIDSK\u00c1 PR\u00c1VA<\/span><\/p>\n<p class=\"western\" align=\"justify\">&#8211; Va\u0161im \u00fakolem je:<\/p>\n<p class=\"western\" align=\"justify\">&#8211; 1. p\u0159e\u010d\u00edst \u017elut\u00fd odstavec pod nadpisem PRAVIDLA POM\u00c1HAJ\u00cd CHR\u00c1NIT (str.38)<\/p>\n<p class=\"western\" align=\"justify\">&#8211; 2. napsat do se\u0161itu nadpis: Z\u00c1KLADN\u00cd LIDSK\u00c1 PR\u00c1VA<\/p>\n<p class=\"western\" align=\"justify\">&#8211; 3. odpov\u011bd\u011bt na ot\u00e1zku pod odstavcem (sova 1), napsat do se\u0161itu odpov\u011b\u010f pod nadpisem Z\u00c1KLADN\u00cd LIDSK\u00c1 PR\u00c1VA<\/p>\n<p class=\"western\" align=\"justify\">&#8211; 4. p\u0159e\u010d\u00edst v u\u010debnici, co jsou lidsk\u00e1 pr\u00e1va pod nadpisem LIDSK\u00c1 PR\u00c1VA (str. 38) po sovu 2<\/p>\n<p><span style=\"color: #333333;background-color: #ffcc99\"><strong>3. T\u00ddDEN VZD\u00c1LEN\u00c9 V\u00ddUKY \u2013 VOZ<\/strong><\/span><\/p>\n<p>\u017d\u00e1ci, kte\u0159\u00ed mi poslali \u00favahu,\u00a0 dostanou b\u011bhem p\u0159\u00ed\u0161t\u00edho t\u00fddne odpov\u011b\u010f s hodnocen\u00edm pomoc\u00ed na\u0161eho t\u0159\u00eddn\u00edho talismana \ud83d\ude42<\/p>\n<p>&#8211; Pokra\u010dov\u00e1n\u00ed v kapitole Z\u00e1kladn\u00ed lidsk\u00e1 pr\u00e1va<\/p>\n<p>&#8211; 1. \u00fakol: pod\u00edvejte se na video &#8211; odkaz n\u00ed\u017ee<\/p>\n<p><a href=\"https:\/\/www.youtube.com\/watch?v=7grKQFco0N4&amp;list=PLb396QL1MEz28Lw57RwOXm9cGOu_v49RQ&amp;index=4\">https:\/\/www.youtube.com\/watch?v=7grKQFco0N4&amp;list=PLb396QL1MEz28Lw57RwOXm9cGOu_v49RQ&amp;index=4<\/a><\/p>\n<p>Z videa jste se dozv\u011bd\u011bli n\u00e1zory ur\u010dit\u00fdch lidi na t\u00e9ma Z\u00e1kladn\u00ed lidsk\u00e1 pr\u00e1va.<\/p>\n<p>&#8211; 2. \u00fakol: odpov\u011bdi na ot\u00e1zky pomoc\u00ed videa z youtube<\/p>\n<p>N\u00e1vod k\u00a0videu a odpov\u011bd\u00edm:<\/p>\n<p>Video z youtube se nach\u00e1z\u00ed pod n\u00e1vodem. Ot\u00e1zky jsou se\u0159azen\u00e9 postupn\u011b, jak jdou ve videu. Doporu\u010den\u00ed: kdy\u017e se dozv\u00edte odpov\u011b\u010f z videa na ot\u00e1zku, video si pozastavte, napi\u0161te odpov\u011b\u010f do se\u0161itu a pokra\u010dujte ve sledov\u00e1n\u00ed videa. Takhle se dostanete a\u017e na konec videa a t\u00edm, k posledn\u00ed ot\u00e1zce. Odpov\u011bdi p\u0159epi\u0161te op\u011bt do V\u00e1mi pou\u017e\u00edvan\u00e9ho programu Word, nebo jin\u00e9ho programu, kter\u00fd pou\u017e\u00edv\u00e1te a ulo\u017ete, jak jsme si \u0159\u00edkali minule (jm\u00e9no a t\u0159\u00edda, nap\u0159. Martin Hrstka \u2013 6.A\/6.B) a za\u0161lete mi dokument na \u0161koln\u00ed email: <a href=\"mailto:hrstkazubri@seznam.cz\">hrstkazubri@seznam.cz<\/a> do 5. dubna 2020.<\/p>\n<p><a href=\"https:\/\/www.youtube.com\/watch?v=EID8-Zkr9ic\">https:\/\/www.youtube.com\/watch?v=EID8-Zkr9ic<\/a><\/p>\n<ol>\n<li>Kdy byla p\u0159ijata V\u0161eobecn\u00e1 deklarace lidsk\u00fdch pr\u00e1v?<\/li>\n<li>Jak z\u00edsk\u00e1v\u00e1me lidsk\u00e1 pr\u00e1va?<\/li>\n<li>Na koho se vztahuj\u00ed lidsk\u00e1 pr\u00e1va?<\/li>\n<li>Jak se naz\u00fdvaj\u00ed dva mezin\u00e1rodn\u00ed pakty, kter\u00e9 p\u0159ijala OSN v roce 1966?<\/li>\n<li>Napi\u0161 3 dimenze (generace) do kter\u00fdch jsou rozd\u011blov\u00e1ny lidsk\u00e1 pr\u00e1va.<\/li>\n<li>Kdo je zodpov\u011bdn\u00fd za napl\u0148ov\u00e1n\u00ed a dodr\u017eov\u00e1n\u00ed lidsk\u00fdch pr\u00e1v?<\/li>\n<li>Jak se jmenuje \u00fast\u0159edn\u00ed org\u00e1n OSN?<\/li>\n<li>V jak\u00e9m m\u011bst\u011b s\u00eddl\u00ed Mezin\u00e1rodn\u00ed trestn\u00ed soud a v kter\u00e9m roce byl zalo\u017een?<\/li>\n<li>Napi\u0161 region\u00e1ln\u00ed lidskopr\u00e1vn\u00ed dohody a organizace.<\/li>\n<li>Napi\u0161 dva sporn\u00e9 body t\u00fdkaj\u00edc\u00ed se lidsk\u00fdch pr\u00e1v<\/li>\n<\/ol>\n<p><span style=\"color: #333333;background-color: #ffcc99\"><strong>4. T\u00ddDEN VZD\u00c1LEN\u00c9 V\u00ddUKY \u2013 VOZ<\/strong><\/span><\/p>\n<ol>\n<li>\u00fakol: vlastn\u00edmi slovy napi\u0161te do se\u0161itu, co si p\u0159edstavujete pod pojmem lidsk\u00e1 pr\u00e1va (pokud V\u00e1s nic nenapad\u00e1, spolupracujte s internetem)<\/li>\n<li>\u00fakol: ud\u011blat z\u00e1pis do se\u0161itu &#8211; opsat text z modr\u00e9ho r\u00e1me\u010dku (str.39 )- Z\u00e1kladn\u00ed lidsk\u00e1 pr\u00e1va jsou&#8230;<\/li>\n<\/ol>\n<p align=\"justify\">Pos\u00edl\u00e1m V\u00e1m odpov\u011bdi k \u00fakolu z minul\u00e9ho t\u00fddne, kter\u00fd jste mi pos\u00edlali.\u00a0<\/p>\n<p class=\"western\" align=\"justify\"><span style=\"font-family: Calibri, serif\">1. Kdy byla p\u0159ijata V\u0161eobecn\u00e1 deklarace lidsk\u00fdch pr\u00e1v? &#8211; 10.prosince 1948<\/span><\/p>\n<p class=\"western\" align=\"justify\"><span style=\"font-family: Calibri, serif\">2. Jak z\u00edsk\u00e1v\u00e1me lidsk\u00e1 pr\u00e1va? &#8211; narozen\u00edm<\/span><\/p>\n<p class=\"western\" align=\"justify\"><span style=\"font-family: Calibri, serif\">3. Na koho se vztahuj\u00ed lidsk\u00e1 pr\u00e1va? &#8211; na ka\u017ed\u00e9ho, v\u0161ude na sv\u011bt\u011b, bez v\u00fdjimky<\/span><\/p>\n<p class=\"western\" align=\"justify\"><span style=\"font-family: Calibri, serif\">4. Jak se naz\u00fdvaj\u00ed dva mezin\u00e1rodn\u00ed pakty, kter\u00e9 p\u0159ijala OSN v roce 1966? &#8211; 1. o ob\u010dansk\u00fdch a mezin\u00e1rodn\u00edch pr\u00e1vech, 2. o soci\u00e1ln\u00edch a kulturn\u00edch pr\u00e1vech<\/span><\/p>\n<p class=\"western\" align=\"justify\"><span style=\"font-family: Calibri, serif\">5. Napi\u0161 3 dimenze (generace) do kter\u00fdch jsou rozd\u011blov\u00e1ny lidsk\u00e1 pr\u00e1va. &#8211; 1. politick\u00e1 a ob\u010dansk\u00e1, 2. ekonomick\u00e1, soci\u00e1ln\u00ed a kulturn\u00ed, 3. pr\u00e1v skupin<\/span><\/p>\n<p class=\"western\" align=\"justify\"><span style=\"font-family: Calibri, serif\">6. Kdo je zodpov\u011bdn\u00fd za napl\u0148ov\u00e1n\u00ed a dodr\u017eov\u00e1n\u00ed lidsk\u00fdch pr\u00e1v? &#8211; st\u00e1ty<\/span><\/p>\n<p class=\"western\" align=\"justify\"><span style=\"font-family: Calibri, serif\">7. Jak se jmenuje \u00fast\u0159edn\u00ed org\u00e1n OSN? &#8211; Rada pro lidsk\u00e1 pr\u00e1va<\/span><\/p>\n<p class=\"western\" align=\"justify\"><span style=\"font-family: Calibri, serif\">8. V jak\u00e9m m\u011bst\u011b s\u00eddl\u00ed Mezin\u00e1rodn\u00ed trestn\u00ed soud a v kter\u00e9m roce byl zalo\u017een?-v Haagu,roku 1998<\/span><\/p>\n<p class=\"western\" align=\"justify\"><span style=\"font-family: Calibri, serif\">9. Napi\u0161 alespo\u0148 1 region\u00e1ln\u00ed lidskopr\u00e1vn\u00ed dohodu \u010di organizaci. &#8211; Evropsk\u00e1 \u00famluva o lidsk\u00fdch pr\u00e1vech, Evropsk\u00fd soud pro lidsk\u00e1 pr\u00e1va ve \u0160trasburku, Africk\u00e1 charta lidsk\u00fdch pr\u00e1v a pr\u00e1v n\u00e1rod\u016f, Americk\u00e1 \u00famluva o lidsk\u00fdch pr\u00e1vech<\/span><\/p>\n<p class=\"western\" align=\"justify\"><span style=\"font-family: Calibri, serif\">10. Napi\u0161 alespo\u0148 1 sporn\u00fd bod t\u00fdkaj\u00edc\u00ed se lidsk\u00fdch pr\u00e1v. &#8211; 1. univerzalita lidsk\u00fdch pr\u00e1v, 2. z\u00e1minky pro vojenskou intervenci do jin\u00fdch zem\u00ed<\/span><\/p>\n<p>To\u0165 pro tento t\u00fdden v\u0161e.<\/p>\n<p><span style=\"color: #333333;background-color: #ffcc99\"><strong>5. T\u00ddDEN VZD\u00c1LEN\u00c9 V\u00ddUKY \u2013 VOZ<\/strong><\/span><\/p>\n<p>1.\u00fakol: p\u0159e\u010d\u00edst na str. 39 \u010dl\u00e1nek o d\u011btsk\u00fdch pr\u00e1vech ( po sovu 3) a d\u00e1le na konci str\u00e1nky, odstavec (modr\u00e9 Z).<\/p>\n<p>2.\u00fakol:pod\u00edvat se na video z youtube<\/p>\n<p class=\"western\" style=\"text-align: left\" align=\"left\"><span style=\"color: #000080\"><span lang=\"zxx\"><u><a href=\"https:\/\/www.youtube.com\/watch?v=M3zxrvvwPRA\">https:\/\/www.youtube.com\/watch?v=M3zxrvvwPRA<\/a><\/u><\/span><\/span><\/p>\n<p class=\"western\" style=\"text-align: left\" align=\"left\"><u><\/u><span style=\"color: #333333;background-color: #ffcc99\"><strong>6. T\u00ddDEN VZD\u00c1LEN\u00c9 V\u00ddUKY \u2013 VOZ<\/strong><\/span><\/p>\n<p style=\"text-align: left\" align=\"left\"><span style=\"font-family: Times New Roman, serif\"><span style=\"font-size: medium\">1. \u00fakol: &#8211; p\u0159e\u010d\u00edst text v u\u010debnici od str. 40 (3. Kdy\u017e se pravidla nerespektuj\u00ed) po str. 42 (modr\u00fd odstavec na str.42)<\/span><\/span><\/p>\n<p style=\"text-align: left\" align=\"left\"><span style=\"font-family: Times New Roman, serif\"><span style=\"font-size: medium\">&#8211; \u017e\u00e1dn\u00fd \u00fakol nevypracov\u00e1vejte, kter\u00fd je napsan\u00fd na zadan\u00fdch str\u00e1nk\u00e1ch; jde pouze o sezn\u00e1men\u00ed se s dan\u00fdm u\u010divem<\/span><\/span><\/p>\n<p><span style=\"color: #333333;background-color: #ffcc99\"><strong>7. T\u00ddDEN VZD\u00c1LEN\u00c9 V\u00ddUKY \u2013 VOZ<\/strong><\/span><\/p>\n<p align=\"left\"><span style=\"font-family: Times New Roman, serif\"><span style=\"font-size: large\">1.\u00fakol: &#8211; napsat do se\u0161itu nadpis D\u011aTSK\u00c1 PR\u00c1VA, opsat text ze \u017elut\u00e9ho r\u00e1me\u010dku na str. 39 (\u010cty\u0159i z\u00e1kladn\u00ed pr\u00e1va d\u00edt\u011bte)<\/span><\/span><\/p>\n<p align=\"left\"><span style=\"font-family: Times New Roman, serif\"><span style=\"font-size: large\">2.\u00fakol: &#8211; napsat do se\u0161itu nadpis \u0160IKANA, opsat text z modr\u00e9ho r\u00e1me\u010dku na str.42 (Jedn\u00e1n\u00ed, kter\u00e9 \u00famysln\u011b\u2026)<\/span><\/span><\/p>\n<p><span style=\"color: #333333;background-color: #ffcc99\"><strong>8. T\u00ddDEN VZD\u00c1LEN\u00c9 V\u00ddUKY \u2013 VOZ<\/strong><\/span><\/p>\n<ol>\n<li>\u00dakol: &#8211; vypracovat pracovn\u00ed list z\u00a0u\u010debnice na str. 43 (odpov\u011bd\u011bt na cvi\u010den\u00ed \u010d\u00edslo1, 3, 4 a 5)<\/li>\n<\/ol>\n<p>\u00a0\u00a0\u00a0\u00a0\u00a0\u00a0\u00a0\u00a0\u00a0\u00a0\u00a0\u00a0\u00a0 &#8211; v\u00a0jak\u00e9mkoli programu (word, powerpoint atd.) vytvo\u0159it odpov\u011bdi \u010di p\u0159i\u0159adit spr\u00e1vn\u00e9 tvrzen\u00ed k\u00a0jednotliv\u00fdm mo\u017enostem)<\/p>\n<p>\u00a0\u00a0\u00a0\u00a0\u00a0\u00a0\u00a0\u00a0\u00a0\u00a0\u00a0\u00a0\u00a0 &#8211; n\u00e1vod: 1. cvi\u010den\u00ed: kamar\u00e1dsk\u00e9 jednan\u00ed: &#8211; vypsat z\u00a0nab\u00eddky pojm\u016f<\/p>\n<p>\u00a0\u00a0\u00a0\u00a0\u00a0\u00a0\u00a0\u00a0\u00a0\u00a0\u00a0\u00a0\u00a0\u00a0\u00a0\u00a0\u00a0\u00a0\u00a0\u00a0\u00a0\u00a0\u00a0\u00a0\u00a0\u00a0\u00a0\u00a0\u00a0\u00a0\u00a0\u00a0\u00a0\u00a0\u00a0\u00a0\u00a0\u00a0 \u00a0\u00a0\u00a0\u00a0\u00a0\u00a0\u00a0nekamar\u00e1dsk\u00e9 jedn\u00e1n\u00ed: &#8211; vypsat z\u00a0nab\u00eddky pojm\u016f<\/p>\n<ol start=\"3\">\n<li>cvi\u010den\u00ed: p\u0159eskupit slabiky tak, aby d\u00e1val pojem smysl (v\u0161echny pojmy jsou v\u00a0u\u010debnici dan\u00e9ho t\u00e9matu)<\/li>\n<li>cvi\u010den\u00ed: &#8211; pod\u00edvat se v\u00a0u\u010debnici na str. 39 (\u017elut\u00fd r\u00e1me\u010dek \u2013 \u010cty\u0159i z\u00e1kladn\u00ed pr\u00e1va d\u00edt\u011bte) a podle toho p\u0159i\u0159adit nap\u0159. Pr\u00e1vo na \u017eivot \u2013 b; atd.<\/li>\n<li>cvi\u010den\u00ed: &#8211; Linka bezpe\u010d\u00ed &#8211; \u010d\u00edslo<\/li>\n<\/ol>\n<p>Vypracovan\u00fd \u00fakol mi pos\u00edlejte na V\u00e1mi zn\u00e1m\u00fd email <a href=\"mailto:hrstkazubri@seznam.cz\">hrstkazubri@seznam.cz<\/a> do <strong>11.5.2020<\/strong>.<\/p>\n<p><span style=\"color: #333333;background-color: #ffcc99\"><strong>9. T\u00ddDEN VZD\u00c1LEN\u00c9 V\u00ddUKY \u2013 VOZ<\/strong><\/span><\/p>\n<p class=\"western\" align=\"left\"><span style=\"font-family: Times New Roman, serif\"><span style=\"font-size: medium\">1. \u00fakol: &#8211; p\u0159e\u010d\u00edst v u\u010debnici text na str. 44 (pod n\u00e1zvem DOMOV, Domov je pro ka\u017ed\u00e9ho\u2026)<\/span><\/span><\/p>\n<p class=\"western\" align=\"left\"><span style=\"font-family: Times New Roman, serif\"><span style=\"font-size: medium\">2. \u00fakol: &#8211; do se\u0161itu napi\u0161 nebo nakresli, co si p\u0159edstavuje\u0161 pod pojmem DOMOV<\/span><\/span><\/p>\n<p><span style=\"color: #333333;background-color: #ffcc99\"><strong>10. T\u00ddDEN VZD\u00c1LEN\u00c9 V\u00ddUKY \u2013 VOZ<\/strong><\/span><\/p>\n<ol>\n<li>\u00fakol: &#8211; p\u0159e\u010d\u00edst \u017elut\u00fd odstavec na str. 45<\/li>\n<\/ol>\n<p>\u00a0 \u00a0 \u00a0 \u00a0 \u00a0 \u00a0 \u00a0 \u00a0 \u00a0 \u00a0&#8211; p\u0159e\u010d\u00edst text na str. 45 pod nadpisem OBEC po sovu 2<\/p>\n<p>P\u0159\u00ed\u0161t\u011b se dozv\u00edme n\u011bco v\u00edc o na\u0161\u00ed obci.<\/p>\n<p><span style=\"color: #333333;background-color: #ffcc99\"><strong>11. T\u00ddDEN VZD\u00c1LEN\u00c9 V\u00ddUKY \u2013 VOZ<\/strong><\/span><\/p>\n<ol>\n<li>\u00fakol: &#8211; n\u00ed\u017ee pos\u00edl\u00e1m 6 ot\u00e1zek k na\u0161\u00ed obci Zub\u0159\u00ed. Va\u0161im \u00fakolem je vyhledat odpov\u011bdi, a\u0165 u\u017e na internetu nebo v knize o Zub\u0159\u00ed. Va\u0161e odpov\u011bdi mi po\u0161lete na email <a href=\"mailto:hrstkazubri@seznam.cz\">hrstkazubri@seznam.cz<\/a> do <strong>1.6.2020<\/strong>.<\/li>\n<\/ol>\n<p>\u00a0<\/p>\n<ol>\n<li>ot\u00e1zka: po\u010det obyvatel?<\/li>\n<li>ot\u00e1zka: rozloha<\/li>\n<li>ot\u00e1zka: po\u0161tovn\u00ed sm\u011brovac\u00ed \u010d\u00edslo (PS\u010c)?<\/li>\n<li>ot\u00e1zka: Jm\u00e9no starosty m\u011bsta Zub\u0159\u00ed?<\/li>\n<li>ot\u00e1zka: Jak\u00e9 zv\u00ed\u0159e m\u00e1 m\u011bsto Zub\u0159\u00ed ve znaku?<\/li>\n<li>ot\u00e1zka: Kdy vznikly prvn\u00ed p\u00edsemn\u00e9 zm\u00ednky o vzniku vesnice Zub\u0159\u00ed?<\/li>\n<\/ol>\n","protected":false},"excerpt":{"rendered":"","protected":false},"author":3,"featured_media":0,"comment_status":"closed","ping_status":"closed","sticky":false,"template":"","format":"standard","meta":{"ngg_post_thumbnail":0,"footnotes":""},"categories":[90],"tags":[],"acf":[],"_links":{"self":[{"href":"https:\/\/www.zszubri.cz\/index.php?rest_route=\/wp\/v2\/posts\/11510"}],"collection":[{"href":"https:\/\/www.zszubri.cz\/index.php?rest_route=\/wp\/v2\/posts"}],"about":[{"href":"https:\/\/www.zszubri.cz\/index.php?rest_route=\/wp\/v2\/types\/post"}],"author":[{"embeddable":true,"href":"https:\/\/www.zszubri.cz\/index.php?rest_route=\/wp\/v2\/users\/3"}],"replies":[{"embeddable":true,"href":"https:\/\/www.zszubri.cz\/index.php?rest_route=%2Fwp%2Fv2%2Fcomments&post=11510"}],"version-history":[{"count":13,"href":"https:\/\/www.zszubri.cz\/index.php?rest_route=\/wp\/v2\/posts\/11510\/revisions"}],"predecessor-version":[{"id":16992,"href":"https:\/\/www.zszubri.cz\/index.php?rest_route=\/wp\/v2\/posts\/11510\/revisions\/16992"}],"wp:attachment":[{"href":"https:\/\/www.zszubri.cz\/index.php?rest_route=%2Fwp%2Fv2%2Fmedia&parent=11510"}],"wp:term":[{"taxonomy":"category","embeddable":true,"href":"https:\/\/www.zszubri.cz\/index.php?rest_route=%2Fwp%2Fv2%2Fcategories&post=11510"},{"taxonomy":"post_tag","embeddable":true,"href":"https:\/\/www.zszubri.cz\/index.php?rest_route=%2Fwp%2Fv2%2Ftags&post=11510"}],"curies":[{"name":"wp","href":"https:\/\/api.w.org\/{rel}","templated":true}]}}