{"id":11634,"date":"2020-03-30T09:02:50","date_gmt":"2020-03-30T07:02:50","guid":{"rendered":"https:\/\/www.zszubri.cz\/?p=11634"},"modified":"2020-06-15T09:41:37","modified_gmt":"2020-06-15T07:41:37","slug":"zemepis-8-ab-randysek-archiv","status":"publish","type":"post","link":"https:\/\/www.zszubri.cz\/?p=11634","title":{"rendered":"Zem\u011bpis 8.AB &#8211; Rand\u00fdsek &#8211; arch\u00edv"},"content":{"rendered":"<div class=\"pdfprnt-buttons pdfprnt-buttons-post pdfprnt-top-right\"><a href=\"https:\/\/www.zszubri.cz\/index.php?rest_route=wpv2posts11634&print=print\" class=\"pdfprnt-button pdfprnt-button-print\" target=\"_blank\"><img src=\"https:\/\/www.zszubri.cz\/wp-content\/plugins\/pdf-print\/images\/print.png\" alt=\"image_print\" title=\"Print Content\" \/><\/a><\/div>\n<p>Pr\u00e1ce na 8.-12.6.2020<\/p>\n<p>u\u010divo &#8211; <strong>RUSKO II. ( zem\u011bd\u011blstv\u00ed, ner. suroviny, pr\u016fmysl, doprava,&#8230;)<\/strong><\/p>\n<p>u\u010debnice str. 31-32, atlas str. 78-79, 82-83, 88-89<\/p>\n<p>Z\u00e1pis &#8211; <a href=\"http:\/\/www.zszubri.cz\/wp-content\/uploads\/2020\/03\/Rusko-II..doc\">Rusko II.<\/a><\/p>\n<p>Pr\u00e1ce na 1.6-5.62020<\/p>\n<p>u\u010divo &#8211; <strong>RUSKO (p\u0159\u00edrodn\u00ed pom\u011bry, obyvatelstvo)<\/strong><\/p>\n<p>U\u010d. str. 30.-31 (bez Zem\u011bd\u011blstv\u00ed)<\/p>\n<p>atlas str. 82-83, 84-85<\/p>\n<p>Z\u00e1pis &#8211;<a href=\"http:\/\/www.zszubri.cz\/wp-content\/uploads\/2020\/03\/Rusko.doc\">Rusko<\/a><\/p>\n<p>Pr\u00e1ce na 25.-29.5.2020<\/p>\n<p>u\u010divo &#8211; <strong>MOLDAVSKO<\/strong><\/p>\n<p>U\u010d. str.34, Atlas str.78-79<\/p>\n<p>Z\u00e1pis &#8211; <a href=\"http:\/\/www.zszubri.cz\/wp-content\/uploads\/2020\/03\/UkrajinaMoldavsko.doc\">Ukrajina+Moldavsko<\/a><\/p>\n<p>Shl\u00e9dni video Archiv \u010cT, Objektiv, Moldavsko, Zem\u011bd\u011blstv\u00ed<\/p>\n<p>Pr\u00e1ce na 18.-22.5.2020<\/p>\n<p>u\u010divo &#8211; <strong>UKRAJINA<\/strong><\/p>\n<p>U\u010d. str. 32-33, atlas str. 78-79<\/p>\n<p>Z\u00e1pis &#8211;<a href=\"http:\/\/www.zszubri.cz\/wp-content\/uploads\/2020\/03\/UKRAJINA.docx\">UKRAJINA<\/a><\/p>\n<p>Shl\u00e9dni video Archiv \u010cT, Objektiv, Ukrajina, \u010cernobyl<\/p>\n<p>Pr\u00e1ce 11.-15.5. 2020<\/p>\n<p>u\u010divo &#8211; <strong>V\u00fdchodn\u00ed Evropa &#8211; B\u011blorusko<\/strong><\/p>\n<p>u\u010debnice str.34 , p\u0159epi\u0161 a dopl\u0148 z\u00e1pis <a href=\"http:\/\/www.zszubri.cz\/wp-content\/uploads\/2020\/03\/B\u011aLORUSKO.doc\">B\u011aLORUSKO<\/a>.<\/p>\n<p>Pod\u00edvej se na video <a href=\"https:\/\/www.youtube.com\/watch?v=f2tFH74HHJ0\">YOUTUBE \u00a0<\/a><\/p>\n<p>(nebo jin\u00fd sn\u00edmek o tomto nejv\u011bt\u0161\u00edm n\u00e1kladn\u00edm automobilu sv\u011bta)<\/p>\n<p><a href=\"https:\/\/forms.office.com\/Pages\/ResponsePage.aspx?id=63qawy3bEUWt0NnFCF7JKglRlT-FCexLsfmMT6VPnJlUMU8yM1c3ME1QOTJNNTgyQ0VXUEhNVFJMVi4u\">ZDE<\/a> je sl\u00edben\u00fd test z JV Evropy. Otev\u0159\u00edt, vypracovat a odeslat lze pouze v <strong>p\u00e1tek 15.5.2020 od 11:30h<\/strong><\/p>\n<p>Pr\u00e1ce 20.-24.4.2020<\/p>\n<p>u\u010divo &#8211; <strong>JV Evropa &#8211; \u010cern\u00e1 Hora, Severn\u00ed Makedonie, Kosovo, Alb\u00e1nie<\/strong><\/p>\n<p>u\u010debnice str. 54-56 -p\u0159e\u010dti a napi\u0161 z\u00e1pis ZDE <a href=\"http:\/\/www.zszubri.cz\/wp-content\/uploads\/2020\/03\/\u010cERN\u00c1-HORA-a-spol..docx\">\u010cERN\u00c1 HORA a spol.<\/a><\/p>\n<p>Pod\u00edvej se na archiv \u010cT , po\u0159ad <strong>Objektiv<\/strong> &#8211; Makedonie (Ochrid)<\/p>\n<p>Pr\u00e1ce 14.-17.4.2020<\/p>\n<p>u\u010divo &#8211; <strong>JV Evropa &#8211; Bosna a Hercegovina<\/strong><\/p>\n<p>u\u010debnice str.54 &#8211; p\u0159e\u010dti u\u010divo, p\u0159epi\u0161 a dopl\u0148 z\u00e1pis ZDE <a href=\"http:\/\/www.zszubri.cz\/wp-content\/uploads\/2020\/03\/BOSNA-A-HERCEGOVINA.docx\">BOSNA A HERCEGOVINA<\/a><\/p>\n<p>Pod\u00edvej se na archiv \u010cT , po\u0159ad <strong>Objektiv<\/strong> &#8211; \u00a0Bosna a Hercegovina &#8211; Mostar<\/p>\n<p>Pr\u00e1ce 6.-8.4. 2020<\/p>\n<p>u\u010divo &#8211; <strong>JV Evropa &#8211; Srbsko<\/strong><\/p>\n<p>u\u010debnice str.55 &#8211; p\u0159e\u010dti kapitolku Srbsko, p\u0159epi\u0161 a dopl\u0148 z\u00e1pis <a href=\"http:\/\/www.zszubri.cz\/wp-content\/uploads\/2020\/03\/SRBSKO.docx\">SRBSKO<\/a><\/p>\n<p>Pro zopakov\u00e1n\u00ed u\u010diva o severn\u00ed Evrop\u011b jsem pro v\u00e1s p\u0159ipravil jednoduch\u00fd kv\u00edz. Jeho spu\u0161t\u011bn\u00ed bude mo\u017en\u00e9 pouze ve st\u0159edu 8.4.2020 od 10.00 do 11.00h. Doporu\u010den\u00fd \u010das na vypln\u011bn\u00ed kv\u00edzu 8min. Upozor\u0148uji, \u017ee v hodnocen\u00ed bude br\u00e1n z\u0159etel na \u010das, po kter\u00fd budete kv\u00edz vypl\u0148ovat!!!!<\/p>\n<p>KV\u00cdZ\u00a0 <a href=\"https:\/\/forms.office.com\/Pages\/ResponsePage.aspx?id=63qawy3bEUWt0NnFCF7JKglRlT-FCexLsfmMT6VPnJlUQVA1TUxMVllLRTY3N0VPT1dFMThZSkgwNi4u\">ZDE<\/a><\/p>\n<p>AKTU\u00c1LN\u00cd U\u010cIVO 30.3. &#8211; 5.4.2020 ZDE :<\/p>\n<p>u\u010divo: \u00a0<strong>JV Evropa &#8211; Slovinsko, Chorvatsko<\/strong><\/p>\n<p>P\u0159e\u010dti \u00favod u\u010d. str.52, pozornost v\u011bnuj zvl\u00e1\u0161t\u011b posledn\u00edmu odstavci ozna\u010den\u00e9m &#8222;Z&#8220;. Po t\u00e9 p\u0159e\u010dti na str.53 Slovinsko, Chorvatsko a\u00a0 p\u0159epi\u0161\u00a0 a dopl\u0148 z\u00e1pis ZDE &#8211; <a href=\"http:\/\/www.zszubri.cz\/wp-content\/uploads\/2020\/03\/Slovinsko-Chorv..docx\">Slovinsko, Chorv.<\/a><\/p>\n<p>2) pr\u00e1ce 23.-27.3.2020<\/p>\n<p><strong>Alpsk\u00e9 zem\u011b<\/strong><\/p>\n<p>V u\u010debnici str.70-72 p\u0159e\u010dti u\u010divo Alpsk\u00e9 zem\u011b. Do n\u00ed\u017ee uveden\u00e9ho z\u00e1pisu dopl\u0148 vynechan\u00e9 pojmy.<\/p>\n<p>z\u00e1pis: <a href=\"http:\/\/www.zszubri.cz\/wp-content\/uploads\/2020\/03\/Alpsk\u00e9-zem\u011b.doc\">Alpsk\u00e9 zem\u011b<\/a><\/p>\n<p>Vytiskni (nebo p\u0159epi\u0161) a vypl\u0148 p\u0159ilo\u017een\u00fd pracovn\u00ed list: <a href=\"http:\/\/www.zszubri.cz\/wp-content\/uploads\/2020\/03\/Alpsk\u00e9-zem\u011b-k\u0159\u00ed\u017eovka-skr\u00fdva\u010dkaI.pdf\">Alpsk\u00e9 zem\u011b-k\u0159\u00ed\u017eovka +skr\u00fdva\u010dkaI<\/a><\/p>\n<p>Na z\u00e1v\u011br si zopakuj podle u\u010debnice str.76 u\u010divo St\u0159edn\u00ed Evropa<\/p>\n<p>\u00a0<\/p>\n<p>1)pr\u00e1ce 16.-20.3.2020<\/p>\n<p>V u\u010debnici na str. 74-75 p\u0159e\u010dti u\u010divo &#8222;Ma\u010farsko, Slovensko&#8220;. a p\u0159epi\u0161 z\u00e1pis do se\u0161itu(viz odkaz). &#8211; bez Polska (u\u017e je probr\u00e1no)<\/p>\n<p><a href=\"http:\/\/www.zszubri.cz\/wp-content\/uploads\/2020\/03\/Ma\u010farsko.doc\">Ma\u010farsko<\/a><\/p>\n<p><a href=\"http:\/\/www.zszubri.cz\/wp-content\/uploads\/2020\/03\/PolskoSlovensko.doc\">Polsko+Slovensko<\/a><\/p>\n\n\n","protected":false},"excerpt":{"rendered":"","protected":false},"author":3,"featured_media":0,"comment_status":"closed","ping_status":"closed","sticky":false,"template":"","format":"standard","meta":{"ngg_post_thumbnail":0,"footnotes":""},"categories":[90],"tags":[],"acf":[],"_links":{"self":[{"href":"https:\/\/www.zszubri.cz\/index.php?rest_route=\/wp\/v2\/posts\/11634"}],"collection":[{"href":"https:\/\/www.zszubri.cz\/index.php?rest_route=\/wp\/v2\/posts"}],"about":[{"href":"https:\/\/www.zszubri.cz\/index.php?rest_route=\/wp\/v2\/types\/post"}],"author":[{"embeddable":true,"href":"https:\/\/www.zszubri.cz\/index.php?rest_route=\/wp\/v2\/users\/3"}],"replies":[{"embeddable":true,"href":"https:\/\/www.zszubri.cz\/index.php?rest_route=%2Fwp%2Fv2%2Fcomments&post=11634"}],"version-history":[{"count":10,"href":"https:\/\/www.zszubri.cz\/index.php?rest_route=\/wp\/v2\/posts\/11634\/revisions"}],"predecessor-version":[{"id":17219,"href":"https:\/\/www.zszubri.cz\/index.php?rest_route=\/wp\/v2\/posts\/11634\/revisions\/17219"}],"wp:attachment":[{"href":"https:\/\/www.zszubri.cz\/index.php?rest_route=%2Fwp%2Fv2%2Fmedia&parent=11634"}],"wp:term":[{"taxonomy":"category","embeddable":true,"href":"https:\/\/www.zszubri.cz\/index.php?rest_route=%2Fwp%2Fv2%2Fcategories&post=11634"},{"taxonomy":"post_tag","embeddable":true,"href":"https:\/\/www.zszubri.cz\/index.php?rest_route=%2Fwp%2Fv2%2Ftags&post=11634"}],"curies":[{"name":"wp","href":"https:\/\/api.w.org\/{rel}","templated":true}]}}