{"id":17028,"date":"2020-06-14T18:00:53","date_gmt":"2020-06-14T16:00:53","guid":{"rendered":"https:\/\/www.zszubri.cz\/?p=17028"},"modified":"2020-06-14T13:54:52","modified_gmt":"2020-06-14T11:54:52","slug":"m-7-b-zetek-2","status":"publish","type":"post","link":"https:\/\/www.zszubri.cz\/?p=17028","title":{"rendered":"M-7.B-Zetek"},"content":{"rendered":"<div class=\"pdfprnt-buttons pdfprnt-buttons-post pdfprnt-top-right\"><a href=\"https:\/\/www.zszubri.cz\/index.php?rest_route=wpv2posts17028&print=print\" class=\"pdfprnt-button pdfprnt-button-print\" target=\"_blank\"><img src=\"https:\/\/www.zszubri.cz\/wp-content\/plugins\/pdf-print\/images\/print.png\" alt=\"image_print\" title=\"Print Content\" \/><\/a><\/div>\n<p>obdob\u00ed 15.6. &#8211; 19.6.<\/p>\n<p>V\u0161echny v\u00e1s zdrav\u00edm .<\/p>\n<p>Je to posledn\u00ed t\u00fdden vzd\u00e1len\u00e9 v\u00fduky , tak to pojmeme trochu jinak.<\/p>\n<p>Na \u00favod n\u011bkolik informac\u00ed<\/p>\n<ol>\n<li><strong>u\u010debnice<\/strong> se odevzd\u00e1vaj\u00ed v<strong> \u00fater\u00fd 23.6. v 10.00 hod !<\/strong>\u00a0Dejte si kn\u00ed\u017eky do po\u0159\u00e1dku. Nech\u00e1v\u00e1te si do p\u0159\u00ed\u0161t\u00edho ro\u010dn\u00edku u\u010debnice AJ a NJ. N\u011bkte\u0159\u00ed ( ti co maj\u00ed ) odevzdaj\u00ed atlas do zem\u011bpisu.\u00a0<\/li>\n<li><strong>vysv\u011bd\u010den\u00ed<\/strong> se vyd\u00e1v\u00e1 v <strong>p\u00e1tek 26.6. v 7.40 hod<\/strong>. Ne d\u0159\u00edv !!! Kdo nem\u00e1 mo\u017enost , vysv\u011bd\u010den\u00ed bude k dispozici v kancel\u00e1\u0159i \u0161koly.<\/li>\n<li>p\u00e1r trochu jin\u00fdch \u00faloh. nejprve p\u00e1r logick\u00fdch(otestujte se trochu , dole je jich dal\u0161\u00edch 10 )- <a href=\"https:\/\/www.seznamzpravy.cz\/clanek\/10-rebusu-a-hlavolamu-pro-karantenu-dnes-mene-poctu-a-vice-logiky-96516?seq_no=4&amp;source=hp&amp;dop_ab_variant=0&amp;dop_source_zone_name=zpravy.sznhp.box&amp;utm_source=www.seznam.cz&amp;utm_medium=z-boxiku&amp;utm_campaign=null\">zde<\/a><\/li>\n<li>\u0159e\u0161en\u00ed detektivn\u00edch p\u0159\u00edpad\u016f &#8211; <a href=\"https:\/\/www.youtube.com\/watch?v=KLpCkTnPrSw\">zde<\/a> ( podobn\u00e9 \u00falohy vpravo )<\/li>\n<li>hledej rozd\u00edly &#8211; <a href=\"https:\/\/www.youtube.com\/watch?v=_tAVfI1R3ho\">zde<\/a> ( podobn\u00e9 \u00falohy vpravo )<\/li>\n<li>D\u011bkuji v\u0161em , kte\u0159\u00ed podle vzd\u00e1len\u00e9 v\u00fduky v matematice pracovali. V\u00edm\u00a0 \u00a0\u017ee \u0159ada z v\u00e1s velmi poctiv\u011b . M\u00e1 pr\u00e1ce t\u00edm p\u00e1dem nebyla zbyte\u010dn\u00e1.\u00a0 \u00a0 L. Zetek<\/li>\n<\/ol>\n","protected":false},"excerpt":{"rendered":"","protected":false},"author":3,"featured_media":0,"comment_status":"closed","ping_status":"closed","sticky":false,"template":"","format":"standard","meta":{"ngg_post_thumbnail":0,"footnotes":""},"categories":[90],"tags":[],"acf":[],"_links":{"self":[{"href":"https:\/\/www.zszubri.cz\/index.php?rest_route=\/wp\/v2\/posts\/17028"}],"collection":[{"href":"https:\/\/www.zszubri.cz\/index.php?rest_route=\/wp\/v2\/posts"}],"about":[{"href":"https:\/\/www.zszubri.cz\/index.php?rest_route=\/wp\/v2\/types\/post"}],"author":[{"embeddable":true,"href":"https:\/\/www.zszubri.cz\/index.php?rest_route=\/wp\/v2\/users\/3"}],"replies":[{"embeddable":true,"href":"https:\/\/www.zszubri.cz\/index.php?rest_route=%2Fwp%2Fv2%2Fcomments&post=17028"}],"version-history":[{"count":5,"href":"https:\/\/www.zszubri.cz\/index.php?rest_route=\/wp\/v2\/posts\/17028\/revisions"}],"predecessor-version":[{"id":17143,"href":"https:\/\/www.zszubri.cz\/index.php?rest_route=\/wp\/v2\/posts\/17028\/revisions\/17143"}],"wp:attachment":[{"href":"https:\/\/www.zszubri.cz\/index.php?rest_route=%2Fwp%2Fv2%2Fmedia&parent=17028"}],"wp:term":[{"taxonomy":"category","embeddable":true,"href":"https:\/\/www.zszubri.cz\/index.php?rest_route=%2Fwp%2Fv2%2Fcategories&post=17028"},{"taxonomy":"post_tag","embeddable":true,"href":"https:\/\/www.zszubri.cz\/index.php?rest_route=%2Fwp%2Fv2%2Ftags&post=17028"}],"curies":[{"name":"wp","href":"https:\/\/api.w.org\/{rel}","templated":true}]}}