{"id":17825,"date":"2020-11-24T22:15:17","date_gmt":"2020-11-24T21:15:17","guid":{"rendered":"https:\/\/www.zszubri.cz\/?p=17825"},"modified":"2020-11-25T16:01:33","modified_gmt":"2020-11-25T15:01:33","slug":"souhrnna-informace-organizace-provozu-skoly-a-vyuky-od-30-11-2020","status":"publish","type":"post","link":"https:\/\/www.zszubri.cz\/?p=17825","title":{"rendered":"SOUHRNN\u00c1 INFORMACE ORGANIZACE PROVOZU \u0160KOLY A V\u00ddUKY OD 30.11.2020"},"content":{"rendered":"<div class=\"pdfprnt-buttons pdfprnt-buttons-post pdfprnt-top-right\"><a href=\"https:\/\/www.zszubri.cz\/index.php?rest_route=wpv2posts17825&print=print\" class=\"pdfprnt-button pdfprnt-button-print\" target=\"_blank\"><img src=\"https:\/\/www.zszubri.cz\/wp-content\/plugins\/pdf-print\/images\/print.png\" alt=\"image_print\" title=\"Print Content\" \/><\/a><\/div>\n<h2>SOUHRNN\u00c1 INFORMACE PRO \u017d\u00c1KY, RODI\u010cE A Z\u00c1KONN\u00c9 Z\u00c1STUPCE<\/h2>\n<h2>Z\u0160 ZUB\u0158\u00cd \u2013 V\u00ddUKA A PROVOZ \u0160KOLY OD 30.11.2020<\/h2>\n<p><strong>1.STUPE\u0147&nbsp; &nbsp;<\/strong><\/p>\n<p>\u017d\u00e1ci 1. \u2013 3. ro\u010dn\u00edku budou p\u0159ich\u00e1zet hlavn\u00edm vchodem a 4. C a 5. ro\u010dn\u00edky p\u016fjdou vchodem zadn\u00edm. 4.A a 4.B budou chodit bo\u010dn\u00edm vchodem do budovy Hlavn\u00ed 70. V\u0161ichni \u017e\u00e1ci budou m\u00edt po celou dobu pobytu ve \u0161kole (v&nbsp;dru\u017ein\u011b, na chodb\u011b, p\u0159i v\u00fduce, o p\u0159est\u00e1vce, ve \u0161koln\u00ed j\u00eddeln\u011b) nasazenou vlastn\u00ed rou\u0161ku a 1 n\u00e1hradn\u00ed rou\u0161ku budou m\u00edt v aktovce.<\/p>\n<p>V\u00fduka na cel\u00e9m 1. stupni prob\u00edh\u00e1 prezen\u010dn\u00ed formou podle pozm\u011bn\u011bn\u00e9ho rozvrhu zde :&nbsp; <a href=\"http:\/\/www.zszubri.cz\/wp-content\/uploads\/2020\/11\/rozvrh-od-30.11.2020.pdf\">rozvrh od 30.11.2020<\/a><br>Odpad\u00e1 v\u00fduka n\u00e1bo\u017eenstv\u00ed, h\u00e1zen\u00e9, gymnastiky, sportovn\u00ed her a v\u0161ech krou\u017ek\u016f p. Ju\u0159\u00ed\u010dkov\u00e9.<br>Ob\u011bdy maj\u00ed v\u0161ichni \u017e\u00e1ci p\u0159ihl\u00e1\u0161en\u00e9.<\/p>\n<hr>\n<p><strong>\u0160KOLN\u00cd DRU\u017dINA<\/strong><\/p>\n<p>Rann\u00ed i odpoledn\u00ed dru\u017eina je ur\u010dena jen pro \u017e\u00e1ky 1. \u2013 3. ro\u010dn\u00edku z&nbsp;d\u016fvodu zachov\u00e1n\u00ed homogenity.<br>Od 6:30 \u2013 zaji\u0161t\u011bn dohled nad \u017e\u00e1ky a\u017e do zah\u00e1jen\u00ed v\u00fduky.<br>Odpoledn\u00ed dru\u017eina bude prob\u00edhat v b\u011b\u017en\u00e9m \u010dase s t\u00edm, \u017ee jsou vytvo\u0159eny homogenn\u00ed skupiny.<\/p>\n<ul>\n<li style=\"list-style-type: none;\">\n<ul>\n<li>I.A \u2013 p. vychovatelka Davidov\u00e1<\/li>\n<li>I.B \u2013 p. vychovatelka Ga\u0161parov\u00e1<\/li>\n<li>II.A \u2013 p. vychovatelka Mgr.Vr\u00e1tn\u00e1<\/li>\n<li>II.B \u2013 p. vychovatelka Kr\u016fpov\u00e1<\/li>\n<li>III.ro\u010d. \u2013 p. asistent pedagoga<\/li>\n<\/ul>\n<\/li>\n<\/ul>\n<hr>\n<p><strong> 2. STUPE\u0147 <\/strong><\/p>\n<p>V\u011bt\u0161ina informac\u00ed bude zve\u0159ejn\u011bna a detailn\u011b up\u0159esn\u011bna zde po porad\u011b 25.11.2020<br>Rozvrhy pro distan\u010dn\u00ed v\u00fduku a prezen\u010dn\u00ed v\u00fduku najdete zde: &nbsp;<a href=\"https:\/\/www.zszubri.cz\/?p=17807\">distan\u010dn\u00ed<\/a> &#8211; <a href=\"https:\/\/www.zszubri.cz\/?p=17809\">prezen\u010dn\u00ed<\/a><br>V\u00fduka u hodin po poledn\u00ed pauze u distan\u010dn\u00ed v\u00fduky je v\u017edy asynchronn\u00ed nebo off-line.<br>V\u00fduka jazyk\u016f a n\u011bkter\u00fdch v\u00fdchov je organiza\u010dn\u011b upravena.<\/p>\n<p><u>Rozd\u011blovn\u00edk v\u00fduky ro\u010dn\u00edk\u016f <\/u><\/p>\n<p>&nbsp;&nbsp;&nbsp;&nbsp;&nbsp;&nbsp;&nbsp;&nbsp;&nbsp;&nbsp;&nbsp;&nbsp;&nbsp;&nbsp;&nbsp;&nbsp;&nbsp;&nbsp;&nbsp;&nbsp;&nbsp;&nbsp;&nbsp;&nbsp;&nbsp;&nbsp;&nbsp;&nbsp;&nbsp;&nbsp;&nbsp;&nbsp;&nbsp;&nbsp;&nbsp;&nbsp;&nbsp;&nbsp; DISTAN\u010cN\u00cd V\u00ddUKA (doma)&nbsp;&nbsp;&nbsp; &nbsp;&nbsp;&nbsp;&nbsp;&nbsp;&nbsp;&nbsp;&nbsp;&nbsp;&nbsp;&nbsp; PREZEN\u010cN\u00cd V\u00ddUKA (ve \u0161kole)<\/p>\n<p>t\u00fdden 30.11. \u2013 4.12.&nbsp;&nbsp;&nbsp; &nbsp;&nbsp;&nbsp;&nbsp;&nbsp;&nbsp;&nbsp;&nbsp;&nbsp;&nbsp; 6.ABC, 7ABC&nbsp;&nbsp;&nbsp;&nbsp;&nbsp;&nbsp;&nbsp;&nbsp;&nbsp;&nbsp;&nbsp;&nbsp;&nbsp;&nbsp;&nbsp;&nbsp;&nbsp;&nbsp;&nbsp;&nbsp;&nbsp;&nbsp;&nbsp;&nbsp;&nbsp;&nbsp;&nbsp;&nbsp;&nbsp;&nbsp;&nbsp;&nbsp;&nbsp;&nbsp;&nbsp;&nbsp;&nbsp;&nbsp; 8.ABC, 9AB<\/p>\n<p>t\u00fdden 7.12. \u2013 11.12.&nbsp;&nbsp;&nbsp;&nbsp;&nbsp;&nbsp;&nbsp;&nbsp;&nbsp;&nbsp;&nbsp;&nbsp;&nbsp;&nbsp; 8.ABC&nbsp; &nbsp;&nbsp;&nbsp;&nbsp;&nbsp;&nbsp;&nbsp;&nbsp;&nbsp;&nbsp;&nbsp;&nbsp;&nbsp;&nbsp;&nbsp;&nbsp;&nbsp;&nbsp;&nbsp;&nbsp;&nbsp;&nbsp;&nbsp;&nbsp;&nbsp;&nbsp;&nbsp;&nbsp;&nbsp;&nbsp;&nbsp;&nbsp;&nbsp;&nbsp;&nbsp;&nbsp;&nbsp;&nbsp;&nbsp;&nbsp;&nbsp;&nbsp;&nbsp;&nbsp;&nbsp;&nbsp; 6.ABC, 7ABC, &nbsp;9AB<\/p>\n<p>&nbsp;<\/p>\n<p>t\u00fdden 14.12 \u2013 18.12.&nbsp;&nbsp;&nbsp;&nbsp;&nbsp;&nbsp;&nbsp;&nbsp;&nbsp;&nbsp;&nbsp;&nbsp;&nbsp; 6.ABC, 7ABC&nbsp;&nbsp;&nbsp;&nbsp;&nbsp;&nbsp;&nbsp;&nbsp;&nbsp;&nbsp;&nbsp;&nbsp;&nbsp;&nbsp;&nbsp;&nbsp;&nbsp;&nbsp;&nbsp;&nbsp;&nbsp;&nbsp;&nbsp;&nbsp;&nbsp;&nbsp;&nbsp;&nbsp;&nbsp;&nbsp;&nbsp;&nbsp;&nbsp;&nbsp;&nbsp;&nbsp;&nbsp;&nbsp; 8.ABC, 9AB<\/p>\n<p>t\u00fdden 21.12 \u2013 22.12.&nbsp;&nbsp;&nbsp;&nbsp;&nbsp;&nbsp;&nbsp;&nbsp;&nbsp;&nbsp;&nbsp;&nbsp;&nbsp; 8.ABC&nbsp; &nbsp;&nbsp;&nbsp;&nbsp;&nbsp;&nbsp;&nbsp;&nbsp;&nbsp;&nbsp;&nbsp;&nbsp;&nbsp;&nbsp;&nbsp;&nbsp;&nbsp;&nbsp;&nbsp;&nbsp;&nbsp;&nbsp;&nbsp;&nbsp;&nbsp;&nbsp;&nbsp;&nbsp;&nbsp;&nbsp;&nbsp;&nbsp;&nbsp;&nbsp;&nbsp;&nbsp;&nbsp;&nbsp;&nbsp;&nbsp;&nbsp;&nbsp;&nbsp;&nbsp;&nbsp;&nbsp; 6.ABC, 7ABC, &nbsp;9AB<\/p>\n<p>Od 23.12.2020 do 1.1. \u2013 v\u00e1no\u010dn\u00ed pr\u00e1zdniny<\/p>\n<p>N\u011bkter\u00e9 organiza\u010dn\u00ed detaily budou uvedeny v jin\u00fdch informa\u010dn\u00edch materi\u00e1lech, kter\u00e9 budou n\u00e1sledovat. Ur\u010dit\u00e9 organiza\u010dn\u00ed situace (rozd\u011blen\u00ed a st\u011bhov\u00e1n\u00ed skupin, posuny \u010dasy odchod\u016f na ob\u011bd, logistika p\u0159\u00edchod\u016f a odchod\u016f do a ze \u0161koly a jin\u00e9 vyskytnuv\u0161\u00ed se situace budou do\u0159e\u0161eny b\u011bhem porad nebo za pochodu p\u0159i re\u00e1ln\u00e9m provozu \u0161koly na\u0159\u00edzen\u00edmi z\u00e1stupc\u016f obou stup\u0148\u016f.<\/p>\n<hr>\n<p><strong>\u0160KOLN\u00cd KLUB<\/strong><\/p>\n<p>Z&nbsp;d\u016fvod\u016f nemo\u017enosti p\u0159izp\u016fsoben\u00ed v\u00fduky pokyn\u016fm M\u0160MT je ve\u0161ker\u00e1 v\u00fduka \u0161koln\u00edho klubu zru\u0161ena bez n\u00e1hrady do odvol\u00e1n\u00ed.<\/p>\n<hr>\n<p><strong>\u0160KOLN\u00cd J\u00cdDELNA \u2013 STRAVOV\u00c1N\u00cd<\/strong><\/p>\n<p><strong>&#8211; \u017e\u00e1ci na prezen\u010dn\u00ed v\u00fduce<\/strong> budou m\u00edt ob\u011bdy p\u0159ihl\u00e1\u0161eny automaticky<\/p>\n<p><strong>&#8211; \u017e\u00e1ci II. stupn\u011b na distan\u010dn\u00ed v\u00fduce:<\/strong><\/p>\n<ul>\n<li>mohou si ob\u011bdy tak\u00e9 nahl\u00e1sit bu\u010f p\u0159es E- ob\u011bdy, nebo telefonicky <br>na \u010d\u00edsle: 571&nbsp;757 215 \u2013 v\u017edy den p\u0159edem do 13 hod.<\/li>\n<li><strong>tito \u017e\u00e1ci nebudou m\u00edt ob\u011bdy p\u0159ihl\u00e1\u0161eny automaticky!!!<\/strong><\/li>\n<li>ob\u011bd si mohou vyzvednout <strong>pouze do j\u00eddlonosi\u010de POUZE NA&nbsp; NOV\u00c9 \u0160KOLE (Hlavn\u00ed 70) v dob\u011b od 11.45 hod do 12.15 hod.&nbsp; \/tuto dobu je nutn\u00e9&nbsp; z hygienick\u00fdch d\u016fvod\u016f p\u0159esn\u011b dodr\u017eovat\/<\/strong><\/li>\n<li>\u017e\u00e1k\u016fm, kte\u0159\u00ed se budou na distan\u010dn\u00ed v\u00fduce st\u0159\u00eddat, budeme ob\u011bdy automaticky p\u0159ihla\u0161ovat a odhla\u0161ovat podle toho zda budou m\u00edt zrovna v\u00fduku ve \u0161kole \/t\u00fdk\u00e1 se 6., 7., 8. ro\u010dn\u00edk\u016f\/<\/li>\n<\/ul>\n<p><strong>&#8211; v&nbsp;prvn\u00ed den nemoci <\/strong>&#8211; je mo\u017eno ob\u011bd vyzvednout, ale rodi\u010d jej dostane na tal\u00ed\u0159 a s\u00e1m si jej p\u0159end\u00e1 do sv\u00e9ho j\u00eddlonosi\u010de na m\u00edst\u011b tomu ur\u010den\u00e9m. Z&nbsp;bezpe\u010dnostn\u00edch d\u016fvod\u016f&nbsp; \/mo\u017enost pop\u00e1len\u00ed\/ pros\u00edm nepos\u00edlejte pro tyto ob\u011bdy d\u011bti.<\/p>\n<p><strong>&#8211; zam\u011bstnanci &#8211;<\/strong> v\u0161ichni budou m\u00edt ob\u011bd p\u0159ihl\u00e1\u0161en od 30.11.2020 automaticky, zru\u0161it je mo\u017en\u00e9 telefonicky <br>na \u010d\u00edsle: 571&nbsp;757 215 , na termin\u00e1lu \u0160J, nebo p\u0159es E-ob\u011bdy&nbsp;&nbsp;&nbsp;&nbsp;<\/p>\n<p><strong>&#8211; ciz\u00ed str\u00e1vn\u00edci\/d\u016fchodci<\/strong> \u00a8- v\u00fddej pouze do j\u00eddlonosi\u010d\u016f \u2013 ob\u011bdy v&nbsp;dob\u011b od 10.35 hod 11.10 hod<\/p>\n<p>&#8211; <strong>ciz\u00ed str\u00e1vn\u00edci stravuj\u00edc\u00ed se b\u011b\u017en\u011b p\u0159\u00edmo ve \u0160J<\/strong> \u2013 ob\u011bd mohou odeb\u00edrat pouze do j\u00eddlonosi\u010de v dob\u011b od 10.35 \u2013 11.10 hod&nbsp; \/tuto dobu je nutno z hygienick\u00fdch d\u016fvod\u016f striktn\u011b dodr\u017eovat\/<\/p>\n<p>&#8211; <strong>E \u2013 ob\u011bdy <\/strong>\u2013 funguj\u00ed, ale nap\u0159. na pond\u011bl\u00ed lze ob\u011bd p\u0159ihl\u00e1sit nebo odhl\u00e1sit nejpozd\u011bji v p\u00e1tek do 13. hod .&nbsp;<\/p>\n<hr>\n<p><strong>OSTATN\u00cd <\/strong><\/p>\n<p><u>Pod\u011bkov\u00e1n\u00ed rodi\u010d\u016fm<\/u><\/p>\n<p>V\u00e1\u017een\u00ed rodi\u010de !<\/p>\n<p>Zd\u00e1 se, \u017ee do p\u0159edv\u00e1no\u010dn\u00edho obdob\u00ed vstupujeme s&nbsp;nad\u011bj\u00ed na zlep\u0161en\u00ed situace vznikl\u00e9 ze \u0161\u00ed\u0159en\u00ed koronaviru. Nyn\u00ed je mo\u017en\u00e9 \u0159\u00edci, \u017ee se situace m\u011bn\u00ed k&nbsp;lep\u0161\u00edmu a dojde k&nbsp;zaveden\u00ed prezen\u010dn\u00ed v\u00fduky. Dopad opat\u0159en\u00ed v&nbsp;posledn\u00ed dob\u011b p\u0159evr\u00e1til b\u011b\u017enou praxi vzd\u011bl\u00e1v\u00e1n\u00ed a p\u0159inesl n\u00e1m nov\u00e9 a ne\u010dekan\u00e9 situace. Jejich zvl\u00e1dnut\u00ed by nebylo mo\u017en\u00e9 bez Va\u0161\u00ed spolupr\u00e1ce, za kterou V\u00e1m d\u011bkujeme a kter\u00e9 si velmi v\u00e1\u017e\u00edme. V\u011b\u0159\u00edme v&nbsp;jej\u00ed dal\u0161\u00ed rozv\u00edjen\u00ed a vylep\u0161ov\u00e1n\u00ed p\u0159i dal\u0161\u00ed mo\u017en\u00e9 distan\u010dn\u00ed v\u00fduce. Stejn\u011b tak ale douf\u00e1me, \u017ee na\u0161\u00edm spole\u010dn\u00fdm odpov\u011bdn\u00fdm dodr\u017eov\u00e1n\u00edm preventivn\u00edch pravidel se poda\u0159\u00ed dos\u00e1hnout stavu, kdy budeme moci op\u011bt nav\u00e1zat na trvalou, relativn\u011b b\u011b\u017enou doch\u00e1zku v\u0161ech d\u011bt\u00ed do \u0161koly spojenou se standardn\u00edm pojet\u00edm v\u00fduky. Nechejme si tuto cestu jako p\u0159\u00e1n\u00ed do budouc\u00edho, snad lep\u0161\u00edho,&nbsp; nov\u00e9ho roku.<\/p>\n<p>Za veden\u00ed \u0161koly Mgr. Tom\u00e1\u0161 Rand\u00fdsek, statut\u00e1rn\u00ed z\u00e1stupce \u0159editele \u0161koly<\/p>\n<hr>\n<p><u>Ujasn\u011bn\u00ed hygienick\u00fdch pravidel<\/u><\/p>\n<ul>\n<li><strong>St\u00e1le jsou platn\u00e1 pravidla hygienick\u00fdch \u00fa\u0159ad\u016f:<\/strong>\n<ul>\n<li>\u0160kola se ukl\u00edz\u00ed a dezinfikuje nad b\u011b\u017enou m\u00edru \u2013 ukl\u00edze\u010dky konaj\u00ed tuto \u010dinnost i b\u011bhem vyu\u010dovac\u00ed \u010d\u00e1sti dne.<\/li>\n<li>Osoby ve \u0161kole pou\u017e\u00edvaj\u00ed desinfekci, dodr\u017euj\u00ed odstupy.<\/li>\n<li>Plat\u00ed zvl\u00e1\u0161tn\u00ed re\u017eimy provozu (v\u011btr\u00e1n\u00ed, omezen\u00ed shlukov\u00e1n\u00ed, homogenn\u00ed skupiny, v\u00fddej j\u00eddla).<\/li>\n<li>Nemocn\u00ed (s&nbsp;respira\u010dn\u00edmi chorobami) do \u0161koly nepat\u0159\u00ed (plat\u00ed pro \u017e\u00e1ky i zam\u011bstnance \u0161koly!).<\/li>\n<li>Nemocn\u00fd ve \u0161kole je izolov\u00e1n a p\u0159ed\u00e1n rodi\u010d\u016fm.<\/li>\n<li>Ve \u0161kole se nepohybuje osoba bez rou\u0161ky &#8211; konfliktn\u00ed osoby budou konfrontov\u00e1ny s&nbsp;n\u00e1zorem \u2013 \u201eRespektujte fakt, \u017ee \u0161kola respektuje z\u00e1kon\u201c.<\/li>\n<li>Plat\u00ed pravidla pro p\u0159\u00edpadnou karant\u00e9nu dle okolnost\u00ed n\u00e1kazy.<\/li>\n<li>Plat\u00ed pravidla pro testov\u00e1n\u00ed a zvl\u00e1\u0161tn\u00ed (telefonick\u00fd) zp\u016fsob pro komunikaci s&nbsp;l\u00e9ka\u0159em v&nbsp;p\u0159\u00edpad\u011b podez\u0159en\u00ed na koronavirovou n\u00e1kazu.<\/li>\n<\/ul>\n<\/li>\n<li>Vyu\u010duj\u00edc\u00ed dle situace v\u011btraj\u00ed, sna\u017e\u00ed se p\u0159izp\u016fsobit tempo a obsah v\u00fduky zt\u00ed\u017een\u00fdm podm\u00ednk\u00e1m v\u00fduky s&nbsp;trvale nasazenou rou\u0161kou.<\/li>\n<li>Dozory organizuj\u00ed v\u011btr\u00e1n\u00ed a regulaci pohybu o p\u0159est\u00e1vk\u00e1ch, p\u0159edpokl\u00e1d\u00e1 se zru\u0161en\u00ed pobytu v prostor\u00e1ch sk\u0159\u00edn\u011bk u budovy Hlavn\u00ed 70 \u2013 zde se \u017e\u00e1ci nep\u0159ezouvaj\u00ed a oble\u010den\u00ed si berou s sebou do t\u0159\u00eddy, b\u011bhem p\u0159est\u00e1vek \u017e\u00e1ci konzumuj\u00ed j\u00eddlo ve t\u0159\u00edd\u00e1ch \u2013 v&nbsp;tuto dobu nemaj\u00ed rou\u0161ky.<\/li>\n<li>\u0160kola si klade za c\u00edl p\u016fsobit na \u017e\u00e1ky \u201eideologicky\u201c v&nbsp;duchu toho, \u017ee pokud cht\u011bj\u00ed chodit do \u0161koly prezen\u010dn\u011b, maj\u00ed to ve sv\u00fdch ruk\u00e1ch, resp. ve sv\u00e9m hygienick\u00e9m chov\u00e1n\u00ed. P\u0159. m\u00edsto obj\u00edm\u00e1n\u00ed gesta, nesd\u00edlen\u00ed sva\u010din a l\u00e1hv\u00ed s&nbsp;pit\u00edm, rou\u0161ka se nenos\u00ed jen ve \u0161kole \u2013 ochra\u0148uje v\u0161ude, biologick\u00e1 matematika \u0161\u00ed\u0159en\u00ed n\u00e1kazy se ned\u00e1 obej\u00edt \u201e\u010deskou cestou\u201c<\/li>\n<li>TU za\u0161lou informace ZZ\/\u017e\u00e1k\u016fm\/kyn\u00edm elektronicky, vyu\u010duj\u00edc\u00ed v&nbsp;prvn\u00edm dni v\u00fduky provedou jen souhrnn\u00e9 up\u0159esn\u011bn\u00ed a z\u00e1pis do TK<\/li>\n<\/ul>\n<hr>\n<p><u>Upozorn\u011bn\u00ed pro no\u0161en\u00ed rou\u0161ek<\/u><\/p>\n<p>\u0160kola neposkytuje \u017e\u00e1k\u016fm rou\u0161ky, v&nbsp;ojedin\u011bl\u00fdch, naprosto v\u00fdjime\u010dn\u00fdch p\u0159\u00edpadech m\u016f\u017ee poskytnout omezen\u00e9 mno\u017estv\u00ed ochrann\u00fdch rou\u0161ek!<\/p>\n<p>\u0160kola pln\u011b respektuje na\u0159\u00edzen\u00ed o no\u0161en\u00ed rou\u0161ek a z\u00e1konn\u00e1 ustanoven\u00ed o ochran\u011b zdrav\u00ed ve smyslu vytv\u00e1\u0159en\u00ed podm\u00ednek k&nbsp;zamezen\u00ed p\u0159enosu naka\u017eliv\u00e9 choroby ve ve\u0159ejn\u00fdch budov\u00e1ch a prostor\u00e1ch. Z&nbsp;tohoto d\u016fvodu bude trvat na pln\u011bn\u00ed \u00fakonu no\u0161en\u00ed rou\u0161ek v\u0161emi osobami, kter\u00e9 se vyskytuj\u00ed v&nbsp;budov\u00e1ch \u0161koly. P\u0159\u00edpadn\u00e9 sporn\u00e9 situace budou \u0159e\u0161eny tak, aby v&nbsp;\u017e\u00e1dn\u00e9m p\u0159\u00edpad\u011b nedo\u0161lo nepln\u011bn\u00edm z\u00e1konn\u00fdch povinnost\u00ed k&nbsp;ohro\u017een\u00ed pr\u00e1v a zdrav\u00ed druh\u00fdch osob a to, bude-li t\u0159eba, i za pln\u00e9 sou\u010dinnosti v\u0161ech org\u00e1n\u016f umo\u017e\u0148uj\u00edc\u00ed toto vynucen\u00ed!<\/p>\n<hr>\n<p><u>Upozorn\u011bn\u00ed pro pln\u011bn\u00ed distan\u010dn\u00ed v\u00fduky<\/u><\/p>\n<p>Prezen\u010dn\u00ed i distan\u010dn\u00ed v\u00fduka je povinn\u00e1. \u017d\u00e1k\/\u017e\u00e1kyn\u011b, kter\u00fd\/\u00e1 m\u00e1 t\u00fdden prezen\u010dn\u00ed v\u00fduky a nebude ve \u0161kole z r\u016fzn\u00fdch d\u016fvod\u016f, mus\u00ed b\u00fdt \u0159\u00e1dn\u011b omluven rodi\u010dem\/z\u00e1konn\u00fdm z\u00e1stupcem. &nbsp;Ne\u00fa\u010dast\u00ed mu nevznik\u00e1 n\u00e1rok na zvl\u00e1\u0161tn\u00ed distan\u010dn\u00ed v\u00fduku konanou v takov\u00e9m t\u00fddnu. Individu\u00e1ln\u011b budou \u0159e\u0161eny pouze distan\u010dn\u00ed v\u00fduky v od\u016fvodn\u011bn\u00fdch p\u0159\u00edpadech schv\u00e1len\u00fdch \u0159editelem \u0161koly a to pouze ze z\u00e1va\u017en\u00fdch zdravotn\u00edch d\u016fvod\u016f.<\/p>\n<p>\u017d\u00e1dosti rodi\u010d\u016f o individu\u00e1ln\u00ed vzd\u011bl\u00e1vac\u00ed pl\u00e1n dle \u0160Z na p\u0159echodn\u00e9 obdob\u00ed bude jednotliv\u011b posuzov\u00e1no dle \u017e\u00e1dosti podan\u00e9 rodi\u010di \/z\u00e1konn\u00fdm z\u00e1stupcem \u0159editeli \u0161koly.<\/p>\n<p>&nbsp;<\/p>\n<p>V&nbsp;Zub\u0159\u00ed 25.11.2020&nbsp;&nbsp;&nbsp;&nbsp;&nbsp;&nbsp;&nbsp;&nbsp;&nbsp;&nbsp;&nbsp;&nbsp;&nbsp;&nbsp;&nbsp;&nbsp;&nbsp;&nbsp;&nbsp;&nbsp;&nbsp;&nbsp;&nbsp;&nbsp;&nbsp;&nbsp;&nbsp;<\/p>\n<p>&nbsp;<\/p>\n<p>Vypracoval: Mikl Marek<\/p>\n<p>&nbsp;<\/p>\n<p>Schv\u00e1lil a na\u0159\u00eddil: Mgr. Tom\u00e1\u0161 Rand\u00fdsek,<\/p>\n<p>statut\u00e1rn\u00ed z\u00e1stupce \u0159editele \u0161koly&nbsp;&nbsp;&nbsp;&nbsp;<\/p>\n<p>&nbsp;<\/p>\n<p>&nbsp;<\/p>\n<p>&nbsp;<\/p>\n","protected":false},"excerpt":{"rendered":"","protected":false},"author":1,"featured_media":0,"comment_status":"closed","ping_status":"closed","sticky":false,"template":"","format":"standard","meta":{"ngg_post_thumbnail":0,"footnotes":""},"categories":[91],"tags":[],"acf":[],"_links":{"self":[{"href":"https:\/\/www.zszubri.cz\/index.php?rest_route=\/wp\/v2\/posts\/17825"}],"collection":[{"href":"https:\/\/www.zszubri.cz\/index.php?rest_route=\/wp\/v2\/posts"}],"about":[{"href":"https:\/\/www.zszubri.cz\/index.php?rest_route=\/wp\/v2\/types\/post"}],"author":[{"embeddable":true,"href":"https:\/\/www.zszubri.cz\/index.php?rest_route=\/wp\/v2\/users\/1"}],"replies":[{"embeddable":true,"href":"https:\/\/www.zszubri.cz\/index.php?rest_route=%2Fwp%2Fv2%2Fcomments&post=17825"}],"version-history":[{"count":7,"href":"https:\/\/www.zszubri.cz\/index.php?rest_route=\/wp\/v2\/posts\/17825\/revisions"}],"predecessor-version":[{"id":17844,"href":"https:\/\/www.zszubri.cz\/index.php?rest_route=\/wp\/v2\/posts\/17825\/revisions\/17844"}],"wp:attachment":[{"href":"https:\/\/www.zszubri.cz\/index.php?rest_route=%2Fwp%2Fv2%2Fmedia&parent=17825"}],"wp:term":[{"taxonomy":"category","embeddable":true,"href":"https:\/\/www.zszubri.cz\/index.php?rest_route=%2Fwp%2Fv2%2Fcategories&post=17825"},{"taxonomy":"post_tag","embeddable":true,"href":"https:\/\/www.zszubri.cz\/index.php?rest_route=%2Fwp%2Fv2%2Ftags&post=17825"}],"curies":[{"name":"wp","href":"https:\/\/api.w.org\/{rel}","templated":true}]}}