{"id":20232,"date":"2023-03-27T20:08:43","date_gmt":"2023-03-27T18:08:43","guid":{"rendered":"https:\/\/www.zszubri.cz\/?p=20232"},"modified":"2023-03-27T20:08:43","modified_gmt":"2023-03-27T18:08:43","slug":"osvetim-svedomi-lidstva","status":"publish","type":"post","link":"https:\/\/www.zszubri.cz\/?p=20232","title":{"rendered":"OSV\u011aTIM \u2013 SV\u011aDOM\u00cd LIDSTVA"},"content":{"rendered":"<div class=\"pdfprnt-buttons pdfprnt-buttons-post pdfprnt-top-right\"><a href=\"https:\/\/www.zszubri.cz\/index.php?rest_route=wpv2posts20232&print=print\" class=\"pdfprnt-button pdfprnt-button-print\" target=\"_blank\"><img src=\"https:\/\/www.zszubri.cz\/wp-content\/plugins\/pdf-print\/images\/print.png\" alt=\"image_print\" title=\"Print Content\" \/><\/a><\/div>\n<p>&nbsp;<\/p>\n<p>Ve st\u0159edu 15. 3. 2023 se \u017e\u00e1ci dev\u00e1t\u00fdch ro\u010dn\u00edk\u016f vypravili na d\u011bjepisnou exkurzi do koncentra\u010dn\u00edch t\u00e1bor\u016f v Osv\u011btimi \u2013 Auschwitz a B\u0159ezinka.<\/p>\n<p>Vyj\u00ed\u017ed\u011blo se autobusem brzy r\u00e1no ve 4:45 od nov\u00e9 \u0161koly, za doprovodu na\u0161ich historik\u016f pana u\u010ditele Cab\u00e1ka a pana u\u010ditele V\u00e1clav\u00edka. Pr\u016fvodcem na na\u0161\u00ed cest\u011b za pozn\u00e1n\u00edm minulosti se stal pan doktor Ko\u010d\u00ed. B\u011bhem j\u00edzdy n\u00e1s upozor\u0148oval na zaj\u00edmav\u00e1 m\u00edsta, kter\u00e1 jsme m\u00edjeli. Jako byla p\u0159\u00edrodn\u00ed hranice mezi \u010ceskou republikou a Polskem, kterou tvo\u0159\u00ed \u0159eka Odra.<\/p>\n<p>Prohl\u00eddka v Osv\u011btimi za\u010d\u00ednala v 8:30. Byli jsme rozd\u011blen\u00ed na dv\u011b skupiny. V Osv\u011btimi jsme proch\u00e1zeli mezi cihlov\u00fdmi domy, n\u011bkter\u00e9 slou\u017eily jako nemocnice, v\u011bzen\u00ed, mu\u010d\u00edrna jin\u00e9 na p\u0159esp\u00e1v\u00e1n\u00ed pro sta tis\u00edce lid\u00ed. P\u0159ev\u00e1\u017en\u00e1 \u010d\u00e1st dom\u016f byla p\u0159ed\u011blan\u00e1 na muzeum. Za vitr\u00ednami se n\u00e1m naskytl pohled na hrn\u00ed\u010dky, boty a oble\u010den\u00ed dosp\u011bl\u00fdch i mal\u00fdch d\u011bt\u00ed. Interi\u00e9ry i exteri\u00e9ry byly obohaceny autentick\u00fdmi fotografiemi z t\u00e9 doby. K cel\u00e9 prohl\u00eddce jsme dost\u00e1vali odborn\u00fd v\u00fdklad. Na konci t\u00e9to prvn\u00ed \u010d\u00e1sti exkurze jsme se tak\u00e9 dostali do jedin\u00e9 dochovan\u00e9 plynov\u00e9 komory a krematoria.<\/p>\n<p>Po tomto siln\u00e9m z\u00e1\u017eitku n\u00e1s autobus b\u011bhem p\u00e1ru minut dovezl do druh\u00e9ho koncentra\u010dn\u00edho t\u00e1bora B\u0159ezinka. Tento t\u00e1bor se nacist\u016fm poda\u0159ilo t\u00e9m\u011b\u0159 cel\u00fd zni\u010dit.<\/p>\n<p>Cel\u00fd v\u00fdlet byl velmi pou\u010dn\u00fd a z\u00e1\u017eivn\u00fd, ur\u010dit\u011b jsme se dozv\u011bd\u011bli spoustu nov\u00fdch v\u011bc\u00ed a te\u010f vid\u00edme sv\u011bt trochu jin\u00fdma o\u010dima. Ur\u010dit\u011b by se na takov\u00e9to m\u00edsto m\u011bl pod\u00edvat ka\u017ed\u00fd, aby tak\u00e9 poc\u00edtil chlad temn\u00e9 minulosti a reality, kter\u00e9 spousta lid\u00ed nev\u011b\u0159\u00ed.<\/p>\n<p>D\u011bkujeme v\u0161em z\u00fa\u010dastn\u011bn\u00fdm za pou\u010dn\u00fd den, p\u00e1n\u016fm u\u010ditel\u016fm za organizaci, a tak\u00e9 bychom cht\u011bli pod\u011bkovat nada\u010dn\u00edmu fondu za p\u0159\u00edsp\u011bvek na dopravu.<\/p>\n<p>Za kolektiv dev\u00e1\u0165\u00e1k\u016f Karol\u00edna Troj\u00e1kov\u00e1, Magdal\u00e9na Jaro\u0148ov\u00e1 a Mat\u011bj Kole\u010dek<\/p>\n<p><a href=\"_wp_link_placeholder\" data-wplink-edit=\"true\">Obr\u00e1zky z akce naleznete zde. <\/a><\/p>\n","protected":false},"excerpt":{"rendered":"","protected":false},"author":1,"featured_media":20233,"comment_status":"closed","ping_status":"closed","sticky":false,"template":"","format":"standard","meta":{"ngg_post_thumbnail":0,"footnotes":""},"categories":[94],"tags":[],"acf":[],"_links":{"self":[{"href":"https:\/\/www.zszubri.cz\/index.php?rest_route=\/wp\/v2\/posts\/20232"}],"collection":[{"href":"https:\/\/www.zszubri.cz\/index.php?rest_route=\/wp\/v2\/posts"}],"about":[{"href":"https:\/\/www.zszubri.cz\/index.php?rest_route=\/wp\/v2\/types\/post"}],"author":[{"embeddable":true,"href":"https:\/\/www.zszubri.cz\/index.php?rest_route=\/wp\/v2\/users\/1"}],"replies":[{"embeddable":true,"href":"https:\/\/www.zszubri.cz\/index.php?rest_route=%2Fwp%2Fv2%2Fcomments&post=20232"}],"version-history":[{"count":1,"href":"https:\/\/www.zszubri.cz\/index.php?rest_route=\/wp\/v2\/posts\/20232\/revisions"}],"predecessor-version":[{"id":20234,"href":"https:\/\/www.zszubri.cz\/index.php?rest_route=\/wp\/v2\/posts\/20232\/revisions\/20234"}],"wp:featuredmedia":[{"embeddable":true,"href":"https:\/\/www.zszubri.cz\/index.php?rest_route=\/wp\/v2\/media\/20233"}],"wp:attachment":[{"href":"https:\/\/www.zszubri.cz\/index.php?rest_route=%2Fwp%2Fv2%2Fmedia&parent=20232"}],"wp:term":[{"taxonomy":"category","embeddable":true,"href":"https:\/\/www.zszubri.cz\/index.php?rest_route=%2Fwp%2Fv2%2Fcategories&post=20232"},{"taxonomy":"post_tag","embeddable":true,"href":"https:\/\/www.zszubri.cz\/index.php?rest_route=%2Fwp%2Fv2%2Ftags&post=20232"}],"curies":[{"name":"wp","href":"https:\/\/api.w.org\/{rel}","templated":true}]}}