{"id":21697,"date":"2023-12-14T17:48:06","date_gmt":"2023-12-14T16:48:06","guid":{"rendered":"https:\/\/www.zszubri.cz\/?p=21697"},"modified":"2023-12-14T17:48:08","modified_gmt":"2023-12-14T16:48:08","slug":"skolni-kolo-olympiady-cj","status":"publish","type":"post","link":"https:\/\/www.zszubri.cz\/?p=21697","title":{"rendered":"\u0160KOLN\u00cd KOLO OLYMPI\u00c1DY \u010cJ"},"content":{"rendered":"<div class=\"pdfprnt-buttons pdfprnt-buttons-post pdfprnt-top-right\"><a href=\"https:\/\/www.zszubri.cz\/index.php?rest_route=wpv2posts21697&print=print\" class=\"pdfprnt-button pdfprnt-button-print\" target=\"_blank\"><img src=\"https:\/\/www.zszubri.cz\/wp-content\/plugins\/pdf-print\/images\/print.png\" alt=\"image_print\" title=\"Print Content\" \/><\/a><\/div><div class=\"rps_350f\">\n<div dir=\"ltr\">\n<div class=\"x_elementToProof\">V p\u00e1tek 1. prosince 2023 se b\u011bhem prvn\u00edch dvou vyu\u010dovac\u00edch hodin utkalo 28 \u017e\u00e1k\u016f 8. a 9. t\u0159\u00edd v logick\u00fdch \u00fakolech z mluvnice a pak ve slohov\u00e9 tv\u016fr\u010d\u00ed pr\u00e1ci na dan\u00e9 t\u00e9ma. P\u00edsemn\u00e9 v\u00fdkony v\u0161ech \u017e\u00e1k\u016f byly velice vyrovnan\u00e9.&nbsp;<\/div>\n<div class=\"x_elementToProof\"><b>Zv\u00edt\u011bzila Nikola Kretkov\u00e1 z 9.C<\/b>, <b>druh\u00e9 m\u00edsto obsadila Ane\u017eka&nbsp;Spuchl\u00e1kov\u00e1 z 9. B a na dvou 3. m\u00edstech se um\u00edstily Tereza Pisko\u0159ov\u00e1 z 9. A a Anna<\/b>&nbsp;<b>Lajgotov\u00e1 z 9. B.<\/b>&nbsp;<\/div>\n<div class=\"x_elementToProof\">V\u0161em \u00fasp\u011b\u0161n\u00fdm \u0159e\u0161itelk\u00e1m gratulujeme a Nikole budeme dr\u017eet p\u011bsti v okresn\u00edm kole, kter\u00e9 prob\u011bhne 27. ledna 2024 v Gymn\u00e1ziu Fr. Palack\u00e9ho ve Vala\u0161sk\u00e9m Mezi\u0159\u00ed\u010d\u00ed.<\/div>\n<\/div>\n<\/div>\n","protected":false},"excerpt":{"rendered":"<p>V p\u00e1tek 1. prosince 2023 se b\u011bhem prvn\u00edch dvou vyu\u010dovac\u00edch hodin utkalo 28 \u017e\u00e1k\u016f 8. a 9. t\u0159\u00edd v logick\u00fdch \u00fakolech z mluvnice a pak ve slohov\u00e9 tv\u016fr\u010d\u00ed pr\u00e1ci na dan\u00e9 t\u00e9ma. P\u00edsemn\u00e9 v\u00fdkony v\u0161ech \u017e\u00e1k\u016f byly velice vyrovnan\u00e9.&nbsp; Zv\u00edt\u011bzila Nikola Kretkov\u00e1 z 9.C, druh\u00e9 m\u00edsto obsadila Ane\u017eka&nbsp;Spuchl\u00e1kov\u00e1 z 9. B a na dvou 3. m\u00edstech se um\u00edstily Tereza Pisko\u0159ov\u00e1 z 9. A a Anna&nbsp;Lajgotov\u00e1 z 9. B.&nbsp; V\u0161em \u00fasp\u011b\u0161n\u00fdm \u0159e\u0161itelk\u00e1m gratulujeme a Nikole budeme dr\u017eet p\u011bsti v okresn\u00edm kole, kter\u00e9 prob\u011bhne 27. ledna 2024 v Gymn\u00e1ziu Fr. Palack\u00e9ho ve Vala\u0161sk\u00e9m Mezi\u0159\u00ed\u010d\u00ed.<\/p>\n","protected":false},"author":1,"featured_media":0,"comment_status":"closed","ping_status":"closed","sticky":false,"template":"","format":"standard","meta":{"ngg_post_thumbnail":0,"footnotes":""},"categories":[94],"tags":[],"acf":[],"_links":{"self":[{"href":"https:\/\/www.zszubri.cz\/index.php?rest_route=\/wp\/v2\/posts\/21697"}],"collection":[{"href":"https:\/\/www.zszubri.cz\/index.php?rest_route=\/wp\/v2\/posts"}],"about":[{"href":"https:\/\/www.zszubri.cz\/index.php?rest_route=\/wp\/v2\/types\/post"}],"author":[{"embeddable":true,"href":"https:\/\/www.zszubri.cz\/index.php?rest_route=\/wp\/v2\/users\/1"}],"replies":[{"embeddable":true,"href":"https:\/\/www.zszubri.cz\/index.php?rest_route=%2Fwp%2Fv2%2Fcomments&post=21697"}],"version-history":[{"count":1,"href":"https:\/\/www.zszubri.cz\/index.php?rest_route=\/wp\/v2\/posts\/21697\/revisions"}],"predecessor-version":[{"id":21698,"href":"https:\/\/www.zszubri.cz\/index.php?rest_route=\/wp\/v2\/posts\/21697\/revisions\/21698"}],"wp:attachment":[{"href":"https:\/\/www.zszubri.cz\/index.php?rest_route=%2Fwp%2Fv2%2Fmedia&parent=21697"}],"wp:term":[{"taxonomy":"category","embeddable":true,"href":"https:\/\/www.zszubri.cz\/index.php?rest_route=%2Fwp%2Fv2%2Fcategories&post=21697"},{"taxonomy":"post_tag","embeddable":true,"href":"https:\/\/www.zszubri.cz\/index.php?rest_route=%2Fwp%2Fv2%2Ftags&post=21697"}],"curies":[{"name":"wp","href":"https:\/\/api.w.org\/{rel}","templated":true}]}}