{"id":23001,"date":"2025-02-24T13:31:34","date_gmt":"2025-02-24T12:31:34","guid":{"rendered":"https:\/\/www.zszubri.cz\/?p=23001"},"modified":"2025-02-24T13:31:36","modified_gmt":"2025-02-24T12:31:36","slug":"lyzarsky-vycvik-7-trid-na-karolince","status":"publish","type":"post","link":"https:\/\/www.zszubri.cz\/?p=23001","title":{"rendered":"Ly\u017ea\u0159sk\u00fd v\u00fdcvik 7. t\u0159\u00edd na Karolince"},"content":{"rendered":"<div class=\"pdfprnt-buttons pdfprnt-buttons-post pdfprnt-top-right\"><a href=\"https:\/\/www.zszubri.cz\/index.php?rest_route=wpv2posts23001&print=print\" class=\"pdfprnt-button pdfprnt-button-print\" target=\"_blank\"><img src=\"https:\/\/www.zszubri.cz\/wp-content\/plugins\/pdf-print\/images\/print.png\" alt=\"image_print\" title=\"Print Content\" \/><\/a><\/div>\n<p><\/p>\n\n\n\n<p>Prvn\u00ed \u00fanorov\u00fd t\u00fdden (3. \u2013 7. 2. 2025) se uskute\u010dnil ly\u017ea\u0159sk\u00fd v\u00fdcvik \u017e\u00e1k\u016f t\u0159\u00edd 7. B a 7. C. Po\u010das\u00ed ly\u017eov\u00e1n\u00ed p\u0159\u00e1lo, v&nbsp;noci mrzlo, sn\u011bhu bylo tak akor\u00e1t a slun\u00ed\u010dko skoro po cel\u00fd t\u00fdden zajistilo super ly\u017eova\u010dku. I p\u0159es mal\u00fd po\u010det ly\u017ea\u0159\u016f nikdo nezah\u00e1lel a pod veden\u00edm ly\u017ea\u0159sk\u00fdch instruktorek Gabriely C\u00e1bov\u00e9, Jaroslavy Ju\u0159\u00ed\u010dkov\u00e9 a Ivy Malinov\u00e9 se v\u0161ichni u\u010dili ly\u017ea\u0159sk\u00e9mu um\u011bn\u00ed. Ve&nbsp;\u010dtvrtek si sedm\u00e1ci na karolinsk\u00e9m svahu vyzkou\u0161eli z\u00e1vod ve slalomu a nakonec i&nbsp;vytou\u017een\u00e9 voln\u00e9 ly\u017eov\u00e1n\u00ed. V&nbsp;p\u00e1tek se k&nbsp;\u017e\u00e1k\u016fm 7. t\u0159\u00edd p\u0159ipojil p. u\u010d. Tom\u00e1\u0161 Rand\u00fdsek a 18 \u017e\u00e1k\u016f ze t\u0159\u00edd&nbsp;8. B a 8.&nbsp;C, kte\u0159\u00ed se \u00fa\u010dastnili jednodenn\u00edho ly\u017ea\u0159sk\u00e9ho z\u00e1jezdu pro pokro\u010dil\u00e9 ly\u017ea\u0159e. Zopakovali si tak lo\u0148sk\u00e9 z\u00e1klady z&nbsp;ly\u017ea\u0159sk\u00e9ho v\u00fdcviku.<\/p>\n\n\n\n<p>Z\u00e1zem\u00ed ve skiare\u00e1lu Karolinka a tak\u00e9 sn\u011bhov\u00e9 podm\u00ednky byly po cel\u00fd t\u00fdden v\u00fdborn\u00e9. Ly\u017ea\u0159sk\u00fd v\u00fdcvik sedm\u00e1k\u016f se vyda\u0159il a u\u017e te\u010f se v\u0161ichni m\u016f\u017eeme t\u011b\u0161it op\u011bt za rok na kr\u00e1sn\u00e9 ly\u017eov\u00e1n\u00ed.<\/p>\n\n\n\n<p><strong><u>V\u00fdsledky z\u00e1vodu ve slalomu:<\/u><\/strong><\/p>\n\n\n\n<p><strong><u>D\u00edvky\u00a0\u00a0\u00a0\u00a0\u00a0\u00a0\u00a0\u00a0\u00a0\u00a0\u00a0\u00a0\u00a0\u00a0\u00a0\u00a0\u00a0\u00a0\u00a0\u00a0\u00a0\u00a0\u00a0\u00a0\u00a0\u00a0\u00a0\u00a0\u00a0\u00a0\u00a0\u00a0\u00a0\u00a0\u00a0\u00a0                                     Chlapci\u00a0\u00a0\u00a0\u00a0\u00a0\u00a0\u00a0\u00a0\u00a0\u00a0\u00a0\u00a0\u00a0\u00a0\u00a0\u00a0\u00a0\u00a0\u00a0\u00a0\u00a0 _<\/u><\/strong><\/p>\n\n\n\n<ol type=\"1\">\n<li>Kole\u010dkov\u00e1 Nela 28,17 s&nbsp;&nbsp;&nbsp;&nbsp;&nbsp;&nbsp;&nbsp;&nbsp;&nbsp;&nbsp;&nbsp;&nbsp;&nbsp;&nbsp; &nbsp;&nbsp;&nbsp;&nbsp;&nbsp;&nbsp;&nbsp;&nbsp;&nbsp;&nbsp;&nbsp;&nbsp;&nbsp;&nbsp;&nbsp;&nbsp;&nbsp;&nbsp;&nbsp;&nbsp;&nbsp;&nbsp;&nbsp; 1. \u0160anca Maty\u00e1\u0161 26,71 s<\/li>\n\n\n\n<li>Pet\u0159ekov\u00e1 B\u00e1ra 30,79 s\u00a0\u00a0\u00a0\u00a0\u00a0\u00a0\u00a0\u00a0\u00a0\u00a0\u00a0\u00a0\u00a0\u00a0 \u00a0\u00a0\u00a0\u00a0\u00a0\u00a0\u00a0\u00a0\u00a0\u00a0\u00a0\u00a0\u00a0\u00a0\u00a0\u00a0\u00a0\u00a0\u00a0\u00a0\u00a0\u00a0\u00a0  2. Voln\u00fd Luk\u00e1\u0161 28,66 s<\/li>\n\n\n\n<li>Mu\u017e\u00edkov\u00e1 Anna 33,53 s&nbsp;&nbsp;&nbsp;&nbsp;&nbsp;&nbsp;&nbsp;&nbsp;&nbsp;&nbsp;&nbsp;&nbsp;&nbsp;&nbsp; &nbsp;&nbsp;&nbsp;&nbsp;&nbsp;&nbsp;&nbsp;&nbsp;&nbsp;&nbsp;&nbsp;&nbsp;&nbsp;&nbsp;&nbsp;&nbsp;&nbsp;&nbsp;&nbsp;&nbsp;&nbsp;&nbsp;&nbsp; 3. \u010c\u00edp Bartolom\u011bj 29,81 s<\/li>\n<\/ol>\n\n\n\n<p>Za t\u00fdm ly\u017ea\u0159sk\u00fdch instruktor\u016f Mgr. Gabriela C\u00e1bov\u00e1 (vedouc\u00ed ly\u017ea\u0159sk\u00e9ho v\u00fdcviku).<\/p>\n\n\n\n<p>Foto <a href=\"https:\/\/zszubri.diskstation.me\/photo\/#!Albums\/album_32303234202d2032303235\/album_32303234202d20323032352f4c79c5be61c599736bc3bd2076c3bd6376696b20372e2074c599c3ad64202d20736b69617265c3a16c204b61726f6c696e6b61\">ZDE.<\/a><\/p>\n","protected":false},"excerpt":{"rendered":"<p>Prvn\u00ed \u00fanorov\u00fd t\u00fdden (3. \u2013 7. 2. 2025) se uskute\u010dnil ly\u017ea\u0159sk\u00fd v\u00fdcvik \u017e\u00e1k\u016f t\u0159\u00edd 7. B a 7. C. Po\u010das\u00ed ly\u017eov\u00e1n\u00ed p\u0159\u00e1lo, v&nbsp;noci mrzlo, sn\u011bhu bylo tak akor\u00e1t a slun\u00ed\u010dko skoro po cel\u00fd t\u00fdden zajistilo super ly\u017eova\u010dku. I p\u0159es mal\u00fd po\u010det ly\u017ea\u0159\u016f nikdo nezah\u00e1lel a pod veden\u00edm ly\u017ea\u0159sk\u00fdch instruktorek Gabriely C\u00e1bov\u00e9, Jaroslavy Ju\u0159\u00ed\u010dkov\u00e9 a Ivy Malinov\u00e9 se v\u0161ichni u\u010dili ly\u017ea\u0159sk\u00e9mu um\u011bn\u00ed. Ve&nbsp;\u010dtvrtek si sedm\u00e1ci na karolinsk\u00e9m svahu vyzkou\u0161eli z\u00e1vod ve slalomu a nakonec i&nbsp;vytou\u017een\u00e9 voln\u00e9 ly\u017eov\u00e1n\u00ed. V&nbsp;p\u00e1tek se k&nbsp;\u017e\u00e1k\u016fm 7. t\u0159\u00edd p\u0159ipojil p. u\u010d. Tom\u00e1\u0161 Rand\u00fdsek a 18 \u017e\u00e1k\u016f ze t\u0159\u00edd&nbsp;8. B a 8.&nbsp;C, kte\u0159\u00ed se \u00fa\u010dastnili jednodenn\u00edho ly\u017ea\u0159sk\u00e9ho z\u00e1jezdu pro pokro\u010dil\u00e9 ly\u017ea\u0159e. Zopakovali si tak lo\u0148sk\u00e9 z\u00e1klady z&nbsp;ly\u017ea\u0159sk\u00e9ho v\u00fdcviku. Z\u00e1zem\u00ed ve skiare\u00e1lu Karolinka a tak\u00e9 sn\u011bhov\u00e9 podm\u00ednky byly po cel\u00fd t\u00fdden v\u00fdborn\u00e9. Ly\u017ea\u0159sk\u00fd v\u00fdcvik sedm\u00e1k\u016f se vyda\u0159il a u\u017e te\u010f se v\u0161ichni m\u016f\u017eeme t\u011b\u0161it op\u011bt za rok na kr\u00e1sn\u00e9 ly\u017eov\u00e1n\u00ed. V\u00fdsledky z\u00e1vodu ve slalomu: D\u00edvky\u00a0\u00a0\u00a0\u00a0\u00a0\u00a0\u00a0\u00a0\u00a0\u00a0\u00a0\u00a0\u00a0\u00a0\u00a0\u00a0\u00a0\u00a0\u00a0\u00a0\u00a0\u00a0\u00a0\u00a0\u00a0\u00a0\u00a0\u00a0\u00a0\u00a0\u00a0\u00a0\u00a0\u00a0\u00a0\u00a0 Chlapci\u00a0\u00a0\u00a0\u00a0\u00a0\u00a0\u00a0\u00a0\u00a0\u00a0\u00a0\u00a0\u00a0\u00a0\u00a0\u00a0\u00a0\u00a0\u00a0\u00a0\u00a0 _ Za t\u00fdm ly\u017ea\u0159sk\u00fdch instruktor\u016f Mgr. Gabriela C\u00e1bov\u00e1 (vedouc\u00ed ly\u017ea\u0159sk\u00e9ho v\u00fdcviku). Foto ZDE.<\/p>\n","protected":false},"author":3,"featured_media":23003,"comment_status":"closed","ping_status":"closed","sticky":false,"template":"","format":"standard","meta":{"ngg_post_thumbnail":0,"footnotes":""},"categories":[95],"tags":[],"acf":[],"_links":{"self":[{"href":"https:\/\/www.zszubri.cz\/index.php?rest_route=\/wp\/v2\/posts\/23001"}],"collection":[{"href":"https:\/\/www.zszubri.cz\/index.php?rest_route=\/wp\/v2\/posts"}],"about":[{"href":"https:\/\/www.zszubri.cz\/index.php?rest_route=\/wp\/v2\/types\/post"}],"author":[{"embeddable":true,"href":"https:\/\/www.zszubri.cz\/index.php?rest_route=\/wp\/v2\/users\/3"}],"replies":[{"embeddable":true,"href":"https:\/\/www.zszubri.cz\/index.php?rest_route=%2Fwp%2Fv2%2Fcomments&post=23001"}],"version-history":[{"count":1,"href":"https:\/\/www.zszubri.cz\/index.php?rest_route=\/wp\/v2\/posts\/23001\/revisions"}],"predecessor-version":[{"id":23004,"href":"https:\/\/www.zszubri.cz\/index.php?rest_route=\/wp\/v2\/posts\/23001\/revisions\/23004"}],"wp:featuredmedia":[{"embeddable":true,"href":"https:\/\/www.zszubri.cz\/index.php?rest_route=\/wp\/v2\/media\/23003"}],"wp:attachment":[{"href":"https:\/\/www.zszubri.cz\/index.php?rest_route=%2Fwp%2Fv2%2Fmedia&parent=23001"}],"wp:term":[{"taxonomy":"category","embeddable":true,"href":"https:\/\/www.zszubri.cz\/index.php?rest_route=%2Fwp%2Fv2%2Fcategories&post=23001"},{"taxonomy":"post_tag","embeddable":true,"href":"https:\/\/www.zszubri.cz\/index.php?rest_route=%2Fwp%2Fv2%2Ftags&post=23001"}],"curies":[{"name":"wp","href":"https:\/\/api.w.org\/{rel}","templated":true}]}}