{"id":23333,"date":"2025-06-03T11:09:34","date_gmt":"2025-06-03T09:09:34","guid":{"rendered":"https:\/\/www.zszubri.cz\/?p=23333"},"modified":"2025-06-03T11:09:36","modified_gmt":"2025-06-03T09:09:36","slug":"den-deti-ve-skolni-druzine","status":"publish","type":"post","link":"https:\/\/www.zszubri.cz\/?p=23333","title":{"rendered":"DEN D\u011aT\u00cd ve \u0161koln\u00ed dru\u017ein\u011b"},"content":{"rendered":"<div class=\"pdfprnt-buttons pdfprnt-buttons-post pdfprnt-top-right\"><a href=\"https:\/\/www.zszubri.cz\/index.php?rest_route=wpv2posts23333&print=print\" class=\"pdfprnt-button pdfprnt-button-print\" target=\"_blank\"><img src=\"https:\/\/www.zszubri.cz\/wp-content\/plugins\/pdf-print\/images\/print.png\" alt=\"image_print\" title=\"Print Content\" \/><\/a><\/div>\n<p>V p\u00e1tek 30. kv\u011btna oslavily d\u011bti ze \u0161k. dru\u017einy sv\u016fj sv\u00e1tek na zahrad\u011b \u0161koly. Byly pro n\u011b p\u0159ipraveny stanovi\u0161t\u011b s \u00fakoly, jako nap\u0159. sk\u00e1k\u00e1n\u00ed v pytli, opi\u010d\u00ed dr\u00e1ha, shazov\u00e1n\u00ed plechovek, ch\u016fze na ch\u016fd\u00e1ch, mohly si vyto\u010dit odm\u011bnu na kole \u0161t\u011bst\u00ed a nakonec je \u010dekalo p\u0159ekvapen\u00ed &#8211; malov\u00e1n\u00ed na obli\u010dej. D\u011bti si to u\u017eily a neodradilo je ani de\u0161tiv\u00e9 po\u010das\u00ed, kter\u00e9 n\u00e1s malinko pozlobilo.<\/p>\n\n\n\n<p>Foto k nahl\u00e9dnut\u00ed  <strong><a href=\"https:\/\/zszubri.diskstation.me\/photo\/#!Albums\/album_32303234202d2032303235\/album_32303234202d20323032352f44c49b74736bc3a9206f64706f6c65646e65207620c5a044\">ZDE.<\/a><\/strong><\/p>\n","protected":false},"excerpt":{"rendered":"<p>V p\u00e1tek 30. kv\u011btna oslavily d\u011bti ze \u0161k. dru\u017einy sv\u016fj sv\u00e1tek na zahrad\u011b \u0161koly. Byly pro n\u011b p\u0159ipraveny stanovi\u0161t\u011b s \u00fakoly, jako nap\u0159. sk\u00e1k\u00e1n\u00ed v pytli, opi\u010d\u00ed dr\u00e1ha, shazov\u00e1n\u00ed plechovek, ch\u016fze na ch\u016fd\u00e1ch, mohly si vyto\u010dit odm\u011bnu na kole \u0161t\u011bst\u00ed a nakonec je \u010dekalo p\u0159ekvapen\u00ed &#8211; malov\u00e1n\u00ed na obli\u010dej. D\u011bti si to u\u017eily a neodradilo je ani de\u0161tiv\u00e9 po\u010das\u00ed, kter\u00e9 n\u00e1s malinko pozlobilo. Foto k nahl\u00e9dnut\u00ed ZDE.<\/p>\n","protected":false},"author":3,"featured_media":23334,"comment_status":"closed","ping_status":"closed","sticky":false,"template":"","format":"standard","meta":{"ngg_post_thumbnail":0,"footnotes":""},"categories":[95],"tags":[],"acf":[],"_links":{"self":[{"href":"https:\/\/www.zszubri.cz\/index.php?rest_route=\/wp\/v2\/posts\/23333"}],"collection":[{"href":"https:\/\/www.zszubri.cz\/index.php?rest_route=\/wp\/v2\/posts"}],"about":[{"href":"https:\/\/www.zszubri.cz\/index.php?rest_route=\/wp\/v2\/types\/post"}],"author":[{"embeddable":true,"href":"https:\/\/www.zszubri.cz\/index.php?rest_route=\/wp\/v2\/users\/3"}],"replies":[{"embeddable":true,"href":"https:\/\/www.zszubri.cz\/index.php?rest_route=%2Fwp%2Fv2%2Fcomments&post=23333"}],"version-history":[{"count":1,"href":"https:\/\/www.zszubri.cz\/index.php?rest_route=\/wp\/v2\/posts\/23333\/revisions"}],"predecessor-version":[{"id":23335,"href":"https:\/\/www.zszubri.cz\/index.php?rest_route=\/wp\/v2\/posts\/23333\/revisions\/23335"}],"wp:featuredmedia":[{"embeddable":true,"href":"https:\/\/www.zszubri.cz\/index.php?rest_route=\/wp\/v2\/media\/23334"}],"wp:attachment":[{"href":"https:\/\/www.zszubri.cz\/index.php?rest_route=%2Fwp%2Fv2%2Fmedia&parent=23333"}],"wp:term":[{"taxonomy":"category","embeddable":true,"href":"https:\/\/www.zszubri.cz\/index.php?rest_route=%2Fwp%2Fv2%2Fcategories&post=23333"},{"taxonomy":"post_tag","embeddable":true,"href":"https:\/\/www.zszubri.cz\/index.php?rest_route=%2Fwp%2Fv2%2Ftags&post=23333"}],"curies":[{"name":"wp","href":"https:\/\/api.w.org\/{rel}","templated":true}]}}