{"id":4679,"date":"2015-09-07T19:20:21","date_gmt":"2015-09-07T17:20:21","guid":{"rendered":"http:\/\/www.zszubri.cz\/?p=4679"},"modified":"2015-09-07T19:22:49","modified_gmt":"2015-09-07T17:22:49","slug":"modernizace-vybaveni-zs-zubri","status":"publish","type":"post","link":"https:\/\/www.zszubri.cz\/?p=4679","title":{"rendered":"MODERNIZACE VYBAVEN\u00cd Z\u0160 ZUB\u0158\u00cd"},"content":{"rendered":"<div class=\"pdfprnt-buttons pdfprnt-buttons-post pdfprnt-top-right\"><a href=\"https:\/\/www.zszubri.cz\/index.php?rest_route=wpv2posts4679&print=print\" class=\"pdfprnt-button pdfprnt-button-print\" target=\"_blank\"><img src=\"https:\/\/www.zszubri.cz\/wp-content\/plugins\/pdf-print\/images\/print.png\" alt=\"image_print\" title=\"Print Content\" \/><\/a><\/div><p><a href=\"http:\/\/www.zszubri.cz\/wp-content\/uploads\/2015\/09\/IMG_7830.jpg\"><img decoding=\"async\" loading=\"lazy\" class=\"alignnone size-medium wp-image-4682\" src=\"http:\/\/www.zszubri.cz\/wp-content\/uploads\/2015\/09\/IMG_7830-300x209.jpg\" alt=\"IMG_7830\" width=\"300\" height=\"209\" srcset=\"https:\/\/www.zszubri.cz\/wp-content\/uploads\/2015\/09\/IMG_7830-300x209.jpg 300w, https:\/\/www.zszubri.cz\/wp-content\/uploads\/2015\/09\/IMG_7830.jpg 1024w\" sizes=\"(max-width: 300px) 100vw, 300px\" \/><\/a><\/p>\n<hr \/>\n<p>K b\u011b\u017en\u00fdm aspekt\u016fm dobr\u00e9 \u0161koly pat\u0159\u00ed nejenom jej\u00ed v\u00fdsledky, ale i prost\u0159ed\u00ed, ve kter\u00e9m \u017e\u00e1ci tr\u00e1v\u00ed p\u0159ev\u00e1\u017enou \u010d\u00e1st sv\u00e9ho pracovn\u00edho dne. Pro zachov\u00e1n\u00ed tohoto trendu se veden\u00ed \u0161koly, ve spolupr\u00e1ci se z\u0159izovatelem, rozhodlo dlouhodob\u011b, po etap\u00e1ch, prov\u00e1d\u011bt v\u00fdm\u011bnu \u010di modernizaci jednotliv\u00fdch prostor \u0161koly. Napl\u0148uje se t\u00edm nejenom estetick\u00e1 funkce, ale i prvky bezpe\u010dnosti a hygieny provozu \u0161koly.<\/p>\n<p>V\u00a0leto\u0161n\u00edm roce se v budov\u011b na ulici Hlavn\u00ed pozornost zam\u011b\u0159ila na \u00fapravu osv\u011btlen\u00ed a podhledov\u00fdch strop\u016f u chodeb m\u00ed\u0159\u00edc\u00edch do j\u00eddelny, v\u010detn\u011b v\u00fdm\u011bny podlahov\u00fdch krytin a modernizace p\u0159\u00edslu\u0161enstv\u00ed \u2013 n\u00e1st\u011bnek, ozdobn\u00fdch a bezpe\u010dnostn\u00edch prvk\u016f. Dal\u0161\u00edm v\u00fdrazn\u00fdm momentem je z\u0159\u00edzen\u00ed samostatn\u00fdch \u0161atn\u00edch sk\u0159\u00edn\u011bk pro v\u0161echny \u017e\u00e1ky 2. stupn\u011b. Vysoce nadstandardn\u00edm prvkem je i provoz kapacitn\u011b roz\u0161\u00ed\u0159en\u00e9 kol\u00e1rny pro do\u010dasnou \u00faschovu kol na\u0161ich \u017e\u00e1k\u016f. Nep\u0159ehl\u00e9dnutelnou zm\u011bnou pro\u0161lo i ji\u017e zrekonstruovan\u00e9 atrium hlavn\u00edho vchodu, kde podle n\u00e1vrhu pan\u00ed u\u010ditelky Dufkov\u00e9 za jej\u00edho velk\u00e9ho p\u0159isp\u011bn\u00ed vznikla stylov\u00e1 v\u00fdzdoba sklen\u011bn\u00fdch v\u00fdpln\u00ed oken, vyroben\u00e1 z\u00a0odoln\u00e9 plastov\u00e9 f\u00f3lie. Pon\u011bkud skrytou investic\u00ed je celkov\u00e1 \u00faprava a oprava takzvan\u00e9 stol\u00e1rny, men\u0161\u00ed budovy za \u0161koln\u00ed j\u00eddelnou, kter\u00e1 bude slou\u017eit jako technick\u00e9 z\u00e1zem\u00ed pro provoz cel\u00e9 \u0161koly.<\/p>\n<p>I budova na \u0160koln\u00ed ulici pro\u0161la modernizac\u00ed. Z\u00a0organiza\u010dn\u00edch d\u016fvod\u016f byla zru\u0161ena odborn\u00e1 u\u010debna v\u00fdpo\u010detn\u00ed techniky a nahrazena nov\u011b vybavenou t\u0159\u00eddou pro standardn\u00ed v\u00fduku, krom\u011b nov\u011b po\u0159\u00edzen\u00e9ho \u0161koln\u00edho n\u00e1bytku je t\u0159\u00edda vybavena i ICT technikou, u kter\u00e9 se p\u0159edpokl\u00e1d\u00e1 brzk\u00fd p\u0159echod na interaktivn\u00ed v\u00fduku. T\u00edm se tato u\u010debna stane celkov\u011b ji\u017e \u0161estou u\u010debnou na \u0161kole s\u00a0obdobn\u00fdm vybaven\u00edm. Pro zv\u011bt\u0161uj\u00edc\u00ed se po\u010det d\u011bt\u00ed je nutno hledat prostory nejenom pro v\u00fduku, ale i pro aktivity nap\u0159\u00edklad \u0161koln\u00ed dru\u017einy. Nov\u011b z\u0159\u00edzen\u00e9 \u010dtvrt\u00e9 odd\u011blen\u00ed bude fungovat v\u00a0suter\u00e9nu budovy na m\u00edst\u011b b\u00fdval\u00e9 mal\u00e9 t\u011blocvi\u010dny.<\/p>\n<p>P\u0159ejeme mal\u00fdm dru\u017ein\u00e1\u0159\u016fm p\u0159\u00edjemn\u00fd pobyt v\u00a0nov\u00e9m prost\u0159ed\u00ed t\u00e9to u\u010debny a douf\u00e1me, \u017ee takto prost\u0159edky vynalo\u017een\u00e9 na jejich vzd\u011bl\u00e1v\u00e1n\u00ed p\u0159inesou prosp\u011bch a pohodu pro v\u0161echny d\u011bti nav\u0161t\u011bvuj\u00edc\u00ed na\u0161i zuberskou \u0161kolu.<\/p>\n<p>Pro \u00faplnost informace je nutno podotknout, \u017ee ve\u0161ker\u00e9 pr\u00e1ce prob\u00edhaly pl\u00e1novit\u011ba v\u00a0nadstandardn\u00edch term\u00ednech tak, aby nenaru\u0161ily v\u00fduku a provoz \u0161koly a byly v m\u011bs\u00edc\u00edch \u010dervencia srpnu koordinov\u00e1ny statut\u00e1rn\u00edm z\u00e1stupcem \u0159editele \u0161koly Mgr. Tom\u00e1\u0161em Rand\u00fdskem. Celkov\u011b vynalo\u017een\u00e9 prost\u0159edky p\u0159esahuj\u00ed \u010d\u00e1stku 900 000,- hrazen\u00fdch z\u00a0rozpo\u010dtu \u0161koly a M\u011bsta Zub\u0159\u00ed.<\/p>\n<p>Doprovodn\u00e9 obr\u00e1zky naleznete <a href=\"http:\/\/79.127.207.211\/photo\/#Albums\/album_c5a04b4f4c4ec38d5f524f4b5f323031355f32303136\/album_c5a04b4f4c4ec38d5f524f4b5f323031355f323031362f4d6f6465726e697a616365207679626176656ec3ad20c5a16b6f6c79\" target=\"_blank\">zde.<\/a><\/p>\n","protected":false},"excerpt":{"rendered":"<p>K b\u011b\u017en\u00fdm aspekt\u016fm dobr\u00e9 \u0161koly pat\u0159\u00ed nejenom jej\u00ed v\u00fdsledky, ale i prost\u0159ed\u00ed, ve kter\u00e9m \u017e\u00e1ci tr\u00e1v\u00ed p\u0159ev\u00e1\u017enou \u010d\u00e1st sv\u00e9ho pracovn\u00edho dne. Pro zachov\u00e1n\u00ed tohoto trendu se veden\u00ed \u0161koly, ve spolupr\u00e1ci se z\u0159izovatelem, rozhodlo dlouhodob\u011b, po etap\u00e1ch, prov\u00e1d\u011bt v\u00fdm\u011bnu \u010di modernizaci jednotliv\u00fdch prostor \u0161koly. Napl\u0148uje se t\u00edm nejenom estetick\u00e1 funkce, ale i prvky bezpe\u010dnosti a hygieny provozu \u0161koly. V\u00a0leto\u0161n\u00edm roce se v budov\u011b na ulici Hlavn\u00ed pozornost zam\u011b\u0159ila na \u00fapravu osv\u011btlen\u00ed a podhledov\u00fdch strop\u016f u chodeb m\u00ed\u0159\u00edc\u00edch do j\u00eddelny, v\u010detn\u011b v\u00fdm\u011bny podlahov\u00fdch krytin a modernizace p\u0159\u00edslu\u0161enstv\u00ed \u2013 n\u00e1st\u011bnek, ozdobn\u00fdch a bezpe\u010dnostn\u00edch prvk\u016f. Dal\u0161\u00edm v\u00fdrazn\u00fdm momentem je z\u0159\u00edzen\u00ed samostatn\u00fdch \u0161atn\u00edch sk\u0159\u00edn\u011bk pro v\u0161echny \u017e\u00e1ky 2. stupn\u011b. Vysoce nadstandardn\u00edm prvkem je i provoz kapacitn\u011b roz\u0161\u00ed\u0159en\u00e9 kol\u00e1rny pro do\u010dasnou \u00faschovu kol na\u0161ich \u017e\u00e1k\u016f. Nep\u0159ehl\u00e9dnutelnou zm\u011bnou pro\u0161lo i ji\u017e zrekonstruovan\u00e9 atrium hlavn\u00edho vchodu, kde podle n\u00e1vrhu pan\u00ed u\u010ditelky Dufkov\u00e9 za jej\u00edho velk\u00e9ho p\u0159isp\u011bn\u00ed vznikla stylov\u00e1 v\u00fdzdoba sklen\u011bn\u00fdch v\u00fdpln\u00ed oken, vyroben\u00e1 z\u00a0odoln\u00e9 plastov\u00e9 f\u00f3lie. Pon\u011bkud skrytou investic\u00ed je celkov\u00e1 \u00faprava a oprava takzvan\u00e9 stol\u00e1rny, men\u0161\u00ed budovy za \u0161koln\u00ed j\u00eddelnou, kter\u00e1 bude slou\u017eit jako technick\u00e9 z\u00e1zem\u00ed pro provoz cel\u00e9 \u0161koly. I budova na \u0160koln\u00ed ulici pro\u0161la modernizac\u00ed. Z\u00a0organiza\u010dn\u00edch d\u016fvod\u016f byla zru\u0161ena odborn\u00e1 u\u010debna v\u00fdpo\u010detn\u00ed techniky a nahrazena nov\u011b vybavenou t\u0159\u00eddou pro standardn\u00ed v\u00fduku, krom\u011b nov\u011b po\u0159\u00edzen\u00e9ho \u0161koln\u00edho n\u00e1bytku je t\u0159\u00edda vybavena i ICT technikou, u kter\u00e9 se p\u0159edpokl\u00e1d\u00e1 brzk\u00fd p\u0159echod na interaktivn\u00ed v\u00fduku. T\u00edm se tato u\u010debna stane celkov\u011b ji\u017e \u0161estou u\u010debnou na \u0161kole s\u00a0obdobn\u00fdm vybaven\u00edm. Pro zv\u011bt\u0161uj\u00edc\u00ed se po\u010det d\u011bt\u00ed je nutno hledat prostory nejenom pro v\u00fduku, ale i pro aktivity nap\u0159\u00edklad \u0161koln\u00ed dru\u017einy. Nov\u011b z\u0159\u00edzen\u00e9 \u010dtvrt\u00e9 odd\u011blen\u00ed bude fungovat v\u00a0suter\u00e9nu budovy na m\u00edst\u011b b\u00fdval\u00e9 mal\u00e9 t\u011blocvi\u010dny. P\u0159ejeme mal\u00fdm dru\u017ein\u00e1\u0159\u016fm p\u0159\u00edjemn\u00fd pobyt v\u00a0nov\u00e9m prost\u0159ed\u00ed t\u00e9to u\u010debny a douf\u00e1me, \u017ee takto prost\u0159edky vynalo\u017een\u00e9 na jejich vzd\u011bl\u00e1v\u00e1n\u00ed p\u0159inesou prosp\u011bch a pohodu pro v\u0161echny d\u011bti nav\u0161t\u011bvuj\u00edc\u00ed na\u0161i zuberskou \u0161kolu. Pro \u00faplnost informace je nutno podotknout, \u017ee ve\u0161ker\u00e9 pr\u00e1ce prob\u00edhaly pl\u00e1novit\u011ba v\u00a0nadstandardn\u00edch term\u00ednech tak, aby nenaru\u0161ily v\u00fduku a provoz \u0161koly a byly v m\u011bs\u00edc\u00edch \u010dervencia srpnu koordinov\u00e1ny statut\u00e1rn\u00edm z\u00e1stupcem \u0159editele \u0161koly Mgr. Tom\u00e1\u0161em Rand\u00fdskem. Celkov\u011b vynalo\u017een\u00e9 prost\u0159edky p\u0159esahuj\u00ed \u010d\u00e1stku 900 000,- hrazen\u00fdch z\u00a0rozpo\u010dtu \u0161koly a M\u011bsta Zub\u0159\u00ed. Doprovodn\u00e9 obr\u00e1zky naleznete zde.<\/p>\n","protected":false},"author":1,"featured_media":0,"comment_status":"closed","ping_status":"closed","sticky":false,"template":"","format":"standard","meta":{"ngg_post_thumbnail":0,"footnotes":""},"categories":[57],"tags":[],"acf":[],"_links":{"self":[{"href":"https:\/\/www.zszubri.cz\/index.php?rest_route=\/wp\/v2\/posts\/4679"}],"collection":[{"href":"https:\/\/www.zszubri.cz\/index.php?rest_route=\/wp\/v2\/posts"}],"about":[{"href":"https:\/\/www.zszubri.cz\/index.php?rest_route=\/wp\/v2\/types\/post"}],"author":[{"embeddable":true,"href":"https:\/\/www.zszubri.cz\/index.php?rest_route=\/wp\/v2\/users\/1"}],"replies":[{"embeddable":true,"href":"https:\/\/www.zszubri.cz\/index.php?rest_route=%2Fwp%2Fv2%2Fcomments&post=4679"}],"version-history":[{"count":3,"href":"https:\/\/www.zszubri.cz\/index.php?rest_route=\/wp\/v2\/posts\/4679\/revisions"}],"predecessor-version":[{"id":4683,"href":"https:\/\/www.zszubri.cz\/index.php?rest_route=\/wp\/v2\/posts\/4679\/revisions\/4683"}],"wp:attachment":[{"href":"https:\/\/www.zszubri.cz\/index.php?rest_route=%2Fwp%2Fv2%2Fmedia&parent=4679"}],"wp:term":[{"taxonomy":"category","embeddable":true,"href":"https:\/\/www.zszubri.cz\/index.php?rest_route=%2Fwp%2Fv2%2Fcategories&post=4679"},{"taxonomy":"post_tag","embeddable":true,"href":"https:\/\/www.zszubri.cz\/index.php?rest_route=%2Fwp%2Fv2%2Ftags&post=4679"}],"curies":[{"name":"wp","href":"https:\/\/api.w.org\/{rel}","templated":true}]}}