{"id":5271,"date":"2016-04-26T10:57:08","date_gmt":"2016-04-26T08:57:08","guid":{"rendered":"http:\/\/www.zszubri.cz\/?p=5271"},"modified":"2016-05-06T09:05:25","modified_gmt":"2016-05-06T07:05:25","slug":"den-zeme-na-druhem-stupni","status":"publish","type":"post","link":"https:\/\/www.zszubri.cz\/?p=5271","title":{"rendered":"DEN ZEM\u011a NA DRUH\u00c9M STUPNI"},"content":{"rendered":"<div class=\"pdfprnt-buttons pdfprnt-buttons-post pdfprnt-top-right\"><a href=\"https:\/\/www.zszubri.cz\/index.php?rest_route=wpv2posts5271&print=print\" class=\"pdfprnt-button pdfprnt-button-print\" target=\"_blank\"><img src=\"https:\/\/www.zszubri.cz\/wp-content\/plugins\/pdf-print\/images\/print.png\" alt=\"image_print\" title=\"Print Content\" \/><\/a><\/div><p><a href=\"http:\/\/www.zszubri.cz\/wp-content\/uploads\/2016\/04\/IMG_1767.jpg\" rel=\"attachment wp-att-5274\"><img decoding=\"async\" loading=\"lazy\" class=\"alignnone size-medium wp-image-5274\" src=\"http:\/\/www.zszubri.cz\/wp-content\/uploads\/2016\/04\/IMG_1767-300x200.jpg\" alt=\"IMG_1767\" width=\"300\" height=\"200\" srcset=\"https:\/\/www.zszubri.cz\/wp-content\/uploads\/2016\/04\/IMG_1767-300x200.jpg 300w, https:\/\/www.zszubri.cz\/wp-content\/uploads\/2016\/04\/IMG_1767-768x512.jpg 768w, https:\/\/www.zszubri.cz\/wp-content\/uploads\/2016\/04\/IMG_1767.jpg 1024w\" sizes=\"(max-width: 300px) 100vw, 300px\" \/><\/a><\/p>\n<hr \/>\n<p>Lep\u0161\u00ed po\u010das\u00ed si snad Zem\u011b ani na sv\u016fj sv\u00e1te\u010dn\u00ed den nemohla p\u0159\u00e1t a tak jsme se s\u00a0radost\u00ed vydali do p\u0159\u00edrody, abychom tam ten jej\u00ed sv\u00e1tek oslavili.<\/p>\n<p>Hned r\u00e1no jsme se se\u0161li p\u0159ed \u0161kolou, kde jsme oslavy Dne Zem\u011b zah\u00e1jili a \u0161li sout\u011b\u017eit na h\u0159i\u0161t\u011b. Tam byla p\u0159ipravena stanovi\u0161t\u011b s\u00a0r\u016fznorod\u00fdmi \u00fakoly, p\u0159i kter\u00fdch jsme mohli prok\u00e1zat, co v\u0161echno o na\u0161\u00ed Zemi, p\u0159\u00edrod\u011b , vod\u011b, p\u016fd\u011b a vzduchu v\u00edme.<\/p>\n<p>Po vyhl\u00e1\u0161en\u00ed sout\u011b\u017e\u00ed se ka\u017ed\u00e1 t\u0159\u00edda se sv\u00fdm t\u0159\u00eddn\u00edm u\u010ditelem odebrala na \u00faklid \u010d\u00e1st\u00ed Zub\u0159\u00ed \u010di okol\u00ed \u0161koly.<\/p>\n<p>Je dlu\u017eno dodat, \u017ee oslav\u00e1m p\u0159edch\u00e1zela n\u00e1le\u017eit\u00e1 p\u0159\u00edprava, ka\u017ed\u00e1 t\u0159\u00edda musela Zemi vytvo\u0159it n\u011bjak\u00e9 origin\u00e1ln\u00ed p\u0159\u00e1n\u00ed. P\u0159\u00e1n\u00ed byla opravdu n\u00e1dhern\u00e1 a velmi n\u00e1padit\u00e1, tak\u017ee m\u011bla odborn\u00e1 porota co d\u011blat, aby v\u016fbec p\u0159i\u0159adila t\u0159i m\u00edsta. Tak\u00e9 jsme se zam\u00fd\u0161leli nad t\u00edm, jak na\u0161i p\u0159\u00edrodu zachovat v\u00a0co nejlep\u0161\u00edm stavu dal\u0161\u00edm generac\u00edm.<\/p>\n<p>Za vyda\u0159en\u00fd den je nutno pod\u011bkovat \u017e\u00e1k\u016fm z\u00a0Ekot\u00fdmu a 6.B za pomoc s\u00a0p\u0159\u00edpravami a tak\u00e9 pr\u00e1ci na stanovi\u0161t\u00edch. Pochvalu si tak\u00e9 zaslou\u017e\u00ed v\u0161ichni \u017e\u00e1ci a u\u010ditel\u00e9, kte\u0159\u00ed se nad\u0161en\u011b zapojili do \u00faklidu na\u0161eho m\u011bsta a okol\u00ed \u0161koly.<\/p>\n<p>&nbsp;<\/p>\n<p>Obr\u00e1zky <a href=\"http:\/\/79.127.207.211\/photo\/#Albums\/album_c5a04b4f4c4ec38d5f524f4b5f323031355f32303136\/album_c5a04b4f4c4ec38d5f524f4b5f323031355f323031362f44454e205a454dc49a\" target=\"_blank\">naleznete zde. <\/a>Dal\u0161\u00ed foto pro t\u0159\u00eddy <a href=\"http:\/\/79.127.207.211\/photo\/#Albums\/album_c5a04b4f4c4ec38d5f524f4b5f323031355f32303136\/album_c5a04b4f4c4ec38d5f524f4b5f323031355f323031362f44656e205a656dc49b20562e412b562e42\" target=\"_blank\">5.A a 5.B najdete tady.<\/a><\/p>\n","protected":false},"excerpt":{"rendered":"<p>Lep\u0161\u00ed po\u010das\u00ed si snad Zem\u011b ani na sv\u016fj sv\u00e1te\u010dn\u00ed den nemohla p\u0159\u00e1t a tak jsme se s\u00a0radost\u00ed vydali do p\u0159\u00edrody, abychom tam ten jej\u00ed sv\u00e1tek oslavili. Hned r\u00e1no jsme se se\u0161li p\u0159ed \u0161kolou, kde jsme oslavy Dne Zem\u011b zah\u00e1jili a \u0161li sout\u011b\u017eit na h\u0159i\u0161t\u011b. Tam byla p\u0159ipravena stanovi\u0161t\u011b s\u00a0r\u016fznorod\u00fdmi \u00fakoly, p\u0159i kter\u00fdch jsme mohli prok\u00e1zat, co v\u0161echno o na\u0161\u00ed Zemi, p\u0159\u00edrod\u011b , vod\u011b, p\u016fd\u011b a vzduchu v\u00edme. Po vyhl\u00e1\u0161en\u00ed sout\u011b\u017e\u00ed se ka\u017ed\u00e1 t\u0159\u00edda se sv\u00fdm t\u0159\u00eddn\u00edm u\u010ditelem odebrala na \u00faklid \u010d\u00e1st\u00ed Zub\u0159\u00ed \u010di okol\u00ed \u0161koly. Je dlu\u017eno dodat, \u017ee oslav\u00e1m p\u0159edch\u00e1zela n\u00e1le\u017eit\u00e1 p\u0159\u00edprava, ka\u017ed\u00e1 t\u0159\u00edda musela Zemi vytvo\u0159it n\u011bjak\u00e9 origin\u00e1ln\u00ed p\u0159\u00e1n\u00ed. P\u0159\u00e1n\u00ed byla opravdu n\u00e1dhern\u00e1 a velmi n\u00e1padit\u00e1, tak\u017ee m\u011bla odborn\u00e1 porota co d\u011blat, aby v\u016fbec p\u0159i\u0159adila t\u0159i m\u00edsta. Tak\u00e9 jsme se zam\u00fd\u0161leli nad t\u00edm, jak na\u0161i p\u0159\u00edrodu zachovat v\u00a0co nejlep\u0161\u00edm stavu dal\u0161\u00edm generac\u00edm. Za vyda\u0159en\u00fd den je nutno pod\u011bkovat \u017e\u00e1k\u016fm z\u00a0Ekot\u00fdmu a 6.B za pomoc s\u00a0p\u0159\u00edpravami a tak\u00e9 pr\u00e1ci na stanovi\u0161t\u00edch. Pochvalu si tak\u00e9 zaslou\u017e\u00ed v\u0161ichni \u017e\u00e1ci a u\u010ditel\u00e9, kte\u0159\u00ed se nad\u0161en\u011b zapojili do \u00faklidu na\u0161eho m\u011bsta a okol\u00ed \u0161koly. &nbsp; Obr\u00e1zky naleznete zde. Dal\u0161\u00ed foto pro t\u0159\u00eddy 5.A a 5.B najdete tady.<\/p>\n","protected":false},"author":1,"featured_media":0,"comment_status":"closed","ping_status":"closed","sticky":false,"template":"","format":"standard","meta":{"ngg_post_thumbnail":0,"footnotes":""},"categories":[57],"tags":[],"acf":[],"_links":{"self":[{"href":"https:\/\/www.zszubri.cz\/index.php?rest_route=\/wp\/v2\/posts\/5271"}],"collection":[{"href":"https:\/\/www.zszubri.cz\/index.php?rest_route=\/wp\/v2\/posts"}],"about":[{"href":"https:\/\/www.zszubri.cz\/index.php?rest_route=\/wp\/v2\/types\/post"}],"author":[{"embeddable":true,"href":"https:\/\/www.zszubri.cz\/index.php?rest_route=\/wp\/v2\/users\/1"}],"replies":[{"embeddable":true,"href":"https:\/\/www.zszubri.cz\/index.php?rest_route=%2Fwp%2Fv2%2Fcomments&post=5271"}],"version-history":[{"count":4,"href":"https:\/\/www.zszubri.cz\/index.php?rest_route=\/wp\/v2\/posts\/5271\/revisions"}],"predecessor-version":[{"id":5301,"href":"https:\/\/www.zszubri.cz\/index.php?rest_route=\/wp\/v2\/posts\/5271\/revisions\/5301"}],"wp:attachment":[{"href":"https:\/\/www.zszubri.cz\/index.php?rest_route=%2Fwp%2Fv2%2Fmedia&parent=5271"}],"wp:term":[{"taxonomy":"category","embeddable":true,"href":"https:\/\/www.zszubri.cz\/index.php?rest_route=%2Fwp%2Fv2%2Fcategories&post=5271"},{"taxonomy":"post_tag","embeddable":true,"href":"https:\/\/www.zszubri.cz\/index.php?rest_route=%2Fwp%2Fv2%2Ftags&post=5271"}],"curies":[{"name":"wp","href":"https:\/\/api.w.org\/{rel}","templated":true}]}}