{"id":5279,"date":"2016-04-26T11:43:13","date_gmt":"2016-04-26T09:43:13","guid":{"rendered":"http:\/\/www.zszubri.cz\/?p=5279"},"modified":"2016-05-06T09:04:11","modified_gmt":"2016-05-06T07:04:11","slug":"uspech-zuberskych-zemepiscu","status":"publish","type":"post","link":"https:\/\/www.zszubri.cz\/?p=5279","title":{"rendered":"\u00daSP\u011aCH ZUBERSK\u00ddCH ZEM\u011aPISC\u016e"},"content":{"rendered":"<div class=\"pdfprnt-buttons pdfprnt-buttons-post pdfprnt-top-right\"><a href=\"https:\/\/www.zszubri.cz\/index.php?rest_route=wpv2posts5279&print=print\" class=\"pdfprnt-button pdfprnt-button-print\" target=\"_blank\"><img src=\"https:\/\/www.zszubri.cz\/wp-content\/plugins\/pdf-print\/images\/print.png\" alt=\"image_print\" title=\"Print Content\" \/><\/a><\/div><p><a href=\"http:\/\/www.zszubri.cz\/wp-content\/uploads\/2016\/04\/DSC01838.jpg\" rel=\"attachment wp-att-5299\"><img decoding=\"async\" loading=\"lazy\" class=\"alignnone size-medium wp-image-5299\" src=\"http:\/\/www.zszubri.cz\/wp-content\/uploads\/2016\/04\/DSC01838-300x169.jpg\" alt=\"DSC01838\" width=\"300\" height=\"169\" srcset=\"https:\/\/www.zszubri.cz\/wp-content\/uploads\/2016\/04\/DSC01838-300x169.jpg 300w, https:\/\/www.zszubri.cz\/wp-content\/uploads\/2016\/04\/DSC01838-768x432.jpg 768w, https:\/\/www.zszubri.cz\/wp-content\/uploads\/2016\/04\/DSC01838.jpg 1024w\" sizes=\"(max-width: 300px) 100vw, 300px\" \/><\/a><\/p>\n<hr \/>\n<p>V\u00a0p\u00e1tek 22. dubna 2016 se v\u00a0Otrokovic\u00edch uskute\u010dnilo krajsk\u00e9 kolo 21. ro\u010dn\u00edku zem\u011bpisn\u00e9 sout\u011b\u017ee Eurorebus 2016. V\u00a0r\u00e1mci koresponden\u010dn\u00edch kol se do krajsk\u00e9ho kola probojovali tito \u017e\u00e1ci: Vojt\u011bch Prstek, Ad\u00e9la Fiedlerov\u00e1, Dalibor Nov\u00e1k (dru\u017estvo Junior), Tom\u00e1\u0161 Rand\u00fdsek, Ond\u0159ej Krupa, Dominik Mareda (6.A), Zuzana \u0160imurdov\u00e1, Ond\u0159ej Hyj\u00e1nek, Luk\u00e1\u0161 Gol\u00e1\u0148 (6.B), Nat\u00e1lie Ond\u0159ejov\u00e1, Karol\u00edna Mach\u00e1\u010dkov\u00e1 (8.B), Patrik Va\u0161ek (9.A), Martin Proch\u00e1zka, Jakub \u0160imurda, Zuzana Kubelov\u00e1 (9.B). Po zdol\u00e1n\u00ed test\u016f a doprovodn\u00e9 zem\u011bpisn\u00e9 sout\u011b\u017ei se na kr\u00e1sn\u00e9m 3. m\u00edst\u011b um\u00edstilo dru\u017estvo JUNIOR a na 5. m\u00edst\u011b dru\u017estvo t\u0159\u00eddy 6.B. Ob\u011b dru\u017estva postupuj\u00ed do celost\u00e1tn\u00edho fin\u00e1le, kter\u00e9 se uskute\u010dn\u00ed 6. \u010dervna 2016 v\u00a0Praze. V\u0161em \u017e\u00e1k\u016fm d\u011bkujeme za \u00fasp\u011b\u0161nou reprezentaci \u0161koly a postupuj\u00edc\u00edm p\u0159ejeme hodn\u011b \u0161t\u011bst\u00ed v\u00a0Praze.<\/p>\n<p><a href=\"http:\/\/79.127.207.211\/photo\/#Albums\/album_c5a04b4f4c4ec38d5f524f4b5f323031355f32303136\/album_c5a04b4f4c4ec38d5f524f4b5f323031355f323031362f4555524f5245425553\" target=\"_blank\">Obr\u00e1zky z akce najdete zde.<\/a><\/p>\n","protected":false},"excerpt":{"rendered":"<p>V\u00a0p\u00e1tek 22. dubna 2016 se v\u00a0Otrokovic\u00edch uskute\u010dnilo krajsk\u00e9 kolo 21. ro\u010dn\u00edku zem\u011bpisn\u00e9 sout\u011b\u017ee Eurorebus 2016. V\u00a0r\u00e1mci koresponden\u010dn\u00edch kol se do krajsk\u00e9ho kola probojovali tito \u017e\u00e1ci: Vojt\u011bch Prstek, Ad\u00e9la Fiedlerov\u00e1, Dalibor Nov\u00e1k (dru\u017estvo Junior), Tom\u00e1\u0161 Rand\u00fdsek, Ond\u0159ej Krupa, Dominik Mareda (6.A), Zuzana \u0160imurdov\u00e1, Ond\u0159ej Hyj\u00e1nek, Luk\u00e1\u0161 Gol\u00e1\u0148 (6.B), Nat\u00e1lie Ond\u0159ejov\u00e1, Karol\u00edna Mach\u00e1\u010dkov\u00e1 (8.B), Patrik Va\u0161ek (9.A), Martin Proch\u00e1zka, Jakub \u0160imurda, Zuzana Kubelov\u00e1 (9.B). Po zdol\u00e1n\u00ed test\u016f a doprovodn\u00e9 zem\u011bpisn\u00e9 sout\u011b\u017ei se na kr\u00e1sn\u00e9m 3. m\u00edst\u011b um\u00edstilo dru\u017estvo JUNIOR a na 5. m\u00edst\u011b dru\u017estvo t\u0159\u00eddy 6.B. Ob\u011b dru\u017estva postupuj\u00ed do celost\u00e1tn\u00edho fin\u00e1le, kter\u00e9 se uskute\u010dn\u00ed 6. \u010dervna 2016 v\u00a0Praze. V\u0161em \u017e\u00e1k\u016fm d\u011bkujeme za \u00fasp\u011b\u0161nou reprezentaci \u0161koly a postupuj\u00edc\u00edm p\u0159ejeme hodn\u011b \u0161t\u011bst\u00ed v\u00a0Praze. Obr\u00e1zky z akce najdete zde.<\/p>\n","protected":false},"author":1,"featured_media":0,"comment_status":"closed","ping_status":"closed","sticky":false,"template":"","format":"standard","meta":{"ngg_post_thumbnail":0,"footnotes":""},"categories":[57],"tags":[],"acf":[],"_links":{"self":[{"href":"https:\/\/www.zszubri.cz\/index.php?rest_route=\/wp\/v2\/posts\/5279"}],"collection":[{"href":"https:\/\/www.zszubri.cz\/index.php?rest_route=\/wp\/v2\/posts"}],"about":[{"href":"https:\/\/www.zszubri.cz\/index.php?rest_route=\/wp\/v2\/types\/post"}],"author":[{"embeddable":true,"href":"https:\/\/www.zszubri.cz\/index.php?rest_route=\/wp\/v2\/users\/1"}],"replies":[{"embeddable":true,"href":"https:\/\/www.zszubri.cz\/index.php?rest_route=%2Fwp%2Fv2%2Fcomments&post=5279"}],"version-history":[{"count":3,"href":"https:\/\/www.zszubri.cz\/index.php?rest_route=\/wp\/v2\/posts\/5279\/revisions"}],"predecessor-version":[{"id":5300,"href":"https:\/\/www.zszubri.cz\/index.php?rest_route=\/wp\/v2\/posts\/5279\/revisions\/5300"}],"wp:attachment":[{"href":"https:\/\/www.zszubri.cz\/index.php?rest_route=%2Fwp%2Fv2%2Fmedia&parent=5279"}],"wp:term":[{"taxonomy":"category","embeddable":true,"href":"https:\/\/www.zszubri.cz\/index.php?rest_route=%2Fwp%2Fv2%2Fcategories&post=5279"},{"taxonomy":"post_tag","embeddable":true,"href":"https:\/\/www.zszubri.cz\/index.php?rest_route=%2Fwp%2Fv2%2Ftags&post=5279"}],"curies":[{"name":"wp","href":"https:\/\/api.w.org\/{rel}","templated":true}]}}