{"id":5425,"date":"2016-07-09T19:46:10","date_gmt":"2016-07-09T17:46:10","guid":{"rendered":"http:\/\/www.zszubri.cz\/?p=5425"},"modified":"2016-07-09T20:22:45","modified_gmt":"2016-07-09T18:22:45","slug":"karel-iv-na-zs-zubri","status":"publish","type":"post","link":"https:\/\/www.zszubri.cz\/?p=5425","title":{"rendered":"KAREL IV. NA Z\u0160 ZUB\u0158\u00cd"},"content":{"rendered":"<div class=\"pdfprnt-buttons pdfprnt-buttons-post pdfprnt-top-right\"><a href=\"https:\/\/www.zszubri.cz\/index.php?rest_route=wpv2posts5425&print=print\" class=\"pdfprnt-button pdfprnt-button-print\" target=\"_blank\"><img src=\"https:\/\/www.zszubri.cz\/wp-content\/plugins\/pdf-print\/images\/print.png\" alt=\"image_print\" title=\"Print Content\" \/><\/a><\/div><p><a href=\"http:\/\/www.zszubri.cz\/wp-content\/uploads\/2016\/07\/IMG_0115.jpg\" rel=\"attachment wp-att-5426\"><img decoding=\"async\" loading=\"lazy\" class=\"alignnone size-medium wp-image-5426\" src=\"http:\/\/www.zszubri.cz\/wp-content\/uploads\/2016\/07\/IMG_0115-300x169.jpg\" alt=\"IMG_0115\" width=\"300\" height=\"169\" srcset=\"https:\/\/www.zszubri.cz\/wp-content\/uploads\/2016\/07\/IMG_0115-300x169.jpg 300w, https:\/\/www.zszubri.cz\/wp-content\/uploads\/2016\/07\/IMG_0115-768x432.jpg 768w, https:\/\/www.zszubri.cz\/wp-content\/uploads\/2016\/07\/IMG_0115.jpg 1024w\" sizes=\"(max-width: 300px) 100vw, 300px\" \/><\/a><\/p>\n<hr \/>\n<p>V pond\u011bl\u00ed 27.6.2016 se konal na na\u0161\u00ed \u0161kole projektov\u00fd den s t\u00e9matick\u00fdm zam\u011b\u0159en\u00edm na historick\u00e9 posl\u00e1n\u00ed Karla IV. Hlavn\u00ed inici\u00e1torka a v\u016fd\u010d\u00ed s\u00edla projektu, pan\u00ed Jarka Ju\u0159\u00ed\u010dkov\u00e1, nachystala spolu s dal\u0161\u00edmi pedagogy pro d\u011bti celou \u0159adu akc\u00ed. Jejich p\u0159\u00edprava a pln\u011bn\u00ed zabraly tak\u0159ka m\u011bs\u00edc a vyvrcholen\u00edm byl pr\u00e1v\u011b tento den. D\u011bti i pedagogov\u00e9 p\u0159i\u0161li do \u0161koly v oble\u010den\u00ed evakuj\u00edc\u00ed historick\u00e9 kost\u00fdmy a n\u011bkter\u00e9 byly opravdu zda\u0159il\u00e9. Po kr\u00e1tk\u00e9m \u00favodu do\u0161lo na vyhodnocen\u00ed sout\u011b\u017e\u00ed t\u0159\u00edd, kter\u00e9 si m\u011bly p\u0159ipravit sv\u00e9 erby dru\u017ein a projekt v podob\u011b\u00a0 kol\u00e1\u017ee k odkazu Karla IV. Pot\u00e9 se \u017e\u00e1ci p\u0159em\u00edstili na \u0161koln\u00ed h\u0159i\u0161t\u011b, kde pro n\u011b \u010dlenov\u00e9 dramatick\u00fdch krou\u017ek\u016f a v\u00fdchov pod veden\u00edm pan\u00ed u\u010ditelky Gazdov\u00e9 m\u011bli p\u0159ipraveno kr\u00e1tk\u00e9 divadeln\u00ed p\u00e1smo s t\u00e9matikou zaj\u00edmav\u00e9ho \u017eivotopisu Karla IV. A nakonec dojel i s\u00e1m kr\u00e1l &#8211; pan \u0159editel Rand\u00fdsek, kter\u00fd zah\u00e1jil dal\u0161\u00ed \u010d\u00e1st dne. Tou byl okru\u017en\u00ed sout\u011b\u017en\u00ed pochod dru\u017ein vybran\u00fdmi stanovi\u0161\u0165mi, na nich\u017e \u017e\u00e1ci plnili r\u016fzn\u00e9 \u00fakoly. Po chutn\u00e9m ob\u011bd\u011b do\u0161lo na vyhodnocen\u00ed a na nanuky do ruky jako malou c\u00edlovou odm\u011bnu od tajemn\u00e9ho sponzora.<\/p>\n<p><a href=\"http:\/\/79.127.207.211\/photo\/#Albums\/album_c5a04b4f4c4ec38d5f524f4b5f323031355f32303136\/album_c5a04b4f4c4ec38d5f524f4b5f323031355f323031362f4b4152454c204956\" target=\"_blank\">Obr\u00e1zky z akce najdete zde <\/a>a pak <a href=\"http:\/\/79.127.207.211\/photo\/#Albums\/album_c5a04b4f4c4ec38d5f524f4b5f323031355f32303136\/album_c5a04b4f4c4ec38d5f524f4b5f323031355f323031362f4b6172656c204956202d2070c599656473746176656ec3ad\" target=\"_blank\">tady.<\/a><\/p>\n","protected":false},"excerpt":{"rendered":"<p>V pond\u011bl\u00ed 27.6.2016 se konal na na\u0161\u00ed \u0161kole projektov\u00fd den s t\u00e9matick\u00fdm zam\u011b\u0159en\u00edm na historick\u00e9 posl\u00e1n\u00ed Karla IV. Hlavn\u00ed inici\u00e1torka a v\u016fd\u010d\u00ed s\u00edla projektu, pan\u00ed Jarka Ju\u0159\u00ed\u010dkov\u00e1, nachystala spolu s dal\u0161\u00edmi pedagogy pro d\u011bti celou \u0159adu akc\u00ed. Jejich p\u0159\u00edprava a pln\u011bn\u00ed zabraly tak\u0159ka m\u011bs\u00edc a vyvrcholen\u00edm byl pr\u00e1v\u011b tento den. D\u011bti i pedagogov\u00e9 p\u0159i\u0161li do \u0161koly v oble\u010den\u00ed evakuj\u00edc\u00ed historick\u00e9 kost\u00fdmy a n\u011bkter\u00e9 byly opravdu zda\u0159il\u00e9. Po kr\u00e1tk\u00e9m \u00favodu do\u0161lo na vyhodnocen\u00ed sout\u011b\u017e\u00ed t\u0159\u00edd, kter\u00e9 si m\u011bly p\u0159ipravit sv\u00e9 erby dru\u017ein a projekt v podob\u011b\u00a0 kol\u00e1\u017ee k odkazu Karla IV. Pot\u00e9 se \u017e\u00e1ci p\u0159em\u00edstili na \u0161koln\u00ed h\u0159i\u0161t\u011b, kde pro n\u011b \u010dlenov\u00e9 dramatick\u00fdch krou\u017ek\u016f a v\u00fdchov pod veden\u00edm pan\u00ed u\u010ditelky Gazdov\u00e9 m\u011bli p\u0159ipraveno kr\u00e1tk\u00e9 divadeln\u00ed p\u00e1smo s t\u00e9matikou zaj\u00edmav\u00e9ho \u017eivotopisu Karla IV. A nakonec dojel i s\u00e1m kr\u00e1l &#8211; pan \u0159editel Rand\u00fdsek, kter\u00fd zah\u00e1jil dal\u0161\u00ed \u010d\u00e1st dne. Tou byl okru\u017en\u00ed sout\u011b\u017en\u00ed pochod dru\u017ein vybran\u00fdmi stanovi\u0161\u0165mi, na nich\u017e \u017e\u00e1ci plnili r\u016fzn\u00e9 \u00fakoly. Po chutn\u00e9m ob\u011bd\u011b do\u0161lo na vyhodnocen\u00ed a na nanuky do ruky jako malou c\u00edlovou odm\u011bnu od tajemn\u00e9ho sponzora. Obr\u00e1zky z akce najdete zde a pak tady.<\/p>\n","protected":false},"author":1,"featured_media":0,"comment_status":"closed","ping_status":"closed","sticky":false,"template":"","format":"standard","meta":{"ngg_post_thumbnail":0,"footnotes":""},"categories":[57],"tags":[],"acf":[],"_links":{"self":[{"href":"https:\/\/www.zszubri.cz\/index.php?rest_route=\/wp\/v2\/posts\/5425"}],"collection":[{"href":"https:\/\/www.zszubri.cz\/index.php?rest_route=\/wp\/v2\/posts"}],"about":[{"href":"https:\/\/www.zszubri.cz\/index.php?rest_route=\/wp\/v2\/types\/post"}],"author":[{"embeddable":true,"href":"https:\/\/www.zszubri.cz\/index.php?rest_route=\/wp\/v2\/users\/1"}],"replies":[{"embeddable":true,"href":"https:\/\/www.zszubri.cz\/index.php?rest_route=%2Fwp%2Fv2%2Fcomments&post=5425"}],"version-history":[{"count":3,"href":"https:\/\/www.zszubri.cz\/index.php?rest_route=\/wp\/v2\/posts\/5425\/revisions"}],"predecessor-version":[{"id":5437,"href":"https:\/\/www.zszubri.cz\/index.php?rest_route=\/wp\/v2\/posts\/5425\/revisions\/5437"}],"wp:attachment":[{"href":"https:\/\/www.zszubri.cz\/index.php?rest_route=%2Fwp%2Fv2%2Fmedia&parent=5425"}],"wp:term":[{"taxonomy":"category","embeddable":true,"href":"https:\/\/www.zszubri.cz\/index.php?rest_route=%2Fwp%2Fv2%2Fcategories&post=5425"},{"taxonomy":"post_tag","embeddable":true,"href":"https:\/\/www.zszubri.cz\/index.php?rest_route=%2Fwp%2Fv2%2Ftags&post=5425"}],"curies":[{"name":"wp","href":"https:\/\/api.w.org\/{rel}","templated":true}]}}