{"id":5641,"date":"2016-09-26T14:56:39","date_gmt":"2016-09-26T12:56:39","guid":{"rendered":"http:\/\/www.zszubri.cz\/?p=5641"},"modified":"2017-08-13T08:26:16","modified_gmt":"2017-08-13T06:26:16","slug":"veda-ktera-leci","status":"publish","type":"post","link":"https:\/\/www.zszubri.cz\/?p=5641","title":{"rendered":"V\u011aDA, KTER\u00c1 L\u00c9\u010c\u00cd"},"content":{"rendered":"<div class=\"pdfprnt-buttons pdfprnt-buttons-post pdfprnt-top-right\"><a href=\"https:\/\/www.zszubri.cz\/index.php?rest_route=wpv2posts5641&print=print\" class=\"pdfprnt-button pdfprnt-button-print\" target=\"_blank\"><img src=\"https:\/\/www.zszubri.cz\/wp-content\/plugins\/pdf-print\/images\/print.png\" alt=\"image_print\" title=\"Print Content\" \/><\/a><\/div><p><a href=\"http:\/\/www.zszubri.cz\/wp-content\/uploads\/2016\/09\/7A-Polackova-Anita.jpg\" rel=\"attachment wp-att-5643\"><img decoding=\"async\" loading=\"lazy\" class=\"alignnone size-medium wp-image-5643\" src=\"http:\/\/www.zszubri.cz\/wp-content\/uploads\/2016\/09\/7A-Polackova-Anita-206x300.jpg\" alt=\"7a-polackova-anita\" width=\"206\" height=\"300\" srcset=\"https:\/\/www.zszubri.cz\/wp-content\/uploads\/2016\/09\/7A-Polackova-Anita-206x300.jpg 206w, https:\/\/www.zszubri.cz\/wp-content\/uploads\/2016\/09\/7A-Polackova-Anita-768x1120.jpg 768w, https:\/\/www.zszubri.cz\/wp-content\/uploads\/2016\/09\/7A-Polackova-Anita-702x1024.jpg 702w, https:\/\/www.zszubri.cz\/wp-content\/uploads\/2016\/09\/7A-Polackova-Anita.jpg 1748w\" sizes=\"(max-width: 206px) 100vw, 206px\" \/><\/a><\/p>\n<hr \/>\n<p>V z\u00e1v\u011bru lo\u0148sk\u00e9ho \u0161koln\u00edho roku se n\u011bkter\u00e9 t\u0159\u00eddy 2. stupn\u011b z\u00fa\u010dastnily v\u00fdtvarn\u00e9 sout\u011b\u017ee &#8222;V\u011bda, kter\u00e1 l\u00e9\u010d\u00ed&#8220; po\u0159\u00e1dan\u00e9 hnut\u00edm Na vlastn\u00edch nohou, Fakultn\u00ed nemocnic\u00ed v\u00a0Plzni a Z\u00e1pado\u010deskou univerzitou. V\u0161echny zaslan\u00e9 pr\u00e1ce se um\u00edstily, z\u00edskaly ceny, a t\u0159i \u017e\u00e1ci dokonce obsadili posty nejvy\u0161\u0161\u00ed a obdr\u017eeli zvl\u00e1\u0161tn\u00ed ceny. Bylo vid\u011bt, \u017ee \u017e\u00e1ky pr\u00e1ce bavila \u2013 a tomu tak\u00e9 odpov\u00eddaly jej\u00ed v\u00fdsledky.<\/p>\n<ol start=\"2\">\n<li>prosince 2016 se bude konat v Katedr\u00e1le sv. V\u00edta, V\u00e1clava a Vojt\u011bcha tradi\u010dn\u00ed stono\u017ekov\u00e1 m\u0161e a po n\u00ed budou v Arcibiskupsk\u00e9m pal\u00e1ci p\u0159ed\u00e1ny v\u00edt\u011bz\u016fm zvl\u00e1\u0161tn\u00ed ceny.<\/li>\n<\/ol>\n<p>&nbsp;<\/p>\n<p><strong>V\u00fdsledkov\u00e1 listina:<\/strong><\/p>\n<p><strong>\u00a0<u>Cena J. Em. Dominika kardin\u00e1la Duky OP<\/u><\/strong><\/p>\n<ul>\n<li><strong>Bohdan Mizera <\/strong><\/li>\n<\/ul>\n<p><strong><u>Cena p\u0159ednosty D\u011btsk\u00e9 kliniky FN Plze\u0148, prof. MUDr. Josefa S\u00fdkora, Ph. D.<\/u><\/strong><\/p>\n<ul>\n<li><strong>Radek P\u0161enica <\/strong><\/li>\n<\/ul>\n<p><u>Cena Advok\u00e1tn\u00ed kancel\u00e1\u0159e Svejkovsk\u00fd, Kabelkov\u00e1 a spol.<\/u><\/p>\n<ul>\n<li>Lenka Fry\u0161ov\u00e1<\/li>\n<\/ul>\n<p><strong>\u00a0\u00a0 <\/strong><strong>\u00a0\u00a0\u00a0<\/strong><\/p>\n<p><strong><u>Cena:<\/u><\/strong><\/p>\n<ul>\n<li><strong>Mikrosv\u011bt \u2013 soubor prac\u00ed: Pavla P\u0161enicov\u00e1, Du\u0161an Pal\u00e1t, Pavel Ra\u0161ka, S\u00e1ra Bambuchov\u00e1, Tony Pol\u00e1\u010dek, Jakub Krupa, Kate\u0159ina Hol\u010d\u00e1kov\u00e1, Gabriela Ka\u0148\u00e1kov\u00e1, Ester Konko\u013eov\u00e1, \u0160imon Mizera <\/strong><\/li>\n<li><strong>P\u0159\u00edrodn\u00ed l\u00e9k\u00e1rna \u2013 soubor prac\u00ed: Eli\u0161ka Benov\u00e1, Barbora Hru\u0161kov\u00e1, Tereza Pal\u00e1tov\u00e1, Veronika Klimkov\u00e1 <\/strong><\/li>\n<li><strong>Viry a bakterie \u2013 soubor prac\u00ed: Linda Chmela\u0159ov\u00e1, Michaela \u0160imurdov\u00e1, Ad\u00e9la Pipov\u00e1, Tamara Vi\u010danov\u00e1, Sabina Svakov\u00e1,<\/strong> <strong>Johanka Kop\u00e1\u010dkov\u00e1, Eva Stru\u017ekov\u00e1, Lea Jurajdov\u00e1, Denisa Mikulenkov\u00e1 <\/strong><\/li>\n<li><strong>U l\u00e9ka\u0159e \u2013 soubor prac\u00ed: Petr V\u00e1lek, Nikola \u010cerven\u00e1, Michaela <\/strong><strong>Kr\u010dm\u00e1\u0159ov\u00e1, Veronika Mit\u00e1\u0161ov\u00e1, Aneta Plesn\u00edkov\u00e1, Zuzana Kubelov\u00e1, Nikita Pet\u0159ekov\u00e1 <\/strong><\/li>\n<\/ul>\n<p><a href=\"http:\/\/79.127.207.211\/photo\/#Albums\/album_c5a04b4f4c4ec38d20524f4b20323031362032303137\/album_c5a04b4f4c4ec38d20524f4b203230313620323031372f53544f4e4fc5bd4b41202d2056c49a44412c204b544552c381204cc389c48cc38d\" target=\"_blank\"><strong>\u00a0<\/strong>Fotografie prac\u00ed najdete v p\u0159\u00edloze zde.<\/a><\/p>\n<p><strong>\u00a0<\/strong><\/p>\n<p>&nbsp;<\/p>\n","protected":false},"excerpt":{"rendered":"<p>V z\u00e1v\u011bru lo\u0148sk\u00e9ho \u0161koln\u00edho roku se n\u011bkter\u00e9 t\u0159\u00eddy 2. stupn\u011b z\u00fa\u010dastnily v\u00fdtvarn\u00e9 sout\u011b\u017ee &#8222;V\u011bda, kter\u00e1 l\u00e9\u010d\u00ed&#8220; po\u0159\u00e1dan\u00e9 hnut\u00edm Na vlastn\u00edch nohou, Fakultn\u00ed nemocnic\u00ed v\u00a0Plzni a Z\u00e1pado\u010deskou univerzitou. V\u0161echny zaslan\u00e9 pr\u00e1ce se um\u00edstily, z\u00edskaly ceny, a t\u0159i \u017e\u00e1ci dokonce obsadili posty nejvy\u0161\u0161\u00ed a obdr\u017eeli zvl\u00e1\u0161tn\u00ed ceny. Bylo vid\u011bt, \u017ee \u017e\u00e1ky pr\u00e1ce bavila \u2013 a tomu tak\u00e9 odpov\u00eddaly jej\u00ed v\u00fdsledky. prosince 2016 se bude konat v Katedr\u00e1le sv. V\u00edta, V\u00e1clava a Vojt\u011bcha tradi\u010dn\u00ed stono\u017ekov\u00e1 m\u0161e a po n\u00ed budou v Arcibiskupsk\u00e9m pal\u00e1ci p\u0159ed\u00e1ny v\u00edt\u011bz\u016fm zvl\u00e1\u0161tn\u00ed ceny. &nbsp; V\u00fdsledkov\u00e1 listina: \u00a0Cena J. Em. Dominika kardin\u00e1la Duky OP Bohdan Mizera Cena p\u0159ednosty D\u011btsk\u00e9 kliniky FN Plze\u0148, prof. MUDr. Josefa S\u00fdkora, Ph. D. Radek P\u0161enica Cena Advok\u00e1tn\u00ed kancel\u00e1\u0159e Svejkovsk\u00fd, Kabelkov\u00e1 a spol. Lenka Fry\u0161ov\u00e1 \u00a0\u00a0 \u00a0\u00a0\u00a0 Cena: Mikrosv\u011bt \u2013 soubor prac\u00ed: Pavla P\u0161enicov\u00e1, Du\u0161an Pal\u00e1t, Pavel Ra\u0161ka, S\u00e1ra Bambuchov\u00e1, Tony Pol\u00e1\u010dek, Jakub Krupa, Kate\u0159ina Hol\u010d\u00e1kov\u00e1, Gabriela Ka\u0148\u00e1kov\u00e1, Ester Konko\u013eov\u00e1, \u0160imon Mizera P\u0159\u00edrodn\u00ed l\u00e9k\u00e1rna \u2013 soubor prac\u00ed: Eli\u0161ka Benov\u00e1, Barbora Hru\u0161kov\u00e1, Tereza Pal\u00e1tov\u00e1, Veronika Klimkov\u00e1 Viry a bakterie \u2013 soubor prac\u00ed: Linda Chmela\u0159ov\u00e1, Michaela \u0160imurdov\u00e1, Ad\u00e9la Pipov\u00e1, Tamara Vi\u010danov\u00e1, Sabina Svakov\u00e1, Johanka Kop\u00e1\u010dkov\u00e1, Eva Stru\u017ekov\u00e1, Lea Jurajdov\u00e1, Denisa Mikulenkov\u00e1 U l\u00e9ka\u0159e \u2013 soubor prac\u00ed: Petr V\u00e1lek, Nikola \u010cerven\u00e1, Michaela Kr\u010dm\u00e1\u0159ov\u00e1, Veronika Mit\u00e1\u0161ov\u00e1, Aneta Plesn\u00edkov\u00e1, Zuzana Kubelov\u00e1, Nikita Pet\u0159ekov\u00e1 \u00a0Fotografie prac\u00ed najdete v p\u0159\u00edloze zde. \u00a0 &nbsp;<\/p>\n","protected":false},"author":1,"featured_media":0,"comment_status":"closed","ping_status":"closed","sticky":false,"template":"","format":"standard","meta":{"ngg_post_thumbnail":0,"footnotes":""},"categories":[58],"tags":[],"acf":[],"_links":{"self":[{"href":"https:\/\/www.zszubri.cz\/index.php?rest_route=\/wp\/v2\/posts\/5641"}],"collection":[{"href":"https:\/\/www.zszubri.cz\/index.php?rest_route=\/wp\/v2\/posts"}],"about":[{"href":"https:\/\/www.zszubri.cz\/index.php?rest_route=\/wp\/v2\/types\/post"}],"author":[{"embeddable":true,"href":"https:\/\/www.zszubri.cz\/index.php?rest_route=\/wp\/v2\/users\/1"}],"replies":[{"embeddable":true,"href":"https:\/\/www.zszubri.cz\/index.php?rest_route=%2Fwp%2Fv2%2Fcomments&post=5641"}],"version-history":[{"count":4,"href":"https:\/\/www.zszubri.cz\/index.php?rest_route=\/wp\/v2\/posts\/5641\/revisions"}],"predecessor-version":[{"id":5691,"href":"https:\/\/www.zszubri.cz\/index.php?rest_route=\/wp\/v2\/posts\/5641\/revisions\/5691"}],"wp:attachment":[{"href":"https:\/\/www.zszubri.cz\/index.php?rest_route=%2Fwp%2Fv2%2Fmedia&parent=5641"}],"wp:term":[{"taxonomy":"category","embeddable":true,"href":"https:\/\/www.zszubri.cz\/index.php?rest_route=%2Fwp%2Fv2%2Fcategories&post=5641"},{"taxonomy":"post_tag","embeddable":true,"href":"https:\/\/www.zszubri.cz\/index.php?rest_route=%2Fwp%2Fv2%2Ftags&post=5641"}],"curies":[{"name":"wp","href":"https:\/\/api.w.org\/{rel}","templated":true}]}}