{"id":5801,"date":"2016-11-22T09:56:57","date_gmt":"2016-11-22T08:56:57","guid":{"rendered":"http:\/\/www.zszubri.cz\/?p=5801"},"modified":"2016-11-22T20:43:23","modified_gmt":"2016-11-22T19:43:23","slug":"blackout-na-skole","status":"publish","type":"post","link":"https:\/\/www.zszubri.cz\/?p=5801","title":{"rendered":"BLACKOUT NA \u0160KOLE"},"content":{"rendered":"<div class=\"pdfprnt-buttons pdfprnt-buttons-post pdfprnt-top-right\"><a href=\"https:\/\/www.zszubri.cz\/index.php?rest_route=wpv2posts5801&print=print\" class=\"pdfprnt-button pdfprnt-button-print\" target=\"_blank\"><img src=\"https:\/\/www.zszubri.cz\/wp-content\/plugins\/pdf-print\/images\/print.png\" alt=\"image_print\" title=\"Print Content\" \/><\/a><\/div><p><a href=\"http:\/\/www.zszubri.cz\/wp-content\/uploads\/2016\/11\/P1010026.jpg\" rel=\"attachment wp-att-5820\"><img decoding=\"async\" loading=\"lazy\" class=\"alignnone size-medium wp-image-5820\" src=\"http:\/\/www.zszubri.cz\/wp-content\/uploads\/2016\/11\/P1010026-300x225.jpg\" alt=\"p1010026\" width=\"300\" height=\"225\" srcset=\"https:\/\/www.zszubri.cz\/wp-content\/uploads\/2016\/11\/P1010026-300x225.jpg 300w, https:\/\/www.zszubri.cz\/wp-content\/uploads\/2016\/11\/P1010026-768x576.jpg 768w, https:\/\/www.zszubri.cz\/wp-content\/uploads\/2016\/11\/P1010026.jpg 1024w\" sizes=\"(max-width: 300px) 100vw, 300px\" \/><\/a><\/p>\n<hr \/>\n<p>Do posledn\u00ed chv\u00edle utajen\u00fdm projektov\u00fdm z\u00e1m\u011brem bylo za\u0159azen\u00ed t\u00e9matu tzv. blackoutu &#8211; neboli v\u00fdpadku elekt\u0159iny do v\u00fduky 18.11.2016. U\u010ditel\u00e9 byli sice trochu l\u00e9pe p\u0159ipraveni, nicm\u00e9n\u011b zachovali princip projektu &#8211; co si po\u010dneme bez elekt\u0159iny, jak se zachovat apod. T\u011bmto ot\u00e1zk\u00e1m byla p\u0159izp\u016fsobena v\u00fduka, a tak se vyr\u00e1b\u011bla elekt\u0159ina z brambor, zkou\u0161eli jsme komunikovat bez facebooku a mobil\u016f, diskutovali o tom, jak by se dalo p\u0159e\u017e\u00edt bez el. proudu, a to doslovn\u011b &#8211; v angli\u010dtin\u011b o studen\u00e9 strav\u011b. Zkr\u00e1tka v ka\u017ed\u00e9 hodin\u011b se na\u0161la p\u0159\u00edle\u017eitost k zamy\u0161len\u00ed nad na\u0161\u00ed z\u00e1vislost\u00ed na elekt\u0159in\u011b. Krom\u011b t\u011bchto opat\u0159en\u00ed \u017e\u00e1ci odevzdali dobrovoln\u011b mobily a vzdali se na ur\u010den\u00fd \u010das jejich u\u017e\u00edv\u00e1n\u00ed, byly vypnuty bezdr\u00e1tov\u00e9 s\u00edt\u011b \u0161koly a na kr\u00e1tk\u00fd okam\u017eik i osv\u011btlen\u00ed pro navozen\u00ed atmosf\u00e9ry.<\/p>\n<p>Projekt ur\u010dit\u011b p\u0159inesl kladnou hodnotu do na\u0161\u00ed v\u00fduky a doufejme, \u017ee bude p\u0159enesena i do \u017eivota na\u0161ich \u017e\u00e1k\u016f.<\/p>\n<p>Obr\u00e1zky z akce najdete <a href=\"http:\/\/79.127.207.211\/photo\/#Albums\/album_c5a04b4f4c4ec38d20524f4b20323031362032303137\/album_c5a04b4f4c4ec38d20524f4b203230313620323031372f424c41434b4f5554\" target=\"_blank\">zde.<\/a><\/p>\n","protected":false},"excerpt":{"rendered":"<p>Do posledn\u00ed chv\u00edle utajen\u00fdm projektov\u00fdm z\u00e1m\u011brem bylo za\u0159azen\u00ed t\u00e9matu tzv. blackoutu &#8211; neboli v\u00fdpadku elekt\u0159iny do v\u00fduky 18.11.2016. U\u010ditel\u00e9 byli sice trochu l\u00e9pe p\u0159ipraveni, nicm\u00e9n\u011b zachovali princip projektu &#8211; co si po\u010dneme bez elekt\u0159iny, jak se zachovat apod. T\u011bmto ot\u00e1zk\u00e1m byla p\u0159izp\u016fsobena v\u00fduka, a tak se vyr\u00e1b\u011bla elekt\u0159ina z brambor, zkou\u0161eli jsme komunikovat bez facebooku a mobil\u016f, diskutovali o tom, jak by se dalo p\u0159e\u017e\u00edt bez el. proudu, a to doslovn\u011b &#8211; v angli\u010dtin\u011b o studen\u00e9 strav\u011b. Zkr\u00e1tka v ka\u017ed\u00e9 hodin\u011b se na\u0161la p\u0159\u00edle\u017eitost k zamy\u0161len\u00ed nad na\u0161\u00ed z\u00e1vislost\u00ed na elekt\u0159in\u011b. Krom\u011b t\u011bchto opat\u0159en\u00ed \u017e\u00e1ci odevzdali dobrovoln\u011b mobily a vzdali se na ur\u010den\u00fd \u010das jejich u\u017e\u00edv\u00e1n\u00ed, byly vypnuty bezdr\u00e1tov\u00e9 s\u00edt\u011b \u0161koly a na kr\u00e1tk\u00fd okam\u017eik i osv\u011btlen\u00ed pro navozen\u00ed atmosf\u00e9ry. Projekt ur\u010dit\u011b p\u0159inesl kladnou hodnotu do na\u0161\u00ed v\u00fduky a doufejme, \u017ee bude p\u0159enesena i do \u017eivota na\u0161ich \u017e\u00e1k\u016f. Obr\u00e1zky z akce najdete zde.<\/p>\n","protected":false},"author":1,"featured_media":0,"comment_status":"closed","ping_status":"closed","sticky":false,"template":"","format":"standard","meta":{"ngg_post_thumbnail":0,"footnotes":""},"categories":[58],"tags":[],"acf":[],"_links":{"self":[{"href":"https:\/\/www.zszubri.cz\/index.php?rest_route=\/wp\/v2\/posts\/5801"}],"collection":[{"href":"https:\/\/www.zszubri.cz\/index.php?rest_route=\/wp\/v2\/posts"}],"about":[{"href":"https:\/\/www.zszubri.cz\/index.php?rest_route=\/wp\/v2\/types\/post"}],"author":[{"embeddable":true,"href":"https:\/\/www.zszubri.cz\/index.php?rest_route=\/wp\/v2\/users\/1"}],"replies":[{"embeddable":true,"href":"https:\/\/www.zszubri.cz\/index.php?rest_route=%2Fwp%2Fv2%2Fcomments&post=5801"}],"version-history":[{"count":5,"href":"https:\/\/www.zszubri.cz\/index.php?rest_route=\/wp\/v2\/posts\/5801\/revisions"}],"predecessor-version":[{"id":5822,"href":"https:\/\/www.zszubri.cz\/index.php?rest_route=\/wp\/v2\/posts\/5801\/revisions\/5822"}],"wp:attachment":[{"href":"https:\/\/www.zszubri.cz\/index.php?rest_route=%2Fwp%2Fv2%2Fmedia&parent=5801"}],"wp:term":[{"taxonomy":"category","embeddable":true,"href":"https:\/\/www.zszubri.cz\/index.php?rest_route=%2Fwp%2Fv2%2Fcategories&post=5801"},{"taxonomy":"post_tag","embeddable":true,"href":"https:\/\/www.zszubri.cz\/index.php?rest_route=%2Fwp%2Fv2%2Ftags&post=5801"}],"curies":[{"name":"wp","href":"https:\/\/api.w.org\/{rel}","templated":true}]}}