{"id":5871,"date":"2016-12-11T20:22:32","date_gmt":"2016-12-11T19:22:32","guid":{"rendered":"http:\/\/www.zszubri.cz\/?p=5871"},"modified":"2016-12-11T20:24:43","modified_gmt":"2016-12-11T19:24:43","slug":"definitivni-konec-bufetu","status":"publish","type":"post","link":"https:\/\/www.zszubri.cz\/?p=5871","title":{"rendered":"DEFINITIVN\u00cd KONEC BUFET\u016e"},"content":{"rendered":"<div class=\"pdfprnt-buttons pdfprnt-buttons-post pdfprnt-top-right\"><a href=\"https:\/\/www.zszubri.cz\/index.php?rest_route=wpv2posts5871&print=print\" class=\"pdfprnt-button pdfprnt-button-print\" target=\"_blank\"><img src=\"https:\/\/www.zszubri.cz\/wp-content\/plugins\/pdf-print\/images\/print.png\" alt=\"image_print\" title=\"Print Content\" \/><\/a><\/div><p>Vnucen\u00e9 ukon\u010den\u00ed \u010dinnosti \u0161koln\u00edho bufetu vinou tzv. pamlskov\u00e9 vyhl\u00e1\u0161ky &#8211; (<a href=\"http:\/\/www.zszubri.cz\/wp-content\/uploads\/2016\/12\/Pamlskov\u00e1-vyhl\u00e1\u0161ka-109-2016.pdf\" rel=\"\">pamlskova-vyhlaska-109-2016<\/a>) a povinnosti EET nabylo sv\u00e9 \u00fa\u010dinnosti k 1.12.2016. Tento den ji\u017e nebyl, a za st\u00e1vaj\u00edc\u00ed situace ji\u017e v bl\u00edzk\u00e9 budoucnosti nebude, bufet v provozu. Veden\u00ed \u0161koly t\u00edmto d\u011bkuje pan\u00ed Pavle Kali\u010dinsk\u00e9 za dosavadn\u00ed \u010dinnost a p\u0159eje j\u00ed v dal\u0161\u00ed mimo\u0161koln\u00ed \u010dinnosti mnoho \u00fasp\u011bch\u016f. \u0160kola za nast\u00e1l\u00e9 legislativn\u00ed situace podporuje projektov\u00e9 stravovac\u00ed akce &#8211; Ovoce do \u0161kol a \u0160koln\u00ed ml\u00e9ko. \u0160kola nehodl\u00e1 ze sv\u00e9 iniciativy prov\u00e1d\u011bt n\u00e1hradn\u00ed \u010dinnost supluj\u00edc\u00ed n\u011bkter\u00e9 stravovac\u00ed mezery vznikl\u00e9 po zru\u0161en\u00ed bufetu v\u010detn\u011b pitn\u00e9ho re\u017eimu, nebo\u0165 st\u00e1vaj\u00edc\u00ed organiza\u010dn\u00ed, legislativn\u00ed a hlavn\u011b finan\u010dn\u00ed situace nevede k podpo\u0159e takov\u00e9hoto kon\u00e1n\u00ed. \u0160kola pevn\u011b v\u011b\u0159\u00ed v odpov\u011bdnost rodi\u010d\u016f jako hlavn\u00edch akt\u00e9r\u016f v\u00fd\u017eivy d\u011bt\u00ed a vyz\u00fdv\u00e1 ke zm\u011bn\u011b re\u017eimu stravov\u00e1n\u00ed s ohledem na ji\u017e uveden\u00e9 skute\u010dnosti. \u0160kola tak\u00e9 douf\u00e1 v brzk\u00e9 budoucnosti v sou\u010dinnost zainteresovan\u00fdch st\u00e1tn\u00edch org\u00e1n\u016f a jin\u00fdch organizac\u00ed, kter\u00e9 pamlskovou vyhl\u00e1\u0161kou p\u0159evzaly \u010d\u00e1st odpov\u011bdnosti za zdrav\u00e9 stravov\u00e1n\u00ed a p\u0159iv\u00edt\u00e1 jakoukoliv aktivitu ze strany st\u00e1tu, kter\u00e1 bude podporovat rozvoj spr\u00e1vn\u00fdch n\u00e1vyk\u016f a slo\u017een\u00ed stravy p\u0159i zachov\u00e1n\u00ed spot\u0159ebn\u00edho ko\u0161e, finan\u010dn\u00ed p\u0159im\u011b\u0159enosti pro klienty a \u0161kolu. P\u0159edpokl\u00e1d\u00e1 se tak\u00e9, \u017ee takov\u00e9to aktivity budou respektovat\u00a0 organiza\u010dn\u00ed z\u00e1t\u011b\u017e spjatou s v\u00fdukou a vzd\u011bl\u00e1vac\u00edm chodem \u0161koly, kter\u00fd je prim\u00e1rn\u00edm zam\u011b\u0159en\u00edm \u0161koly.<\/p>\n","protected":false},"excerpt":{"rendered":"<p>Vnucen\u00e9 ukon\u010den\u00ed \u010dinnosti \u0161koln\u00edho bufetu vinou tzv. pamlskov\u00e9 vyhl\u00e1\u0161ky &#8211; (pamlskova-vyhlaska-109-2016) a povinnosti EET nabylo sv\u00e9 \u00fa\u010dinnosti k 1.12.2016. Tento den ji\u017e nebyl, a za st\u00e1vaj\u00edc\u00ed situace ji\u017e v bl\u00edzk\u00e9 budoucnosti nebude, bufet v provozu. Veden\u00ed \u0161koly t\u00edmto d\u011bkuje pan\u00ed Pavle Kali\u010dinsk\u00e9 za dosavadn\u00ed \u010dinnost a p\u0159eje j\u00ed v dal\u0161\u00ed mimo\u0161koln\u00ed \u010dinnosti mnoho \u00fasp\u011bch\u016f. \u0160kola za nast\u00e1l\u00e9 legislativn\u00ed situace podporuje projektov\u00e9 stravovac\u00ed akce &#8211; Ovoce do \u0161kol a \u0160koln\u00ed ml\u00e9ko. \u0160kola nehodl\u00e1 ze sv\u00e9 iniciativy prov\u00e1d\u011bt n\u00e1hradn\u00ed \u010dinnost supluj\u00edc\u00ed n\u011bkter\u00e9 stravovac\u00ed mezery vznikl\u00e9 po zru\u0161en\u00ed bufetu v\u010detn\u011b pitn\u00e9ho re\u017eimu, nebo\u0165 st\u00e1vaj\u00edc\u00ed organiza\u010dn\u00ed, legislativn\u00ed a hlavn\u011b finan\u010dn\u00ed situace nevede k podpo\u0159e takov\u00e9hoto kon\u00e1n\u00ed. \u0160kola pevn\u011b v\u011b\u0159\u00ed v odpov\u011bdnost rodi\u010d\u016f jako hlavn\u00edch akt\u00e9r\u016f v\u00fd\u017eivy d\u011bt\u00ed a vyz\u00fdv\u00e1 ke zm\u011bn\u011b re\u017eimu stravov\u00e1n\u00ed s ohledem na ji\u017e uveden\u00e9 skute\u010dnosti. \u0160kola tak\u00e9 douf\u00e1 v brzk\u00e9 budoucnosti v sou\u010dinnost zainteresovan\u00fdch st\u00e1tn\u00edch org\u00e1n\u016f a jin\u00fdch organizac\u00ed, kter\u00e9 pamlskovou vyhl\u00e1\u0161kou p\u0159evzaly \u010d\u00e1st odpov\u011bdnosti za zdrav\u00e9 stravov\u00e1n\u00ed a p\u0159iv\u00edt\u00e1 jakoukoliv aktivitu ze strany st\u00e1tu, kter\u00e1 bude podporovat rozvoj spr\u00e1vn\u00fdch n\u00e1vyk\u016f a slo\u017een\u00ed stravy p\u0159i zachov\u00e1n\u00ed spot\u0159ebn\u00edho ko\u0161e, finan\u010dn\u00ed p\u0159im\u011b\u0159enosti pro klienty a \u0161kolu. P\u0159edpokl\u00e1d\u00e1 se tak\u00e9, \u017ee takov\u00e9to aktivity budou respektovat\u00a0 organiza\u010dn\u00ed z\u00e1t\u011b\u017e spjatou s v\u00fdukou a vzd\u011bl\u00e1vac\u00edm chodem \u0161koly, kter\u00fd je prim\u00e1rn\u00edm zam\u011b\u0159en\u00edm \u0161koly.<\/p>\n","protected":false},"author":1,"featured_media":0,"comment_status":"closed","ping_status":"closed","sticky":false,"template":"","format":"standard","meta":{"ngg_post_thumbnail":0,"footnotes":""},"categories":[58],"tags":[],"acf":[],"_links":{"self":[{"href":"https:\/\/www.zszubri.cz\/index.php?rest_route=\/wp\/v2\/posts\/5871"}],"collection":[{"href":"https:\/\/www.zszubri.cz\/index.php?rest_route=\/wp\/v2\/posts"}],"about":[{"href":"https:\/\/www.zszubri.cz\/index.php?rest_route=\/wp\/v2\/types\/post"}],"author":[{"embeddable":true,"href":"https:\/\/www.zszubri.cz\/index.php?rest_route=\/wp\/v2\/users\/1"}],"replies":[{"embeddable":true,"href":"https:\/\/www.zszubri.cz\/index.php?rest_route=%2Fwp%2Fv2%2Fcomments&post=5871"}],"version-history":[{"count":5,"href":"https:\/\/www.zszubri.cz\/index.php?rest_route=\/wp\/v2\/posts\/5871\/revisions"}],"predecessor-version":[{"id":5877,"href":"https:\/\/www.zszubri.cz\/index.php?rest_route=\/wp\/v2\/posts\/5871\/revisions\/5877"}],"wp:attachment":[{"href":"https:\/\/www.zszubri.cz\/index.php?rest_route=%2Fwp%2Fv2%2Fmedia&parent=5871"}],"wp:term":[{"taxonomy":"category","embeddable":true,"href":"https:\/\/www.zszubri.cz\/index.php?rest_route=%2Fwp%2Fv2%2Fcategories&post=5871"},{"taxonomy":"post_tag","embeddable":true,"href":"https:\/\/www.zszubri.cz\/index.php?rest_route=%2Fwp%2Fv2%2Ftags&post=5871"}],"curies":[{"name":"wp","href":"https:\/\/api.w.org\/{rel}","templated":true}]}}