{"id":5899,"date":"2016-12-19T09:24:54","date_gmt":"2016-12-19T08:24:54","guid":{"rendered":"http:\/\/www.zszubri.cz\/?p=5899"},"modified":"2016-12-19T09:24:54","modified_gmt":"2016-12-19T08:24:54","slug":"prednaska-venovana-nejen-prevenci-trestne-cinnosti-mladeze","status":"publish","type":"post","link":"https:\/\/www.zszubri.cz\/?p=5899","title":{"rendered":"P\u0158EDN\u00c1\u0160KA V\u011aNOVAN\u00c1 NEJEN PREVENCI TRESTN\u00c9 \u010cINNOSTI ML\u00c1DE\u017dE"},"content":{"rendered":"<div class=\"pdfprnt-buttons pdfprnt-buttons-post pdfprnt-top-right\"><a href=\"https:\/\/www.zszubri.cz\/index.php?rest_route=wpv2posts5899&print=print\" class=\"pdfprnt-button pdfprnt-button-print\" target=\"_blank\"><img src=\"https:\/\/www.zszubri.cz\/wp-content\/plugins\/pdf-print\/images\/print.png\" alt=\"image_print\" title=\"Print Content\" \/><\/a><\/div><p><a href=\"http:\/\/www.zszubri.cz\/wp-content\/uploads\/2016\/12\/IMG_6261.jpg\" rel=\"attachment wp-att-5900\"><img decoding=\"async\" loading=\"lazy\" class=\"alignnone size-medium wp-image-5900\" src=\"http:\/\/www.zszubri.cz\/wp-content\/uploads\/2016\/12\/IMG_6261-300x225.jpg\" alt=\"img_6261\" width=\"300\" height=\"225\" srcset=\"https:\/\/www.zszubri.cz\/wp-content\/uploads\/2016\/12\/IMG_6261-300x225.jpg 300w, https:\/\/www.zszubri.cz\/wp-content\/uploads\/2016\/12\/IMG_6261-768x576.jpg 768w, https:\/\/www.zszubri.cz\/wp-content\/uploads\/2016\/12\/IMG_6261.jpg 1024w\" sizes=\"(max-width: 300px) 100vw, 300px\" \/><\/a><\/p>\n<hr \/>\n<p>Ve st\u0159edu 14. prosince prob\u011bhla v\u00a0p\u0159edm\u011btu v\u00fdchova k\u00a0ob\u010danstv\u00ed a ke zdrav\u00ed p\u0159edn\u00e1\u0161ka pro \u017e\u00e1ky\u00a09. ro\u010dn\u00edk\u016f. P\u0159edn\u00e1\u0161ej\u00edc\u00edm byl por. Bc. Vladislav Malcharczik, tiskov\u00fd mluv\u010d\u00ed vset\u00ednsk\u00e9ho \u00fazemn\u00edho odboru krajsk\u00e9ho \u0159editelstv\u00ed zl\u00ednsk\u00e9ho kraje. Hlavn\u00edm t\u00e9matem p\u0159edn\u00e1\u0161ky byla trestn\u00e1 \u010dinnost ml\u00e1de\u017ee a p\u00e1chan\u00e1 na ml\u00e1de\u017ei. \u017d\u00e1ci si vyslechli preventivn\u00ed doporu\u010den\u00ed jak se nest\u00e1t ob\u011bt\u00ed protipr\u00e1vn\u00edho jedn\u00e1n\u00ed. Dozv\u011bd\u011bli se, jak\u00fd je rozd\u00edl mezi p\u0159estupkem a trestn\u00fdm \u010dinem i jak\u00e9 jsou nej\u010dast\u011bj\u0161\u00ed druhy protipr\u00e1vn\u00edho jedn\u00e1n\u00ed mlad\u00fdch lid\u00ed. Byli informov\u00e1ni o legislativn\u00ed \u00faprav\u011b t\u00fdkaj\u00edc\u00ed se alkoholu, tab\u00e1kov\u00fdch v\u00fdrobk\u016f a drog.<\/p>\n<p>Z\u00e1v\u011br p\u0159edn\u00e1\u0161ky pat\u0159il \u017e\u00e1k\u016fm a jejich dotaz\u016fm.<\/p>\n<p><a href=\"http:\/\/79.127.207.211\/photo\/#Albums\/album_c5a04b4f4c4ec38d20524f4b20323031362032303137\/album_c5a04b4f4c4ec38d20524f4b203230313620323031372f50524556454e4345204b52494d494e414c495459\" target=\"_blank\">Obr\u00e1zky z akce naleznete zde.<\/a><\/p>\n","protected":false},"excerpt":{"rendered":"<p>Ve st\u0159edu 14. prosince prob\u011bhla v\u00a0p\u0159edm\u011btu v\u00fdchova k\u00a0ob\u010danstv\u00ed a ke zdrav\u00ed p\u0159edn\u00e1\u0161ka pro \u017e\u00e1ky\u00a09. ro\u010dn\u00edk\u016f. P\u0159edn\u00e1\u0161ej\u00edc\u00edm byl por. Bc. Vladislav Malcharczik, tiskov\u00fd mluv\u010d\u00ed vset\u00ednsk\u00e9ho \u00fazemn\u00edho odboru krajsk\u00e9ho \u0159editelstv\u00ed zl\u00ednsk\u00e9ho kraje. Hlavn\u00edm t\u00e9matem p\u0159edn\u00e1\u0161ky byla trestn\u00e1 \u010dinnost ml\u00e1de\u017ee a p\u00e1chan\u00e1 na ml\u00e1de\u017ei. \u017d\u00e1ci si vyslechli preventivn\u00ed doporu\u010den\u00ed jak se nest\u00e1t ob\u011bt\u00ed protipr\u00e1vn\u00edho jedn\u00e1n\u00ed. Dozv\u011bd\u011bli se, jak\u00fd je rozd\u00edl mezi p\u0159estupkem a trestn\u00fdm \u010dinem i jak\u00e9 jsou nej\u010dast\u011bj\u0161\u00ed druhy protipr\u00e1vn\u00edho jedn\u00e1n\u00ed mlad\u00fdch lid\u00ed. Byli informov\u00e1ni o legislativn\u00ed \u00faprav\u011b t\u00fdkaj\u00edc\u00ed se alkoholu, tab\u00e1kov\u00fdch v\u00fdrobk\u016f a drog. Z\u00e1v\u011br p\u0159edn\u00e1\u0161ky pat\u0159il \u017e\u00e1k\u016fm a jejich dotaz\u016fm. Obr\u00e1zky z akce naleznete zde.<\/p>\n","protected":false},"author":1,"featured_media":0,"comment_status":"closed","ping_status":"closed","sticky":false,"template":"","format":"standard","meta":{"ngg_post_thumbnail":0,"footnotes":""},"categories":[58],"tags":[],"acf":[],"_links":{"self":[{"href":"https:\/\/www.zszubri.cz\/index.php?rest_route=\/wp\/v2\/posts\/5899"}],"collection":[{"href":"https:\/\/www.zszubri.cz\/index.php?rest_route=\/wp\/v2\/posts"}],"about":[{"href":"https:\/\/www.zszubri.cz\/index.php?rest_route=\/wp\/v2\/types\/post"}],"author":[{"embeddable":true,"href":"https:\/\/www.zszubri.cz\/index.php?rest_route=\/wp\/v2\/users\/1"}],"replies":[{"embeddable":true,"href":"https:\/\/www.zszubri.cz\/index.php?rest_route=%2Fwp%2Fv2%2Fcomments&post=5899"}],"version-history":[{"count":1,"href":"https:\/\/www.zszubri.cz\/index.php?rest_route=\/wp\/v2\/posts\/5899\/revisions"}],"predecessor-version":[{"id":5901,"href":"https:\/\/www.zszubri.cz\/index.php?rest_route=\/wp\/v2\/posts\/5899\/revisions\/5901"}],"wp:attachment":[{"href":"https:\/\/www.zszubri.cz\/index.php?rest_route=%2Fwp%2Fv2%2Fmedia&parent=5899"}],"wp:term":[{"taxonomy":"category","embeddable":true,"href":"https:\/\/www.zszubri.cz\/index.php?rest_route=%2Fwp%2Fv2%2Fcategories&post=5899"},{"taxonomy":"post_tag","embeddable":true,"href":"https:\/\/www.zszubri.cz\/index.php?rest_route=%2Fwp%2Fv2%2Ftags&post=5899"}],"curies":[{"name":"wp","href":"https:\/\/api.w.org\/{rel}","templated":true}]}}