{"id":5952,"date":"2017-01-13T11:01:34","date_gmt":"2017-01-13T10:01:34","guid":{"rendered":"http:\/\/www.zszubri.cz\/?p=5952"},"modified":"2017-02-09T13:24:31","modified_gmt":"2017-02-09T12:24:31","slug":"predbezna-informace-k-zapisu-do-1-trid-20172018","status":"publish","type":"post","link":"https:\/\/www.zszubri.cz\/?p=5952","title":{"rendered":"P\u0158EDB\u011a\u017dN\u00c1 INFORMACE K Z\u00c1PISU DO 1. T\u0158\u00cdD 2017\/2018"},"content":{"rendered":"<div class=\"pdfprnt-buttons pdfprnt-buttons-post pdfprnt-top-right\"><a href=\"https:\/\/www.zszubri.cz\/index.php?rest_route=wpv2posts5952&print=print\" class=\"pdfprnt-button pdfprnt-button-print\" target=\"_blank\"><img src=\"https:\/\/www.zszubri.cz\/wp-content\/plugins\/pdf-print\/images\/print.png\" alt=\"image_print\" title=\"Print Content\" \/><\/a><\/div><p>Veden\u00ed \u0161koly informuje r\u00e1mcov\u011b ohledn\u011b st\u00e1vaj\u00edc\u00ed situace z\u00e1pisu d\u011bt\u00ed do prvn\u00edch t\u0159\u00edd takto:<\/p>\n<p>Term\u00edn je dle nov\u00e9 legislativy posunut a stanoven na m\u011bs\u00edc duben 2017, \u0161kola p\u0159edpokl\u00e1d\u00e1 kon\u00e1n\u00ed v term\u00ednu &#8211; <strong>st\u0159eda 5.4. 2017 a ve \u010dtvrtek 6.4.2017<\/strong>. Podrobn\u011bj\u0161\u00ed informace v\u010detn\u011b pozv\u00e1nky obdr\u017e\u00ed rodi\u010de v\u010das po\u0161tou spolu s dal\u0161\u00edmi podp\u016frn\u00fdmi odkazy a informacemi, kter\u00e9 tak\u00e9 naleznete <a href=\"http:\/\/www.zszubri.cz\/?page_id=2813\">zde. (odkaz bude dopl\u0148ov\u00e1n)<\/a><\/p>\n<p>Ve\u0161ker\u00e9 dal\u0161\u00ed n\u00e1le\u017eitosti (doporu\u010den\u00ed PPP, posouzen\u00ed \u0161koln\u00ed zralosti, spr\u00e1vn\u00ed \u0159\u00edzen\u00ed apod. z\u016fst\u00e1vaj\u00ed nezm\u011bn\u011bny).<\/p>\n<p>V\u00edce informac\u00ed poskytuje tak\u00e9 M\u0160MT &#8211;<a href=\"https:\/\/www.google.cz\/url?sa=t&amp;rct=j&amp;q=&amp;esrc=s&amp;source=web&amp;cd=1&amp;ved=0ahUKEwjTosGc_YLSAhWFXRQKHUO8CC0QFggbMAA&amp;url=http%3A%2F%2Fwww.msmt.cz%2Ffile%2F39797_1_1%2F&amp;usg=AFQjCNGyQaid6TPRFP7zpGFGZFPl1vBaoA&amp;cad=rja\"> odkaz zde.<\/a><\/p>\n<hr>\n<p><span style=\"color: #800000;\"><em>\u0160kola oslovuje a \u017e\u00e1d\u00e1 rodi\u010de budouc\u00edch prv\u0148\u00e1\u010dk\u016f o zodpov\u011bdn\u00fd p\u0159\u00edstup ve dvou rovin\u00e1ch:<br \/>\n<\/em><\/span><\/p>\n<p>a) vzhledem k zaveden\u00ed <strong>tzv. inkluze do \u0161ko<\/strong>l doch\u00e1z\u00ed k p\u0159et\u00ed\u017eenosti pedagogick\u00e9 poradny p\u0159i nutnosti vy\u0161et\u0159en\u00ed o odkladu. M\u016f\u017ee tak doch\u00e1zet ke zna\u010dn\u00e9mu zpo\u017ed\u011bn\u00ed ve smyslu toho, \u017ee \u017e\u00e1k (prv\u0148\u00e1\u010dek) bude legislativn\u011b p\u0159ijat v\u00fdnosem \u0159editel \u0161koly a a\u017e teprve pot\u00e9 budou rodi\u010de m\u00edt v ruce vyrozum\u011bn\u00ed poradny, kter\u00e9 slou\u017e\u00ed jako podklad pro odklad. Situace je pot\u00e9 legislativn\u011b nep\u0159ehledn\u00e1 a zbyte\u010dn\u011b komplikovan\u00e1&nbsp;(nicm\u00e9n\u011b \u0159e\u0161iteln\u00e1) ru\u0161en\u00edm rozhodnut\u00ed, zaveden\u00edm odkladu apod. <strong>\u0160kola navrhuje rodi\u010d\u016fm, aby si v od\u016fvodn\u011bn\u00fdch p\u0159\u00edpadech zajistili term\u00edn u PPP, resp. konzultovali svoji situaci se st\u00e1vaj\u00edc\u00edm vzd\u011bl\u00e1vac\u00edm \u00fastavem &#8211; \u0161kolkou.<\/strong><\/p>\n<hr>\n<p>b)<strong> \u0161kola oslovuje rodi\u010de se \u017e\u00e1dost\u00ed o \u00fa\u010dast d\u00edt\u011bte u z\u00e1pisu<\/strong>, nebo\u0165 se jedn\u00e1 o v\u00fdznamn\u00fd psychologick\u00fd i osobnostn\u00ed pro\u017eitek, kter\u00fd rozhodn\u011b posiluje v\u011bdom\u00ed d\u00edt\u011bte a vede k tvo\u0159en\u00ed kladn\u00fdch hodnot v\u010detn\u011b p\u0159\u00e1telsk\u00e9ho postoje ke \u0161kole jako vzd\u011bl\u00e1vac\u00ed instituci. \u0160kola ji\u017e dlouhodob\u011b a tradi\u010dn\u011b pro tyto p\u0159\u00edpady uspo\u0159\u00e1d\u00e1v\u00e1 z\u00e1pis p\u0159ita\u017elivou a pro d\u011bti motiva\u010dn\u00ed formou tak, aby oboustrann\u00e9 kontakty u\u010ditel a d\u00edt\u011b, ev. rodi\u010de, m\u011bly p\u0159\u00edv\u011btivou atmosf\u00e9ru.<\/p>\n<p>D\u011bkujeme za spolupr\u00e1ci, za veden\u00ed \u0161koly vyhotovil Mgr. Marek Mikl, Z\u0158\u0160 Z\u0160 Zub\u0159\u00ed.<\/p>\n<p>&nbsp;<\/p>\n<p>&nbsp;<\/p>\n<p>&nbsp;<\/p>\n","protected":false},"excerpt":{"rendered":"<p>Veden\u00ed \u0161koly informuje r\u00e1mcov\u011b ohledn\u011b st\u00e1vaj\u00edc\u00ed situace z\u00e1pisu d\u011bt\u00ed do prvn\u00edch t\u0159\u00edd takto: Term\u00edn je dle nov\u00e9 legislativy posunut a stanoven na m\u011bs\u00edc duben 2017, \u0161kola p\u0159edpokl\u00e1d\u00e1 kon\u00e1n\u00ed v term\u00ednu &#8211; st\u0159eda 5.4. 2017 a ve \u010dtvrtek 6.4.2017. Podrobn\u011bj\u0161\u00ed informace v\u010detn\u011b pozv\u00e1nky obdr\u017e\u00ed rodi\u010de v\u010das po\u0161tou spolu s dal\u0161\u00edmi podp\u016frn\u00fdmi odkazy a informacemi, kter\u00e9 tak\u00e9 naleznete zde. (odkaz bude dopl\u0148ov\u00e1n) Ve\u0161ker\u00e9 dal\u0161\u00ed n\u00e1le\u017eitosti (doporu\u010den\u00ed PPP, posouzen\u00ed \u0161koln\u00ed zralosti, spr\u00e1vn\u00ed \u0159\u00edzen\u00ed apod. z\u016fst\u00e1vaj\u00ed nezm\u011bn\u011bny). V\u00edce informac\u00ed poskytuje tak\u00e9 M\u0160MT &#8211; odkaz zde. \u0160kola oslovuje a \u017e\u00e1d\u00e1 rodi\u010de budouc\u00edch prv\u0148\u00e1\u010dk\u016f o zodpov\u011bdn\u00fd p\u0159\u00edstup ve dvou rovin\u00e1ch: a) vzhledem k zaveden\u00ed tzv. inkluze do \u0161kol doch\u00e1z\u00ed k p\u0159et\u00ed\u017eenosti pedagogick\u00e9 poradny p\u0159i nutnosti vy\u0161et\u0159en\u00ed o odkladu. M\u016f\u017ee tak doch\u00e1zet ke zna\u010dn\u00e9mu zpo\u017ed\u011bn\u00ed ve smyslu toho, \u017ee \u017e\u00e1k (prv\u0148\u00e1\u010dek) bude legislativn\u011b p\u0159ijat v\u00fdnosem \u0159editel \u0161koly a a\u017e teprve pot\u00e9 budou rodi\u010de m\u00edt v ruce vyrozum\u011bn\u00ed poradny, kter\u00e9 slou\u017e\u00ed jako podklad pro odklad. Situace je pot\u00e9 legislativn\u011b nep\u0159ehledn\u00e1 a zbyte\u010dn\u011b komplikovan\u00e1&nbsp;(nicm\u00e9n\u011b \u0159e\u0161iteln\u00e1) ru\u0161en\u00edm rozhodnut\u00ed, zaveden\u00edm odkladu apod. \u0160kola navrhuje rodi\u010d\u016fm, aby si v od\u016fvodn\u011bn\u00fdch p\u0159\u00edpadech zajistili term\u00edn u PPP, resp. konzultovali svoji situaci se st\u00e1vaj\u00edc\u00edm vzd\u011bl\u00e1vac\u00edm \u00fastavem &#8211; \u0161kolkou. b) \u0161kola oslovuje rodi\u010de se \u017e\u00e1dost\u00ed o \u00fa\u010dast d\u00edt\u011bte u z\u00e1pisu, nebo\u0165 se jedn\u00e1 o v\u00fdznamn\u00fd psychologick\u00fd i osobnostn\u00ed pro\u017eitek, kter\u00fd rozhodn\u011b posiluje v\u011bdom\u00ed d\u00edt\u011bte a vede k tvo\u0159en\u00ed kladn\u00fdch hodnot v\u010detn\u011b p\u0159\u00e1telsk\u00e9ho postoje ke \u0161kole jako vzd\u011bl\u00e1vac\u00ed instituci. \u0160kola ji\u017e dlouhodob\u011b a tradi\u010dn\u011b pro tyto p\u0159\u00edpady uspo\u0159\u00e1d\u00e1v\u00e1 z\u00e1pis p\u0159ita\u017elivou a pro d\u011bti motiva\u010dn\u00ed formou tak, aby oboustrann\u00e9 kontakty u\u010ditel a d\u00edt\u011b, ev. rodi\u010de, m\u011bly p\u0159\u00edv\u011btivou atmosf\u00e9ru. D\u011bkujeme za spolupr\u00e1ci, za veden\u00ed \u0161koly vyhotovil Mgr. Marek Mikl, Z\u0158\u0160 Z\u0160 Zub\u0159\u00ed. &nbsp; &nbsp; &nbsp;<\/p>\n","protected":false},"author":1,"featured_media":0,"comment_status":"closed","ping_status":"closed","sticky":false,"template":"","format":"standard","meta":{"ngg_post_thumbnail":0,"footnotes":""},"categories":[58],"tags":[],"acf":[],"_links":{"self":[{"href":"https:\/\/www.zszubri.cz\/index.php?rest_route=\/wp\/v2\/posts\/5952"}],"collection":[{"href":"https:\/\/www.zszubri.cz\/index.php?rest_route=\/wp\/v2\/posts"}],"about":[{"href":"https:\/\/www.zszubri.cz\/index.php?rest_route=\/wp\/v2\/types\/post"}],"author":[{"embeddable":true,"href":"https:\/\/www.zszubri.cz\/index.php?rest_route=\/wp\/v2\/users\/1"}],"replies":[{"embeddable":true,"href":"https:\/\/www.zszubri.cz\/index.php?rest_route=%2Fwp%2Fv2%2Fcomments&post=5952"}],"version-history":[{"count":9,"href":"https:\/\/www.zszubri.cz\/index.php?rest_route=\/wp\/v2\/posts\/5952\/revisions"}],"predecessor-version":[{"id":6014,"href":"https:\/\/www.zszubri.cz\/index.php?rest_route=\/wp\/v2\/posts\/5952\/revisions\/6014"}],"wp:attachment":[{"href":"https:\/\/www.zszubri.cz\/index.php?rest_route=%2Fwp%2Fv2%2Fmedia&parent=5952"}],"wp:term":[{"taxonomy":"category","embeddable":true,"href":"https:\/\/www.zszubri.cz\/index.php?rest_route=%2Fwp%2Fv2%2Fcategories&post=5952"},{"taxonomy":"post_tag","embeddable":true,"href":"https:\/\/www.zszubri.cz\/index.php?rest_route=%2Fwp%2Fv2%2Ftags&post=5952"}],"curies":[{"name":"wp","href":"https:\/\/api.w.org\/{rel}","templated":true}]}}