{"id":6181,"date":"2017-04-28T08:03:39","date_gmt":"2017-04-28T06:03:39","guid":{"rendered":"http:\/\/www.zszubri.cz\/?p=6181"},"modified":"2017-04-28T08:25:46","modified_gmt":"2017-04-28T06:25:46","slug":"den-zeme-beseda-s-myslivcem","status":"publish","type":"post","link":"https:\/\/www.zszubri.cz\/?p=6181","title":{"rendered":"DEN ZEM\u011a &#8211; BESEDA S MYSLIVCEM"},"content":{"rendered":"<div class=\"pdfprnt-buttons pdfprnt-buttons-post pdfprnt-top-right\"><a href=\"https:\/\/www.zszubri.cz\/index.php?rest_route=wpv2posts6181&print=print\" class=\"pdfprnt-button pdfprnt-button-print\" target=\"_blank\"><img src=\"https:\/\/www.zszubri.cz\/wp-content\/plugins\/pdf-print\/images\/print.png\" alt=\"image_print\" title=\"Print Content\" \/><\/a><\/div><p><a href=\"http:\/\/www.zszubri.cz\/wp-content\/uploads\/2017\/04\/P4200056.jpg\"><img decoding=\"async\" loading=\"lazy\" class=\"alignnone wp-image-6182\" src=\"http:\/\/www.zszubri.cz\/wp-content\/uploads\/2017\/04\/P4200056-1024x768.jpg\" alt=\"\" height=\"226\" width=\"301\" srcset=\"https:\/\/www.zszubri.cz\/wp-content\/uploads\/2017\/04\/P4200056.jpg 1024w, https:\/\/www.zszubri.cz\/wp-content\/uploads\/2017\/04\/P4200056-300x225.jpg 300w, https:\/\/www.zszubri.cz\/wp-content\/uploads\/2017\/04\/P4200056-768x576.jpg 768w\" sizes=\"(max-width: 301px) 100vw, 301px\" \/><\/a><\/p>\n<hr>\n<p>Nezb\u00fdv\u00e1 ne\u017e konstatovat, \u017ee letos se ten sv\u00e1te\u010dn\u00ed den Zemi moc nevyvedl. V&nbsp;p\u00e1tek jsme m\u00edsto ukl\u00edzen\u00ed do p\u0159\u00edrody vyrazili do \u0161koly, co\u017e by bylo velk\u00e9 zklam\u00e1n\u00ed, kdybychom si dopoledne nezpest\u0159ili besedou s&nbsp;panem Romanem Zemanem, p\u0159edsedou mysliveck\u00e9ho hnut\u00ed B\u0159ezovec.<\/p>\n<p>Pan Zeman n\u00e1s sezn\u00e1mil s&nbsp;pr\u016fb\u011bhem mysliveck\u00e9ho roku, p\u0159ibl\u00ed\u017eil n\u00e1m, o co v\u0161echno se myslivci v&nbsp;na\u0161ich les\u00edch staraj\u00ed a na co dohl\u00ed\u017e\u00ed. Pot\u00e9 v\u0161echny \u017e\u00e1ky pot\u011b\u0161il uk\u00e1zkami v\u00e1ben\u00ed zv\u011b\u0159e. A na z\u00e1v\u011br m\u011bl pro n\u00e1s d\u00e1re\u010dek v&nbsp;podob\u011b k\u016f\u017e\u00ed li\u0161ky a jezevce a&nbsp; paroh\u016f a par\u016f\u017ek\u016f, kter\u00e9 na\u0161\u00ed \u0161kole v\u011bnoval.<\/p>\n<p>Moc panu Zemanovi d\u011bkujeme, \u017ee si ud\u011blal na n\u00e1s \u010das ve sv\u00e9m nabit\u00e9m programu a v\u011b\u0159\u00edme, \u017ee si na\u0161el sv\u00e9 obdivovatele \u010di obdivovatelky.<\/p>\n<p><a href=\"http:\/\/79.127.207.211\/photo\/#Albums\/album_c5a04b4f4c4ec38d20524f4b20323031362032303137\/album_c5a04b4f4c4ec38d20524f4b203230313620323031372f4d59534c495645432044454e205a454dc49a\">Obr\u00e1zky z akce najdete zde.<\/a><\/p>\n","protected":false},"excerpt":{"rendered":"<p>Nezb\u00fdv\u00e1 ne\u017e konstatovat, \u017ee letos se ten sv\u00e1te\u010dn\u00ed den Zemi moc nevyvedl. V&nbsp;p\u00e1tek jsme m\u00edsto ukl\u00edzen\u00ed do p\u0159\u00edrody vyrazili do \u0161koly, co\u017e by bylo velk\u00e9 zklam\u00e1n\u00ed, kdybychom si dopoledne nezpest\u0159ili besedou s&nbsp;panem Romanem Zemanem, p\u0159edsedou mysliveck\u00e9ho hnut\u00ed B\u0159ezovec. Pan Zeman n\u00e1s sezn\u00e1mil s&nbsp;pr\u016fb\u011bhem mysliveck\u00e9ho roku, p\u0159ibl\u00ed\u017eil n\u00e1m, o co v\u0161echno se myslivci v&nbsp;na\u0161ich les\u00edch staraj\u00ed a na co dohl\u00ed\u017e\u00ed. Pot\u00e9 v\u0161echny \u017e\u00e1ky pot\u011b\u0161il uk\u00e1zkami v\u00e1ben\u00ed zv\u011b\u0159e. A na z\u00e1v\u011br m\u011bl pro n\u00e1s d\u00e1re\u010dek v&nbsp;podob\u011b k\u016f\u017e\u00ed li\u0161ky a jezevce a&nbsp; paroh\u016f a par\u016f\u017ek\u016f, kter\u00e9 na\u0161\u00ed \u0161kole v\u011bnoval. Moc panu Zemanovi d\u011bkujeme, \u017ee si ud\u011blal na n\u00e1s \u010das ve sv\u00e9m nabit\u00e9m programu a v\u011b\u0159\u00edme, \u017ee si na\u0161el sv\u00e9 obdivovatele \u010di obdivovatelky. Obr\u00e1zky z akce najdete zde.<\/p>\n","protected":false},"author":1,"featured_media":0,"comment_status":"closed","ping_status":"closed","sticky":false,"template":"","format":"standard","meta":{"ngg_post_thumbnail":0,"footnotes":""},"categories":[58],"tags":[],"acf":[],"_links":{"self":[{"href":"https:\/\/www.zszubri.cz\/index.php?rest_route=\/wp\/v2\/posts\/6181"}],"collection":[{"href":"https:\/\/www.zszubri.cz\/index.php?rest_route=\/wp\/v2\/posts"}],"about":[{"href":"https:\/\/www.zszubri.cz\/index.php?rest_route=\/wp\/v2\/types\/post"}],"author":[{"embeddable":true,"href":"https:\/\/www.zszubri.cz\/index.php?rest_route=\/wp\/v2\/users\/1"}],"replies":[{"embeddable":true,"href":"https:\/\/www.zszubri.cz\/index.php?rest_route=%2Fwp%2Fv2%2Fcomments&post=6181"}],"version-history":[{"count":2,"href":"https:\/\/www.zszubri.cz\/index.php?rest_route=\/wp\/v2\/posts\/6181\/revisions"}],"predecessor-version":[{"id":6191,"href":"https:\/\/www.zszubri.cz\/index.php?rest_route=\/wp\/v2\/posts\/6181\/revisions\/6191"}],"wp:attachment":[{"href":"https:\/\/www.zszubri.cz\/index.php?rest_route=%2Fwp%2Fv2%2Fmedia&parent=6181"}],"wp:term":[{"taxonomy":"category","embeddable":true,"href":"https:\/\/www.zszubri.cz\/index.php?rest_route=%2Fwp%2Fv2%2Fcategories&post=6181"},{"taxonomy":"post_tag","embeddable":true,"href":"https:\/\/www.zszubri.cz\/index.php?rest_route=%2Fwp%2Fv2%2Ftags&post=6181"}],"curies":[{"name":"wp","href":"https:\/\/api.w.org\/{rel}","templated":true}]}}