{"id":6184,"date":"2017-04-28T08:05:27","date_gmt":"2017-04-28T06:05:27","guid":{"rendered":"http:\/\/www.zszubri.cz\/?p=6184"},"modified":"2017-04-28T08:54:13","modified_gmt":"2017-04-28T06:54:13","slug":"den-zeme-uklidme-si-zubri","status":"publish","type":"post","link":"https:\/\/www.zszubri.cz\/?p=6184","title":{"rendered":"DEN ZEM\u011a &#8211; UKLI\u010eME SI ZUB\u0158\u00cd"},"content":{"rendered":"<div class=\"pdfprnt-buttons pdfprnt-buttons-post pdfprnt-top-right\"><a href=\"https:\/\/www.zszubri.cz\/index.php?rest_route=wpv2posts6184&print=print\" class=\"pdfprnt-button pdfprnt-button-print\" target=\"_blank\"><img src=\"https:\/\/www.zszubri.cz\/wp-content\/plugins\/pdf-print\/images\/print.png\" alt=\"image_print\" title=\"Print Content\" \/><\/a><\/div><p><a href=\"http:\/\/www.zszubri.cz\/wp-content\/uploads\/2017\/04\/IMG_6929.jpg\"><img decoding=\"async\" loading=\"lazy\" class=\"alignnone size-medium wp-image-6187\" src=\"http:\/\/www.zszubri.cz\/wp-content\/uploads\/2017\/04\/IMG_6929-300x225.jpg\" alt=\"\" height=\"225\" width=\"300\" srcset=\"https:\/\/www.zszubri.cz\/wp-content\/uploads\/2017\/04\/IMG_6929-300x225.jpg 300w, https:\/\/www.zszubri.cz\/wp-content\/uploads\/2017\/04\/IMG_6929-768x576.jpg 768w, https:\/\/www.zszubri.cz\/wp-content\/uploads\/2017\/04\/IMG_6929-1024x768.jpg 1024w, https:\/\/www.zszubri.cz\/wp-content\/uploads\/2017\/04\/IMG_6929.jpg 1600w\" sizes=\"(max-width: 300px) 100vw, 300px\" \/><\/a><\/p>\n<hr>\n<p>V&nbsp;\u00fater\u00fd se na chvilku umoud\u0159ilo po\u010das\u00ed a my v\u0161ichni ze \u0161koly jsme se vrhli na \u00faklid okol\u00ed \u0161koly i n\u00e1mi vytipovan\u00fdch \u010d\u00e1st\u00ed na\u0161eho malebn\u00e9ho Zub\u0159\u00ed. Byl to takov\u00fd n\u00e1\u0161 ji\u017e tradi\u010dn\u00ed d\u00e1rek Zemi k&nbsp;jej\u00edmu sv\u00e1tku.<\/p>\n<p>U\u010ditel\u00e9 i \u017e\u00e1ci se hned po prvn\u00edm zvon\u011bn\u00ed a rozd\u00e1n\u00ed mal\u00e9 sva\u010dinky s&nbsp;radost\u00ed vrhli do pr\u00e1ce a v\u00fdsledek byl kolem ob\u011bda patrn\u00fd, okol\u00ed \u0161koly bylo vypleto, uklizeno i nov\u011b os\u00e1zeno.<\/p>\n<p>Druh\u00e1 \u010d\u00e1st \u017e\u00e1k\u016f s&nbsp;u\u010diteli bojovala s&nbsp;odpadky pod\u00e9l cesty a potoka, za gar\u00e1\u017eemi, u rybn\u00edk\u016f a v&nbsp;H\u00e1j\u00edch, d\u00e1le pak pod\u00e9l cesty na Star\u00e9 Zub\u0159\u00ed, na Ro\u017enovsk\u00e9 ulici a ve St\u0159\u00edbrn\u00edku. \u017d\u00e1ci si vedli velmi state\u010dn\u011b a v&nbsp;rukou odtahali spoustu pytl\u016f napln\u011bn\u00fdch odpadky.<\/p>\n<p>Co n\u00e1m v&nbsp;tento hezk\u00fd den zkazilo na\u0161e nad\u0161en\u00ed?<\/p>\n<p>To, \u017ee v&nbsp;obci, kde v\u00fdborn\u011b funguje svoz i t\u0159\u00edd\u011bn\u00ed odpadu, mo\u017enosti jarn\u00edch \u00faklid\u016f i vyu\u017eit\u00ed sb\u011brn\u00e9ho dvora a skl\u00e1dky v&nbsp;B\u0159ezovci pro svoz bioodpadu, je plno \u010dern\u00fdch skl\u00e1dek napln\u011bn\u00fdch mnohdy i nebezpe\u010dn\u00fdm odpadem jako nap\u0159. ve St\u0159\u00edbrn\u00edku. Jak se asi v&nbsp;t\u011bchto podm\u00ednk\u00e1ch \u017eije zv\u011b\u0159i, kterou pom\u00e1h\u00e1me v&nbsp;zim\u011b myslivc\u016fm p\u0159ikrmovat?<\/p>\n<p>Z&nbsp;\u00faryvku pr\u00e1ce \u017e\u00e1ky\u0148 8.B:&nbsp; \u201eByli bychom hodn\u011b r\u00e1di, aby si ob\u010dan\u00e9 uv\u011bdomili, jak je pro n\u00e1s p\u0159\u00edroda d\u016fle\u017eit\u00e1, a uv\u011bdomili si, \u017ee existuj\u00ed odpadkov\u00e9 ko\u0161e a neni\u010dili p\u0159\u00edrodu odpady.\u201c<\/p>\n<p>Na z\u00e1v\u011br, slovy pana \u0159editele, bychom cht\u011bli apelovat na spoluob\u010dany: \u201eBohu\u017eel jsme si op\u011bt mno\u017estv\u00edm pytl\u016f a n\u00e1dob uv\u011bdomili, \u017ee v&nbsp;na\u0161em okol\u00ed \u017eije po\u010detn\u00e1 skupina spoluob\u010dan\u016f, kter\u00e1 nev\u00ed o existenci odpadkov\u00fdch ko\u0161\u016f, popelnic a kontejner\u016f a sv\u00fdmi odpady zamo\u0159uje okol\u00ed cest, pol\u00ed \u010di voln\u00e9 p\u0159\u00edrody.<\/p>\n<p>Douf\u00e1me, \u017ee si d\u00edky t\u00e9to akci alespo\u0148 na n\u011bjak\u00fd \u010das uv\u011bdom\u00edme, co pro n\u00e1s \u010distota p\u0159\u00edrody a t\u00edm p\u00e1dem i \u017eivotn\u00edho prost\u0159ed\u00ed znamen\u00e1.\u201c<\/p>\n<p><a href=\"http:\/\/79.127.207.211\/photo\/#Albums\/album_c5a04b4f4c4ec38d20524f4b20323031362032303137\/album_c5a04b4f4c4ec38d20524f4b203230313620323031372f44454e205a454dc49a202d20c39a4b4c4944\">Obr\u00e1zky z akce najdete zde.<\/a><\/p>\n<p>&nbsp;<\/p>\n","protected":false},"excerpt":{"rendered":"<p>V&nbsp;\u00fater\u00fd se na chvilku umoud\u0159ilo po\u010das\u00ed a my v\u0161ichni ze \u0161koly jsme se vrhli na \u00faklid okol\u00ed \u0161koly i n\u00e1mi vytipovan\u00fdch \u010d\u00e1st\u00ed na\u0161eho malebn\u00e9ho Zub\u0159\u00ed. Byl to takov\u00fd n\u00e1\u0161 ji\u017e tradi\u010dn\u00ed d\u00e1rek Zemi k&nbsp;jej\u00edmu sv\u00e1tku. U\u010ditel\u00e9 i \u017e\u00e1ci se hned po prvn\u00edm zvon\u011bn\u00ed a rozd\u00e1n\u00ed mal\u00e9 sva\u010dinky s&nbsp;radost\u00ed vrhli do pr\u00e1ce a v\u00fdsledek byl kolem ob\u011bda patrn\u00fd, okol\u00ed \u0161koly bylo vypleto, uklizeno i nov\u011b os\u00e1zeno. Druh\u00e1 \u010d\u00e1st \u017e\u00e1k\u016f s&nbsp;u\u010diteli bojovala s&nbsp;odpadky pod\u00e9l cesty a potoka, za gar\u00e1\u017eemi, u rybn\u00edk\u016f a v&nbsp;H\u00e1j\u00edch, d\u00e1le pak pod\u00e9l cesty na Star\u00e9 Zub\u0159\u00ed, na Ro\u017enovsk\u00e9 ulici a ve St\u0159\u00edbrn\u00edku. \u017d\u00e1ci si vedli velmi state\u010dn\u011b a v&nbsp;rukou odtahali spoustu pytl\u016f napln\u011bn\u00fdch odpadky. Co n\u00e1m v&nbsp;tento hezk\u00fd den zkazilo na\u0161e nad\u0161en\u00ed? To, \u017ee v&nbsp;obci, kde v\u00fdborn\u011b funguje svoz i t\u0159\u00edd\u011bn\u00ed odpadu, mo\u017enosti jarn\u00edch \u00faklid\u016f i vyu\u017eit\u00ed sb\u011brn\u00e9ho dvora a skl\u00e1dky v&nbsp;B\u0159ezovci pro svoz bioodpadu, je plno \u010dern\u00fdch skl\u00e1dek napln\u011bn\u00fdch mnohdy i nebezpe\u010dn\u00fdm odpadem jako nap\u0159. ve St\u0159\u00edbrn\u00edku. Jak se asi v&nbsp;t\u011bchto podm\u00ednk\u00e1ch \u017eije zv\u011b\u0159i, kterou pom\u00e1h\u00e1me v&nbsp;zim\u011b myslivc\u016fm p\u0159ikrmovat? Z&nbsp;\u00faryvku pr\u00e1ce \u017e\u00e1ky\u0148 8.B:&nbsp; \u201eByli bychom hodn\u011b r\u00e1di, aby si ob\u010dan\u00e9 uv\u011bdomili, jak je pro n\u00e1s p\u0159\u00edroda d\u016fle\u017eit\u00e1, a uv\u011bdomili si, \u017ee existuj\u00ed odpadkov\u00e9 ko\u0161e a neni\u010dili p\u0159\u00edrodu odpady.\u201c Na z\u00e1v\u011br, slovy pana \u0159editele, bychom cht\u011bli apelovat na spoluob\u010dany: \u201eBohu\u017eel jsme si op\u011bt mno\u017estv\u00edm pytl\u016f a n\u00e1dob uv\u011bdomili, \u017ee v&nbsp;na\u0161em okol\u00ed \u017eije po\u010detn\u00e1 skupina spoluob\u010dan\u016f, kter\u00e1 nev\u00ed o existenci odpadkov\u00fdch ko\u0161\u016f, popelnic a kontejner\u016f a sv\u00fdmi odpady zamo\u0159uje okol\u00ed cest, pol\u00ed \u010di voln\u00e9 p\u0159\u00edrody. Douf\u00e1me, \u017ee si d\u00edky t\u00e9to akci alespo\u0148 na n\u011bjak\u00fd \u010das uv\u011bdom\u00edme, co pro n\u00e1s \u010distota p\u0159\u00edrody a t\u00edm p\u00e1dem i \u017eivotn\u00edho prost\u0159ed\u00ed znamen\u00e1.\u201c Obr\u00e1zky z akce najdete zde. &nbsp;<\/p>\n","protected":false},"author":1,"featured_media":0,"comment_status":"closed","ping_status":"closed","sticky":false,"template":"","format":"standard","meta":{"ngg_post_thumbnail":0,"footnotes":""},"categories":[58],"tags":[],"acf":[],"_links":{"self":[{"href":"https:\/\/www.zszubri.cz\/index.php?rest_route=\/wp\/v2\/posts\/6184"}],"collection":[{"href":"https:\/\/www.zszubri.cz\/index.php?rest_route=\/wp\/v2\/posts"}],"about":[{"href":"https:\/\/www.zszubri.cz\/index.php?rest_route=\/wp\/v2\/types\/post"}],"author":[{"embeddable":true,"href":"https:\/\/www.zszubri.cz\/index.php?rest_route=\/wp\/v2\/users\/1"}],"replies":[{"embeddable":true,"href":"https:\/\/www.zszubri.cz\/index.php?rest_route=%2Fwp%2Fv2%2Fcomments&post=6184"}],"version-history":[{"count":5,"href":"https:\/\/www.zszubri.cz\/index.php?rest_route=\/wp\/v2\/posts\/6184\/revisions"}],"predecessor-version":[{"id":6192,"href":"https:\/\/www.zszubri.cz\/index.php?rest_route=\/wp\/v2\/posts\/6184\/revisions\/6192"}],"wp:attachment":[{"href":"https:\/\/www.zszubri.cz\/index.php?rest_route=%2Fwp%2Fv2%2Fmedia&parent=6184"}],"wp:term":[{"taxonomy":"category","embeddable":true,"href":"https:\/\/www.zszubri.cz\/index.php?rest_route=%2Fwp%2Fv2%2Fcategories&post=6184"},{"taxonomy":"post_tag","embeddable":true,"href":"https:\/\/www.zszubri.cz\/index.php?rest_route=%2Fwp%2Fv2%2Ftags&post=6184"}],"curies":[{"name":"wp","href":"https:\/\/api.w.org\/{rel}","templated":true}]}}