{"id":6339,"date":"2017-06-18T11:07:04","date_gmt":"2017-06-18T09:07:04","guid":{"rendered":"http:\/\/www.zszubri.cz\/?p=6339"},"modified":"2017-06-18T11:07:04","modified_gmt":"2017-06-18T09:07:04","slug":"zubersti-mladsi-zaci-na-republikovem-finale-atleticke-souteze-pohar-rozhlasu-2017","status":"publish","type":"post","link":"https:\/\/www.zszubri.cz\/?p=6339","title":{"rendered":"Zuber\u0161t\u00ed mlad\u0161\u00ed \u017e\u00e1ci na republikov\u00e9m fin\u00e1le atletick\u00e9 sout\u011b\u017ee \u201ePOH\u00c1R ROZHLASU 2017\u201c"},"content":{"rendered":"<div class=\"pdfprnt-buttons pdfprnt-buttons-post pdfprnt-top-right\"><a href=\"https:\/\/www.zszubri.cz\/index.php?rest_route=wpv2posts6339&print=print\" class=\"pdfprnt-button pdfprnt-button-print\" target=\"_blank\"><img src=\"https:\/\/www.zszubri.cz\/wp-content\/plugins\/pdf-print\/images\/print.png\" alt=\"image_print\" title=\"Print Content\" \/><\/a><\/div><p>Poh\u00e1r rozhlasu 2017<\/p>\n<p>Dru\u017estvo mlad\u0161\u00edch \u017e\u00e1k\u016f v&nbsp;leto\u0161n\u00edm roce za\u017eilo velk\u00fd atletick\u00fd \u00fasp\u011bch. Probojovalo se a\u017e do celorepublikov\u00e9ho fin\u00e1le Poh\u00e1ru rozhlasu 2017 &#8211; sout\u011b\u017ee dru\u017estev. Ale za\u010dn\u011bme p\u011bkn\u011b od za\u010d\u00e1tku.<\/p>\n<p>V&nbsp;p\u00e1tek 12. kv\u011btna 2017 na\u0161e \u0161kola po\u0159\u00e1dala ji\u017e tradi\u010dn\u011b okrskov\u00e9 kolo atletick\u00e9 sout\u011b\u017ee Poh\u00e1r rozhlasu za \u00fa\u010dasti rekordn\u00edch 32 dru\u017estev 4 kategori\u00ed (star\u0161\u00ed \u017e\u00e1ci a \u017e\u00e1kyn\u011b, mlad\u0161\u00ed \u017e\u00e1ci a \u017e\u00e1kyn\u011b) z 9 z\u00e1kladn\u00edch \u0161kol ro\u017enovsk\u00e9ho okrsku. Na\u0161e \u0161kola dok\u00e1zala v&nbsp;jedn\u00e9 kategorii zv\u00edt\u011bzit a ve dvou z\u00edskat 2. m\u00edsto a postoupit tak do okresn\u00edho kola. Mlad\u0161\u00ed \u017e\u00e1ci&nbsp;n\u00e1skokem 1000 b. zv\u00edt\u011bzili nad Z\u0160 Vide\u010dsk\u00e1 &#8211; 1. m\u00edsto (4 823 b.), dru\u017estva mlad\u0161\u00ed \u017e\u00e1kyn\u011b z\u00edskaly 5. m\u00edsto (4&nbsp;169&nbsp;b.), star\u0161\u00ed \u017e\u00e1ci 2.&nbsp;m\u00edsto (5 466 b.) a star\u0161\u00ed \u017e\u00e1kyn\u011b 2. m\u00edsto (5&nbsp;190 b.).<\/p>\n<p>Foto \u010d. 1: Okrskov\u00e9 kolo Poh\u00e1ru rozhlasu v&nbsp;Zub\u0159\u00ed \u2013 v\u0161ichni reprezentuj\u00edc\u00ed atleti Z\u0160 ZUB\u0158\u00cd<br \/>\n<a href=\"http:\/\/www.zszubri.cz\/wp-content\/uploads\/2017\/06\/Foto-c.-1.jpg\"><img decoding=\"async\" loading=\"lazy\" class=\"alignnone size-medium wp-image-6340\" src=\"http:\/\/www.zszubri.cz\/wp-content\/uploads\/2017\/06\/Foto-c.-1-300x225.jpg\" alt=\"\" height=\"225\" width=\"300\" srcset=\"https:\/\/www.zszubri.cz\/wp-content\/uploads\/2017\/06\/Foto-c.-1-300x225.jpg 300w, https:\/\/www.zszubri.cz\/wp-content\/uploads\/2017\/06\/Foto-c.-1-768x576.jpg 768w, https:\/\/www.zszubri.cz\/wp-content\/uploads\/2017\/06\/Foto-c.-1-1024x768.jpg 1024w, https:\/\/www.zszubri.cz\/wp-content\/uploads\/2017\/06\/Foto-c.-1-1536x1152.jpg 1536w, https:\/\/www.zszubri.cz\/wp-content\/uploads\/2017\/06\/Foto-c.-1-2048x1536.jpg 2048w, https:\/\/www.zszubri.cz\/wp-content\/uploads\/2017\/06\/Foto-c.-1-1140x855.jpg 1140w\" sizes=\"(max-width: 300px) 100vw, 300px\" \/><\/a><\/p>\n<hr>\n<p>Dru\u017estva mlad\u0161\u00edch \u017e\u00e1k\u016f, star\u0161\u00edch \u017e\u00e1k\u016f a \u017e\u00e1ky\u0148 postoupila do okresn\u00edho kola, kter\u00e9 se konalo hned v&nbsp;pond\u011bl\u00ed 15. kv\u011btna na atletick\u00e9m stadionu ve Vala\u0161sk\u00e9m Mezi\u0159\u00ed\u010d\u00ed. Dru\u017estvo mlad\u0161\u00edch \u017e\u00e1k\u016f si op\u011bt nenechalo vz\u00edt v\u00edt\u011bzstv\u00ed a ziskem 4&nbsp;676 b. zv\u00edt\u011bzilo mezi 8 z\u00e1kladn\u00edmi \u0161kolami okresu a mohlo se tak radovat s&nbsp;postupu do krajsk\u00e9ho kola. Star\u0161\u00ed \u017e\u00e1ci oslabeni o 1 z\u00e1vodn\u00edka, kter\u00fd se zranil, nakonec obsadili 7. m\u00edsto a star\u0161\u00ed \u017e\u00e1kyn\u011b vybojovaly kr\u00e1sn\u00e9 3. m\u00edsto. Krajsk\u00e9 kolo prob\u011bhlo v&nbsp;Uhersk\u00e9m Hradi\u0161ti ve st\u0159edu 17. kv\u011btna a dru\u017estvo ze Zub\u0159\u00ed op\u011bt nena\u0161lo p\u0159emo\u017eitele a ziskem 4&nbsp;670 b. si mlad\u0161\u00ed \u017e\u00e1ci odvezli dom\u016f zlat\u00e9 medaile.<\/p>\n<p>Foto \u010d. 2: Mlad\u0161\u00ed \u017e\u00e1ci jako v\u00edt\u011bzov\u00e9 Zl\u00ednsk\u00e9ho kraje v&nbsp;sout\u011b\u017ei Poh\u00e1r rozhlasu Uhersk\u00e9 Hradi\u0161t\u011b (zleva: Richard Kov\u00e1\u0159, Martin Zeman, Tom\u00e1\u0161 Kyryljuk, Ond\u0159ej Krupa, Tom\u00e1\u0161 Rand\u00fdsek, Jakub Cibulec, Miroslav Kole\u010dek, Luk\u00e1\u0161 Fait, Adam Zeman<br \/>\n<a href=\"http:\/\/www.zszubri.cz\/wp-content\/uploads\/2017\/06\/Foto-c.-2.jpg\"><img decoding=\"async\" loading=\"lazy\" class=\"alignnone size-medium wp-image-6341\" src=\"http:\/\/www.zszubri.cz\/wp-content\/uploads\/2017\/06\/Foto-c.-2-300x169.jpg\" alt=\"\" height=\"169\" width=\"300\" srcset=\"https:\/\/www.zszubri.cz\/wp-content\/uploads\/2017\/06\/Foto-c.-2-300x169.jpg 300w, https:\/\/www.zszubri.cz\/wp-content\/uploads\/2017\/06\/Foto-c.-2-768x431.jpg 768w, https:\/\/www.zszubri.cz\/wp-content\/uploads\/2017\/06\/Foto-c.-2-1024x575.jpg 1024w, https:\/\/www.zszubri.cz\/wp-content\/uploads\/2017\/06\/Foto-c.-2-1140x640.jpg 1140w, https:\/\/www.zszubri.cz\/wp-content\/uploads\/2017\/06\/Foto-c.-2.jpg 1280w\" sizes=\"(max-width: 300px) 100vw, 300px\" \/><\/a><\/p>\n<hr>\n<p>Pak se ji\u017e jen \u010dekalo na seznam postupuj\u00edc\u00edch dru\u017estev na republikov\u00e9 fin\u00e1le. Po zve\u0159ejn\u011bn\u00ed seznamu se zubersk\u00e9 dru\u017estvo mlad\u0161\u00edch \u017e\u00e1k\u016f dostalo mezi 9 nejlep\u0161\u00edch dru\u017estev z&nbsp;cel\u00e9 \u010cR a mohlo se tak radovat z&nbsp;postupu. Za doprovodu Mat\u011bje \u0160ust\u00e1\u010dka a Pavla P\u0159ikryla se dru\u017estvo (5. \u2013 6. \u010dervna 2017) ve&nbsp;slo\u017een\u00ed Jakub Cibulec, Tom\u00e1\u0161 Rand\u00fdsek, Ond\u0159ej Krupa, Miroslav Kole\u010dek, Tom\u00e1\u0161 Kyryljuk, Luk\u00e1\u0161 Fait (7.A), Adam Zeman, Martin Zeman a Richard Kov\u00e1\u0159 (6.A) vydalo do Kladna na&nbsp;49.&nbsp;ro\u010dn\u00edk sout\u011b\u017ee \u0161koln\u00edch dru\u017estev Poh\u00e1r rozhlasu po\u0159\u00e1dan\u00e9 \u010cesk\u00fdm atletick\u00fdm svazem, kde se kluci potkali i s&nbsp;patrony sout\u011b\u017ee, \u010desk\u00fdmi reprezentanty Jakubem Holu\u0161ou, Pavlem Masl\u00e1kem a Sebastianem Helceletem. V&nbsp;konkurenci nejlep\u0161\u00edch atlet\u016f z\u00e1kladn\u00edch \u0161kol dru\u017estvo Z\u0160 ZUB\u0158\u00cd z\u00edskalo kr\u00e1sn\u00e9 6. m\u00edsto (4&nbsp;576 b.) a z\u00e1rove\u0148 Jakub Cibulec si z&nbsp;Kladna odvezl t\u0159i individu\u00e1ln\u00ed prvenstv\u00ed, kdy v&nbsp;discipl\u00edn\u00e1ch hod m\u00ed\u010dkem (86,10 m) a v&nbsp;b\u011bhu na 60 m (7,75 s) zv\u00edt\u011bzil a je\u0161t\u011b se stal celkov\u00fdm v\u00edt\u011bzem z&nbsp;nejv\u011bt\u0161\u00edm po\u010dtem bod\u016f v&nbsp;kategorii mlad\u0161\u00edch \u017e\u00e1k\u016f.<\/p>\n<p>Foto \u010d. 3: Dru\u017estvo mlad\u0161\u00edch \u017e\u00e1k\u016f \u2013 republikov\u00e9 fin\u00e1le Poh\u00e1ru rozhlasu 2017 (Kladno)<\/p>\n<p><a href=\"http:\/\/www.zszubri.cz\/wp-content\/uploads\/2017\/06\/Foto-c.-3.jpg\"><img decoding=\"async\" loading=\"lazy\" class=\"size-medium wp-image-6342\" src=\"http:\/\/www.zszubri.cz\/wp-content\/uploads\/2017\/06\/Foto-c.-3-300x225.jpg\" alt=\"\" height=\"225\" width=\"300\" srcset=\"https:\/\/www.zszubri.cz\/wp-content\/uploads\/2017\/06\/Foto-c.-3-300x225.jpg 300w, https:\/\/www.zszubri.cz\/wp-content\/uploads\/2017\/06\/Foto-c.-3-768x576.jpg 768w, https:\/\/www.zszubri.cz\/wp-content\/uploads\/2017\/06\/Foto-c.-3-1024x768.jpg 1024w, https:\/\/www.zszubri.cz\/wp-content\/uploads\/2017\/06\/Foto-c.-3-1536x1152.jpg 1536w, https:\/\/www.zszubri.cz\/wp-content\/uploads\/2017\/06\/Foto-c.-3-2048x1536.jpg 2048w, https:\/\/www.zszubri.cz\/wp-content\/uploads\/2017\/06\/Foto-c.-3-1140x855.jpg 1140w\" sizes=\"(max-width: 300px) 100vw, 300px\" \/><\/a><\/p>\n<hr>\n<p>V\u0161ichni reprezentuj\u00edc\u00ed \u017e\u00e1ci v&nbsp;atletick\u00e9 sout\u011b\u017ei Poh\u00e1r rozhlasu 2017 za Z\u0160 ZUB\u0158\u00cd<\/p>\n<p>Mlad\u0161\u00ed \u017e\u00e1ci: Jakub Cibulec, Tom\u00e1\u0161 Rand\u00fdsek, Ond\u0159ej Krupa, Miroslav Kole\u010dek, Tom\u00e1\u0161 Kyryljuk, Luk\u00e1\u0161 Fait (7.A), Adam Zeman, Martin Zeman a Richard Kov\u00e1\u0159 (6.A), Marek Divi\u0161, \u0160t\u011bp\u00e1n Jano\u0161ek (8.A)<\/p>\n<p>Mlad\u0161\u00ed \u017e\u00e1kyn\u011b: Ag\u00e1ta Mi\u010dolov\u00e1, Terezie Rom\u00e1nkov\u00e1, Nikol \u0160uplerov\u00e1, Ad\u00e9la Mizerov\u00e1, Lucie Mol\u00edkov\u00e1 (7.A), Krist\u00fdna Hol\u010d\u00e1kov\u00e1, Anna Pernicov\u00e1, B\u00e1ra Kacht\u00edkov\u00e1 (6.A)<\/p>\n<p>Star\u0161\u00ed \u017e\u00e1kyn\u011b: &nbsp;Tereza Pal\u00e1tov\u00e1, Barbora Hru\u0161kov\u00e1 (9.A), Nat\u00e1lie Ond\u0159ejov\u00e1 (9.B), Eli\u0161ka Jurajdov\u00e1, Lea&nbsp; Jurajdov\u00e1, Kate\u0159ina Zapletalov\u00e1, Anita Pol\u00e1\u010dkov\u00e1 (8.A), \u0160vecov\u00e1 Tereza,&nbsp; Zuzana Pernicov\u00e1, Tamara Vi\u010danov\u00e1 (8.B)<\/p>\n<p>Star\u0161\u00ed \u017e\u00e1ci: Mari\u00e1n Kala, Nick Matejovi\u010d, Jakub Tovary\u0161, Jan Hronek, Luk\u00e1\u0161 Mo\u0159kovsk\u00fd, Mat\u011bj Ulrych, Adam Klestil (9.A), Martin Div\u00edn, Petr \u0160krob\u00e1k (9.B), Milan Pup\u00edk, Martin Adam, Jakub Hanskut, Jon\u00e1\u0161 Jurajda (8.A)<\/p>\n<p>Atletick\u00fd \u010dty\u0159boj<\/p>\n<p>Do Vala\u0161sk\u00e9ho Mezi\u0159\u00ed\u010d\u00ed 10. kv\u011btna 2017 na okresn\u00ed kolo atletick\u00e9ho \u010dty\u0159boje na\u0161i \u0161kolu jely reprezentovat 4 z\u00e1vodn\u00ed dru\u017estva \u2013 star\u0161\u00ed \u017e\u00e1kyn\u011b (Barbora Hru\u0161kov\u00e1, Tereza Pal\u00e1tov\u00e1, Lea Jurajdov\u00e1, Eli\u0161ka Jurajdov\u00e1 Kate\u0159ina Zapletalov\u00e1), mlad\u0161\u00ed \u017e\u00e1kyn\u011b (Ag\u00e1ta Mi\u010dolov\u00e1, Anna Pernicov\u00e1, Krist\u00fdna Hol\u010d\u00e1kov\u00e1, Terezie Rom\u00e1nkov\u00e1, B\u00e1ra Kacht\u00edkov\u00e1), star\u0161\u00ed \u017e\u00e1ci (Mari\u00e1n Kala, Mat\u011bj Ulrych, Jakub Tovary\u0161, Martin Div\u00edn) a mlad\u0161\u00ed \u017e\u00e1ci (Jakub Cibulec, Tom\u00e1\u0161 Rand\u00fdsek, Ond\u0159ej Krupa, Miroslav Kole\u010dek, \u0160t\u011bp\u00e1n Jano\u0161ek). Star\u0161\u00ed \u017e\u00e1kyn\u011b v&nbsp;konkurenci 6 dru\u017estev cel\u00e9ho okresu skon\u010dily na 3. m\u00edst\u011b a odvezly si bronzov\u00e9 medaile. Dru\u017estvo mlad\u0161\u00edch \u017e\u00e1ky\u0148 se um\u00edstilo na 6. m\u00edst\u011b. Jen 5 bod\u016f d\u011blilo dru\u017estvo star\u0161\u00edch \u017e\u00e1k\u016f od bronzov\u00e9 p\u0159\u00ed\u010dky. Nejlep\u0161\u00edm zubersk\u00fdm dru\u017estvem se op\u011bt stali z\u00e1stupci mlad\u0161\u00edch \u017e\u00e1k\u016f, kdy o t\u00e9m\u011b\u0159 500 bod\u016f zv\u00edt\u011bzili nad dru\u017estvy Z\u0160 Vide\u010dsk\u00e1 a Z\u0160 \u0160afa\u0159\u00edkova a postoupili tak do krajsk\u00e9ho kola. Mezi nejlep\u0161\u00edmi dru\u017estvy Zl\u00ednsk\u00e9ho kraje (krajsk\u00e9 kolo prob\u011bhlo ve Zl\u00edn\u011b 31. kv\u011btna) skon\u010dilo zubersk\u00e9 p\u011bti\u010dlenn\u00e9 dru\u017estvo na kr\u00e1sn\u00e9 st\u0159\u00edbrn\u00e9 p\u0159\u00ed\u010dce.<\/p>\n<p>Foto \u010d.4: Dru\u017estvo mlad\u0161\u00edch \u017e\u00e1k\u016f na krajsk\u00e9m kole (Zl\u00edn), zleva: Tom\u00e1\u0161 Rand\u00fdsek, \u0160t\u011bp\u00e1n Jano\u0161ek, Jakub Cibulec, Adam Zeman, Miroslav Kole\u010dek<\/p>\n<figure id=\"attachment_6343\" aria-describedby=\"caption-attachment-6343\" style=\"width: 300px\" class=\"wp-caption alignnone\"><a href=\"http:\/\/www.zszubri.cz\/wp-content\/uploads\/2017\/06\/Foto-c.-4.jpg\"><img decoding=\"async\" loading=\"lazy\" class=\"size-medium wp-image-6343\" src=\"http:\/\/www.zszubri.cz\/wp-content\/uploads\/2017\/06\/Foto-c.-4-300x225.jpg\" alt=\"\" height=\"225\" width=\"300\" srcset=\"https:\/\/www.zszubri.cz\/wp-content\/uploads\/2017\/06\/Foto-c.-4-300x225.jpg 300w, https:\/\/www.zszubri.cz\/wp-content\/uploads\/2017\/06\/Foto-c.-4-768x576.jpg 768w, https:\/\/www.zszubri.cz\/wp-content\/uploads\/2017\/06\/Foto-c.-4-1024x768.jpg 1024w, https:\/\/www.zszubri.cz\/wp-content\/uploads\/2017\/06\/Foto-c.-4-1536x1152.jpg 1536w, https:\/\/www.zszubri.cz\/wp-content\/uploads\/2017\/06\/Foto-c.-4-2048x1536.jpg 2048w, https:\/\/www.zszubri.cz\/wp-content\/uploads\/2017\/06\/Foto-c.-4-1140x855.jpg 1140w\" sizes=\"(max-width: 300px) 100vw, 300px\" \/><\/a><figcaption id=\"caption-attachment-6343\" class=\"wp-caption-text\">dav<\/figcaption><\/figure>\n<hr>\n<p>V\u0161em atlet\u016fm na\u0161\u00ed \u0161koly d\u011bkujeme za skv\u011blou reprezentaci a p\u0159ejeme hodn\u011b sportovn\u00edho \u0161t\u011bst\u00ed v&nbsp;dal\u0161\u00edch sout\u011b\u017e\u00edch.<\/p>\n<p>Mgr. Gabriela C\u00e1bov\u00e1<\/p>\n","protected":false},"excerpt":{"rendered":"<p>Poh\u00e1r rozhlasu 2017 Dru\u017estvo mlad\u0161\u00edch \u017e\u00e1k\u016f v&nbsp;leto\u0161n\u00edm roce za\u017eilo velk\u00fd atletick\u00fd \u00fasp\u011bch. Probojovalo se a\u017e do celorepublikov\u00e9ho fin\u00e1le Poh\u00e1ru rozhlasu 2017 &#8211; sout\u011b\u017ee dru\u017estev. Ale za\u010dn\u011bme p\u011bkn\u011b od za\u010d\u00e1tku. V&nbsp;p\u00e1tek 12. kv\u011btna 2017 na\u0161e \u0161kola po\u0159\u00e1dala ji\u017e tradi\u010dn\u011b okrskov\u00e9 kolo atletick\u00e9 sout\u011b\u017ee Poh\u00e1r rozhlasu za \u00fa\u010dasti rekordn\u00edch 32 dru\u017estev 4 kategori\u00ed (star\u0161\u00ed \u017e\u00e1ci a \u017e\u00e1kyn\u011b, mlad\u0161\u00ed \u017e\u00e1ci a \u017e\u00e1kyn\u011b) z 9 z\u00e1kladn\u00edch \u0161kol ro\u017enovsk\u00e9ho okrsku. Na\u0161e \u0161kola dok\u00e1zala v&nbsp;jedn\u00e9 kategorii zv\u00edt\u011bzit a ve dvou z\u00edskat 2. m\u00edsto a postoupit tak do okresn\u00edho kola. Mlad\u0161\u00ed \u017e\u00e1ci&nbsp;n\u00e1skokem 1000 b. zv\u00edt\u011bzili nad Z\u0160 Vide\u010dsk\u00e1 &#8211; 1. m\u00edsto (4 823 b.), dru\u017estva mlad\u0161\u00ed \u017e\u00e1kyn\u011b z\u00edskaly 5. m\u00edsto (4&nbsp;169&nbsp;b.), star\u0161\u00ed \u017e\u00e1ci 2.&nbsp;m\u00edsto (5 466 b.) a star\u0161\u00ed \u017e\u00e1kyn\u011b 2. m\u00edsto (5&nbsp;190 b.). Foto \u010d. 1: Okrskov\u00e9 kolo Poh\u00e1ru rozhlasu v&nbsp;Zub\u0159\u00ed \u2013 v\u0161ichni reprezentuj\u00edc\u00ed atleti Z\u0160 ZUB\u0158\u00cd Dru\u017estva mlad\u0161\u00edch \u017e\u00e1k\u016f, star\u0161\u00edch \u017e\u00e1k\u016f a \u017e\u00e1ky\u0148 postoupila do okresn\u00edho kola, kter\u00e9 se konalo hned v&nbsp;pond\u011bl\u00ed 15. kv\u011btna na atletick\u00e9m stadionu ve Vala\u0161sk\u00e9m Mezi\u0159\u00ed\u010d\u00ed. Dru\u017estvo mlad\u0161\u00edch \u017e\u00e1k\u016f si op\u011bt nenechalo vz\u00edt v\u00edt\u011bzstv\u00ed a ziskem 4&nbsp;676 b. zv\u00edt\u011bzilo mezi 8 z\u00e1kladn\u00edmi \u0161kolami okresu a mohlo se tak radovat s&nbsp;postupu do krajsk\u00e9ho kola. Star\u0161\u00ed \u017e\u00e1ci oslabeni o 1 z\u00e1vodn\u00edka, kter\u00fd se zranil, nakonec obsadili 7. m\u00edsto a star\u0161\u00ed \u017e\u00e1kyn\u011b vybojovaly kr\u00e1sn\u00e9 3. m\u00edsto. Krajsk\u00e9 kolo prob\u011bhlo v&nbsp;Uhersk\u00e9m Hradi\u0161ti ve st\u0159edu 17. kv\u011btna a dru\u017estvo ze Zub\u0159\u00ed op\u011bt nena\u0161lo p\u0159emo\u017eitele a ziskem 4&nbsp;670 b. si mlad\u0161\u00ed \u017e\u00e1ci odvezli dom\u016f zlat\u00e9 medaile. Foto \u010d. 2: Mlad\u0161\u00ed \u017e\u00e1ci jako v\u00edt\u011bzov\u00e9 Zl\u00ednsk\u00e9ho kraje v&nbsp;sout\u011b\u017ei Poh\u00e1r rozhlasu Uhersk\u00e9 Hradi\u0161t\u011b (zleva: Richard Kov\u00e1\u0159, Martin Zeman, Tom\u00e1\u0161 Kyryljuk, Ond\u0159ej Krupa, Tom\u00e1\u0161 Rand\u00fdsek, Jakub Cibulec, Miroslav Kole\u010dek, Luk\u00e1\u0161 Fait, Adam Zeman Pak se ji\u017e jen \u010dekalo na seznam postupuj\u00edc\u00edch dru\u017estev na republikov\u00e9 fin\u00e1le. Po zve\u0159ejn\u011bn\u00ed seznamu se zubersk\u00e9 dru\u017estvo mlad\u0161\u00edch \u017e\u00e1k\u016f dostalo mezi 9 nejlep\u0161\u00edch dru\u017estev z&nbsp;cel\u00e9 \u010cR a mohlo se tak radovat z&nbsp;postupu. Za doprovodu Mat\u011bje \u0160ust\u00e1\u010dka a Pavla P\u0159ikryla se dru\u017estvo (5. \u2013 6. \u010dervna 2017) ve&nbsp;slo\u017een\u00ed Jakub Cibulec, Tom\u00e1\u0161 Rand\u00fdsek, Ond\u0159ej Krupa, Miroslav Kole\u010dek, Tom\u00e1\u0161 Kyryljuk, Luk\u00e1\u0161 Fait (7.A), Adam Zeman, Martin Zeman a Richard Kov\u00e1\u0159 (6.A) vydalo do Kladna na&nbsp;49.&nbsp;ro\u010dn\u00edk sout\u011b\u017ee \u0161koln\u00edch dru\u017estev Poh\u00e1r rozhlasu po\u0159\u00e1dan\u00e9 \u010cesk\u00fdm atletick\u00fdm svazem, kde se kluci potkali i s&nbsp;patrony sout\u011b\u017ee, \u010desk\u00fdmi reprezentanty Jakubem Holu\u0161ou, Pavlem Masl\u00e1kem a Sebastianem Helceletem. V&nbsp;konkurenci nejlep\u0161\u00edch atlet\u016f z\u00e1kladn\u00edch \u0161kol dru\u017estvo Z\u0160 ZUB\u0158\u00cd z\u00edskalo kr\u00e1sn\u00e9 6. m\u00edsto (4&nbsp;576 b.) a z\u00e1rove\u0148 Jakub Cibulec si z&nbsp;Kladna odvezl t\u0159i individu\u00e1ln\u00ed prvenstv\u00ed, kdy v&nbsp;discipl\u00edn\u00e1ch hod m\u00ed\u010dkem (86,10 m) a v&nbsp;b\u011bhu na 60 m (7,75 s) zv\u00edt\u011bzil a je\u0161t\u011b se stal celkov\u00fdm v\u00edt\u011bzem z&nbsp;nejv\u011bt\u0161\u00edm po\u010dtem bod\u016f v&nbsp;kategorii mlad\u0161\u00edch \u017e\u00e1k\u016f. Foto \u010d. 3: Dru\u017estvo mlad\u0161\u00edch \u017e\u00e1k\u016f \u2013 republikov\u00e9 fin\u00e1le Poh\u00e1ru rozhlasu 2017 (Kladno) V\u0161ichni reprezentuj\u00edc\u00ed \u017e\u00e1ci v&nbsp;atletick\u00e9 sout\u011b\u017ei Poh\u00e1r rozhlasu 2017 za Z\u0160 ZUB\u0158\u00cd Mlad\u0161\u00ed \u017e\u00e1ci: Jakub Cibulec, Tom\u00e1\u0161 Rand\u00fdsek, Ond\u0159ej Krupa, Miroslav Kole\u010dek, Tom\u00e1\u0161 Kyryljuk, Luk\u00e1\u0161 Fait (7.A), Adam Zeman, Martin Zeman a Richard Kov\u00e1\u0159 (6.A), Marek Divi\u0161, \u0160t\u011bp\u00e1n Jano\u0161ek (8.A) Mlad\u0161\u00ed \u017e\u00e1kyn\u011b: Ag\u00e1ta Mi\u010dolov\u00e1, Terezie Rom\u00e1nkov\u00e1, Nikol \u0160uplerov\u00e1, Ad\u00e9la Mizerov\u00e1, Lucie Mol\u00edkov\u00e1 (7.A), Krist\u00fdna Hol\u010d\u00e1kov\u00e1, Anna Pernicov\u00e1, B\u00e1ra Kacht\u00edkov\u00e1 (6.A) Star\u0161\u00ed \u017e\u00e1kyn\u011b: &nbsp;Tereza Pal\u00e1tov\u00e1, Barbora Hru\u0161kov\u00e1 (9.A), Nat\u00e1lie Ond\u0159ejov\u00e1 (9.B), Eli\u0161ka Jurajdov\u00e1, Lea&nbsp; Jurajdov\u00e1, Kate\u0159ina Zapletalov\u00e1, Anita Pol\u00e1\u010dkov\u00e1 (8.A), \u0160vecov\u00e1 Tereza,&nbsp; Zuzana Pernicov\u00e1, Tamara Vi\u010danov\u00e1 (8.B) Star\u0161\u00ed \u017e\u00e1ci: Mari\u00e1n Kala, Nick Matejovi\u010d, Jakub Tovary\u0161, Jan Hronek, Luk\u00e1\u0161 Mo\u0159kovsk\u00fd, Mat\u011bj Ulrych, Adam Klestil (9.A), Martin Div\u00edn, Petr \u0160krob\u00e1k (9.B), Milan Pup\u00edk, Martin Adam, Jakub Hanskut, Jon\u00e1\u0161 Jurajda (8.A) Atletick\u00fd \u010dty\u0159boj Do Vala\u0161sk\u00e9ho Mezi\u0159\u00ed\u010d\u00ed 10. kv\u011btna 2017 na okresn\u00ed kolo atletick\u00e9ho \u010dty\u0159boje na\u0161i \u0161kolu jely reprezentovat 4 z\u00e1vodn\u00ed dru\u017estva \u2013 star\u0161\u00ed \u017e\u00e1kyn\u011b (Barbora Hru\u0161kov\u00e1, Tereza Pal\u00e1tov\u00e1, Lea Jurajdov\u00e1, Eli\u0161ka Jurajdov\u00e1 Kate\u0159ina Zapletalov\u00e1), mlad\u0161\u00ed \u017e\u00e1kyn\u011b (Ag\u00e1ta Mi\u010dolov\u00e1, Anna Pernicov\u00e1, Krist\u00fdna Hol\u010d\u00e1kov\u00e1, Terezie Rom\u00e1nkov\u00e1, B\u00e1ra Kacht\u00edkov\u00e1), star\u0161\u00ed \u017e\u00e1ci (Mari\u00e1n Kala, Mat\u011bj Ulrych, Jakub Tovary\u0161, Martin Div\u00edn) a mlad\u0161\u00ed \u017e\u00e1ci (Jakub Cibulec, Tom\u00e1\u0161 Rand\u00fdsek, Ond\u0159ej Krupa, Miroslav Kole\u010dek, \u0160t\u011bp\u00e1n Jano\u0161ek). Star\u0161\u00ed \u017e\u00e1kyn\u011b v&nbsp;konkurenci 6 dru\u017estev cel\u00e9ho okresu skon\u010dily na 3. m\u00edst\u011b a odvezly si bronzov\u00e9 medaile. Dru\u017estvo mlad\u0161\u00edch \u017e\u00e1ky\u0148 se um\u00edstilo na 6. m\u00edst\u011b. Jen 5 bod\u016f d\u011blilo dru\u017estvo star\u0161\u00edch \u017e\u00e1k\u016f od bronzov\u00e9 p\u0159\u00ed\u010dky. Nejlep\u0161\u00edm zubersk\u00fdm dru\u017estvem se op\u011bt stali z\u00e1stupci mlad\u0161\u00edch \u017e\u00e1k\u016f, kdy o t\u00e9m\u011b\u0159 500 bod\u016f zv\u00edt\u011bzili nad dru\u017estvy Z\u0160 Vide\u010dsk\u00e1 a Z\u0160 \u0160afa\u0159\u00edkova a postoupili tak do krajsk\u00e9ho kola. Mezi nejlep\u0161\u00edmi dru\u017estvy Zl\u00ednsk\u00e9ho kraje (krajsk\u00e9 kolo prob\u011bhlo ve Zl\u00edn\u011b 31. kv\u011btna) skon\u010dilo zubersk\u00e9 p\u011bti\u010dlenn\u00e9 dru\u017estvo na kr\u00e1sn\u00e9 st\u0159\u00edbrn\u00e9 p\u0159\u00ed\u010dce. Foto \u010d.4: Dru\u017estvo mlad\u0161\u00edch \u017e\u00e1k\u016f na krajsk\u00e9m kole (Zl\u00edn), zleva: Tom\u00e1\u0161 Rand\u00fdsek, \u0160t\u011bp\u00e1n Jano\u0161ek, Jakub Cibulec, Adam Zeman, Miroslav Kole\u010dek V\u0161em atlet\u016fm na\u0161\u00ed \u0161koly d\u011bkujeme za skv\u011blou reprezentaci a p\u0159ejeme hodn\u011b sportovn\u00edho \u0161t\u011bst\u00ed v&nbsp;dal\u0161\u00edch sout\u011b\u017e\u00edch. Mgr. Gabriela C\u00e1bov\u00e1<\/p>\n","protected":false},"author":1,"featured_media":0,"comment_status":"closed","ping_status":"closed","sticky":false,"template":"","format":"standard","meta":{"ngg_post_thumbnail":0,"footnotes":""},"categories":[58],"tags":[],"acf":[],"_links":{"self":[{"href":"https:\/\/www.zszubri.cz\/index.php?rest_route=\/wp\/v2\/posts\/6339"}],"collection":[{"href":"https:\/\/www.zszubri.cz\/index.php?rest_route=\/wp\/v2\/posts"}],"about":[{"href":"https:\/\/www.zszubri.cz\/index.php?rest_route=\/wp\/v2\/types\/post"}],"author":[{"embeddable":true,"href":"https:\/\/www.zszubri.cz\/index.php?rest_route=\/wp\/v2\/users\/1"}],"replies":[{"embeddable":true,"href":"https:\/\/www.zszubri.cz\/index.php?rest_route=%2Fwp%2Fv2%2Fcomments&post=6339"}],"version-history":[{"count":1,"href":"https:\/\/www.zszubri.cz\/index.php?rest_route=\/wp\/v2\/posts\/6339\/revisions"}],"predecessor-version":[{"id":6344,"href":"https:\/\/www.zszubri.cz\/index.php?rest_route=\/wp\/v2\/posts\/6339\/revisions\/6344"}],"wp:attachment":[{"href":"https:\/\/www.zszubri.cz\/index.php?rest_route=%2Fwp%2Fv2%2Fmedia&parent=6339"}],"wp:term":[{"taxonomy":"category","embeddable":true,"href":"https:\/\/www.zszubri.cz\/index.php?rest_route=%2Fwp%2Fv2%2Fcategories&post=6339"},{"taxonomy":"post_tag","embeddable":true,"href":"https:\/\/www.zszubri.cz\/index.php?rest_route=%2Fwp%2Fv2%2Ftags&post=6339"}],"curies":[{"name":"wp","href":"https:\/\/api.w.org\/{rel}","templated":true}]}}