{"id":6347,"date":"2017-06-18T11:11:38","date_gmt":"2017-06-18T09:11:38","guid":{"rendered":"http:\/\/www.zszubri.cz\/?p=6347"},"modified":"2017-06-18T11:13:31","modified_gmt":"2017-06-18T09:13:31","slug":"soutez-ve-sberu-vyslouzileho-elektrozarizeni","status":"publish","type":"post","link":"https:\/\/www.zszubri.cz\/?p=6347","title":{"rendered":"Sout\u011b\u017e ve sb\u011bru vyslou\u017eil\u00e9ho elektroza\u0159\u00edzen\u00ed"},"content":{"rendered":"<div class=\"pdfprnt-buttons pdfprnt-buttons-post pdfprnt-top-right\"><a href=\"https:\/\/www.zszubri.cz\/index.php?rest_route=wpv2posts6347&print=print\" class=\"pdfprnt-button pdfprnt-button-print\" target=\"_blank\"><img src=\"https:\/\/www.zszubri.cz\/wp-content\/plugins\/pdf-print\/images\/print.png\" alt=\"image_print\" title=\"Print Content\" \/><\/a><\/div><p><a href=\"http:\/\/www.zszubri.cz\/wp-content\/uploads\/2017\/06\/1_msto_Trida-4.-B.jpg\"><img decoding=\"async\" loading=\"lazy\" class=\"alignnone size-medium wp-image-6349\" src=\"http:\/\/www.zszubri.cz\/wp-content\/uploads\/2017\/06\/1_msto_Trida-4.-B-300x255.jpg\" alt=\"\" height=\"255\" width=\"300\" srcset=\"https:\/\/www.zszubri.cz\/wp-content\/uploads\/2017\/06\/1_msto_Trida-4.-B-300x255.jpg 300w, https:\/\/www.zszubri.cz\/wp-content\/uploads\/2017\/06\/1_msto_Trida-4.-B-768x653.jpg 768w, https:\/\/www.zszubri.cz\/wp-content\/uploads\/2017\/06\/1_msto_Trida-4.-B-1024x870.jpg 1024w, https:\/\/www.zszubri.cz\/wp-content\/uploads\/2017\/06\/1_msto_Trida-4.-B-1536x1305.jpg 1536w, https:\/\/www.zszubri.cz\/wp-content\/uploads\/2017\/06\/1_msto_Trida-4.-B-2048x1741.jpg 2048w, https:\/\/www.zszubri.cz\/wp-content\/uploads\/2017\/06\/1_msto_Trida-4.-B-1140x969.jpg 1140w\" sizes=\"(max-width: 300px) 100vw, 300px\" \/><\/a><\/p>\n<hr>\n<p>&nbsp;<\/p>\n<p>Na\u0161e \u0161kola se v&nbsp;leto\u0161n\u00edm \u0161koln\u00edm roce op\u011bt zapojila do sout\u011b\u017ee organizovan\u00e9 programem Recyklohran\u00ed aneb Ukli\u010fme si sv\u011bt. Sb\u00edr\u00e1me vyslou\u017eil\u00e1 drobn\u00e1 elektroza\u0159\u00edzen\u00ed, kter\u00e1 u\u017e doma nejsou k&nbsp;u\u017eitku a nepat\u0159\u00ed mezi b\u011b\u017en\u00fd odpad. \u201ePro\u010d to d\u011bl\u00e1me? Proto\u017ee n\u00e1s to bav\u00ed. T\u011b\u0161\u00edme se na odm\u011bnu. A taky je dobr\u00e9, kdy\u017e se odpad t\u0159\u00edd\u00ed, recykluje a odd\u011bluj\u00ed se jeho&nbsp;nebezpe\u010dn\u00e9 a jedovat\u00e9 \u010d\u00e1sti.\u201c shoduj\u00ed se Jirka Pavl\u00ed\u010dek, Maru\u0161ka Pet\u0159ekov\u00e1, Mat\u011bj Melicha\u0159\u00edk, Ondra Vlk a dal\u0161\u00ed \u017e\u00e1ci voliteln\u00e9ho p\u0159edm\u011btu ekologie, kte\u0159\u00ed s&nbsp;organizac\u00ed sb\u011bru pom\u00e1hali leto\u0161n\u00ed \u0161koln\u00ed rok. &nbsp;<\/p>\n<p>T\u0159\u00eddy mezi sebou v&nbsp;pr\u016fb\u011bhu \u0161koln\u00edho roku sout\u011b\u017eily o to, kter\u00e1 vyslou\u017eil\u00fdch elektrospot\u0159ebi\u010d\u016f nasb\u00edr\u00e1 nejv\u00edc. Motivac\u00ed jim byla sl\u00edben\u00e1 odm\u011bna.<\/p>\n<p><a href=\"http:\/\/www.zszubri.cz\/wp-content\/uploads\/2017\/06\/2_misto_Trida-6.-B.jpg\"><img decoding=\"async\" loading=\"lazy\" class=\"alignnone size-medium wp-image-6351\" src=\"http:\/\/www.zszubri.cz\/wp-content\/uploads\/2017\/06\/2_misto_Trida-6.-B-300x173.jpg\" alt=\"\" height=\"173\" width=\"300\" srcset=\"https:\/\/www.zszubri.cz\/wp-content\/uploads\/2017\/06\/2_misto_Trida-6.-B-300x173.jpg 300w, https:\/\/www.zszubri.cz\/wp-content\/uploads\/2017\/06\/2_misto_Trida-6.-B-768x443.jpg 768w, https:\/\/www.zszubri.cz\/wp-content\/uploads\/2017\/06\/2_misto_Trida-6.-B-1024x591.jpg 1024w, https:\/\/www.zszubri.cz\/wp-content\/uploads\/2017\/06\/2_misto_Trida-6.-B-1536x887.jpg 1536w, https:\/\/www.zszubri.cz\/wp-content\/uploads\/2017\/06\/2_misto_Trida-6.-B-2048x1182.jpg 2048w, https:\/\/www.zszubri.cz\/wp-content\/uploads\/2017\/06\/2_misto_Trida-6.-B-1140x658.jpg 1140w\" sizes=\"(max-width: 300px) 100vw, 300px\" \/><\/a><\/p>\n<hr>\n<p>Bezkonkuren\u010dn\u011b nej\u0161ikovn\u011bj\u0161\u00edmi sb\u011bra\u010di elektroodpadu byli v&nbsp;leto\u0161n\u00edm \u0161koln\u00edm roce \u017e\u00e1ci t\u0159\u00eddy 4. B. Zaslou\u017een\u011b se tedy um\u00edstili na 1. m\u00edst\u011b. Druh\u00e9 m\u00edsto obsadila t\u0159\u00edda 6. B, jej\u00ed\u017e \u017e\u00e1ci tak\u00e9 piln\u011b elektroodpad sb\u00edrali. Aktivn\u011b se zapojili i \u017e\u00e1ci t\u0159\u00eddy 4. C a jejich snaha jim zajistila 3. m\u00edsto.<\/p>\n<p>Blahop\u0159ejeme a d\u011bkujeme v\u0161em, kte\u0159\u00ed se sout\u011b\u017ee z\u00fa\u010dastnili.<\/p>\n<p><a href=\"http:\/\/www.zszubri.cz\/wp-content\/uploads\/2017\/06\/3_misto_Trida-4.-C.jpg\"><img decoding=\"async\" loading=\"lazy\" class=\"alignnone size-medium wp-image-6352\" src=\"http:\/\/www.zszubri.cz\/wp-content\/uploads\/2017\/06\/3_misto_Trida-4.-C-300x256.jpg\" alt=\"\" height=\"256\" width=\"300\" srcset=\"https:\/\/www.zszubri.cz\/wp-content\/uploads\/2017\/06\/3_misto_Trida-4.-C-300x256.jpg 300w, https:\/\/www.zszubri.cz\/wp-content\/uploads\/2017\/06\/3_misto_Trida-4.-C-768x656.jpg 768w, https:\/\/www.zszubri.cz\/wp-content\/uploads\/2017\/06\/3_misto_Trida-4.-C-1024x875.jpg 1024w, https:\/\/www.zszubri.cz\/wp-content\/uploads\/2017\/06\/3_misto_Trida-4.-C-1536x1312.jpg 1536w, https:\/\/www.zszubri.cz\/wp-content\/uploads\/2017\/06\/3_misto_Trida-4.-C-2048x1750.jpg 2048w, https:\/\/www.zszubri.cz\/wp-content\/uploads\/2017\/06\/3_misto_Trida-4.-C-1140x974.jpg 1140w\" sizes=\"(max-width: 300px) 100vw, 300px\" \/><\/a><\/p>\n<hr>\n<p>T\u00fdm ekolog\u016f Z\u0160 Zub\u0159\u00ed<\/p>\n","protected":false},"excerpt":{"rendered":"<p>&nbsp; Na\u0161e \u0161kola se v&nbsp;leto\u0161n\u00edm \u0161koln\u00edm roce op\u011bt zapojila do sout\u011b\u017ee organizovan\u00e9 programem Recyklohran\u00ed aneb Ukli\u010fme si sv\u011bt. Sb\u00edr\u00e1me vyslou\u017eil\u00e1 drobn\u00e1 elektroza\u0159\u00edzen\u00ed, kter\u00e1 u\u017e doma nejsou k&nbsp;u\u017eitku a nepat\u0159\u00ed mezi b\u011b\u017en\u00fd odpad. \u201ePro\u010d to d\u011bl\u00e1me? Proto\u017ee n\u00e1s to bav\u00ed. T\u011b\u0161\u00edme se na odm\u011bnu. A taky je dobr\u00e9, kdy\u017e se odpad t\u0159\u00edd\u00ed, recykluje a odd\u011bluj\u00ed se jeho&nbsp;nebezpe\u010dn\u00e9 a jedovat\u00e9 \u010d\u00e1sti.\u201c shoduj\u00ed se Jirka Pavl\u00ed\u010dek, Maru\u0161ka Pet\u0159ekov\u00e1, Mat\u011bj Melicha\u0159\u00edk, Ondra Vlk a dal\u0161\u00ed \u017e\u00e1ci voliteln\u00e9ho p\u0159edm\u011btu ekologie, kte\u0159\u00ed s&nbsp;organizac\u00ed sb\u011bru pom\u00e1hali leto\u0161n\u00ed \u0161koln\u00ed rok. &nbsp; T\u0159\u00eddy mezi sebou v&nbsp;pr\u016fb\u011bhu \u0161koln\u00edho roku sout\u011b\u017eily o to, kter\u00e1 vyslou\u017eil\u00fdch elektrospot\u0159ebi\u010d\u016f nasb\u00edr\u00e1 nejv\u00edc. Motivac\u00ed jim byla sl\u00edben\u00e1 odm\u011bna. Bezkonkuren\u010dn\u011b nej\u0161ikovn\u011bj\u0161\u00edmi sb\u011bra\u010di elektroodpadu byli v&nbsp;leto\u0161n\u00edm \u0161koln\u00edm roce \u017e\u00e1ci t\u0159\u00eddy 4. B. Zaslou\u017een\u011b se tedy um\u00edstili na 1. m\u00edst\u011b. Druh\u00e9 m\u00edsto obsadila t\u0159\u00edda 6. B, jej\u00ed\u017e \u017e\u00e1ci tak\u00e9 piln\u011b elektroodpad sb\u00edrali. Aktivn\u011b se zapojili i \u017e\u00e1ci t\u0159\u00eddy 4. C a jejich snaha jim zajistila 3. m\u00edsto. Blahop\u0159ejeme a d\u011bkujeme v\u0161em, kte\u0159\u00ed se sout\u011b\u017ee z\u00fa\u010dastnili. T\u00fdm ekolog\u016f Z\u0160 Zub\u0159\u00ed<\/p>\n","protected":false},"author":1,"featured_media":0,"comment_status":"closed","ping_status":"closed","sticky":false,"template":"","format":"standard","meta":{"ngg_post_thumbnail":0,"footnotes":""},"categories":[58],"tags":[],"acf":[],"_links":{"self":[{"href":"https:\/\/www.zszubri.cz\/index.php?rest_route=\/wp\/v2\/posts\/6347"}],"collection":[{"href":"https:\/\/www.zszubri.cz\/index.php?rest_route=\/wp\/v2\/posts"}],"about":[{"href":"https:\/\/www.zszubri.cz\/index.php?rest_route=\/wp\/v2\/types\/post"}],"author":[{"embeddable":true,"href":"https:\/\/www.zszubri.cz\/index.php?rest_route=\/wp\/v2\/users\/1"}],"replies":[{"embeddable":true,"href":"https:\/\/www.zszubri.cz\/index.php?rest_route=%2Fwp%2Fv2%2Fcomments&post=6347"}],"version-history":[{"count":3,"href":"https:\/\/www.zszubri.cz\/index.php?rest_route=\/wp\/v2\/posts\/6347\/revisions"}],"predecessor-version":[{"id":6353,"href":"https:\/\/www.zszubri.cz\/index.php?rest_route=\/wp\/v2\/posts\/6347\/revisions\/6353"}],"wp:attachment":[{"href":"https:\/\/www.zszubri.cz\/index.php?rest_route=%2Fwp%2Fv2%2Fmedia&parent=6347"}],"wp:term":[{"taxonomy":"category","embeddable":true,"href":"https:\/\/www.zszubri.cz\/index.php?rest_route=%2Fwp%2Fv2%2Fcategories&post=6347"},{"taxonomy":"post_tag","embeddable":true,"href":"https:\/\/www.zszubri.cz\/index.php?rest_route=%2Fwp%2Fv2%2Ftags&post=6347"}],"curies":[{"name":"wp","href":"https:\/\/api.w.org\/{rel}","templated":true}]}}