{"id":6394,"date":"2017-08-06T20:46:13","date_gmt":"2017-08-06T18:46:13","guid":{"rendered":"http:\/\/www.zszubri.cz\/?p=6394"},"modified":"2017-08-06T20:46:13","modified_gmt":"2017-08-06T18:46:13","slug":"bronz-pro-male-zdravotniky","status":"publish","type":"post","link":"https:\/\/www.zszubri.cz\/?p=6394","title":{"rendered":"Bronz pro mal\u00e9 zdravotn\u00edky"},"content":{"rendered":"<div class=\"pdfprnt-buttons pdfprnt-buttons-post pdfprnt-top-right\"><a href=\"https:\/\/www.zszubri.cz\/index.php?rest_route=wpv2posts6394&print=print\" class=\"pdfprnt-button pdfprnt-button-print\" target=\"_blank\"><img src=\"https:\/\/www.zszubri.cz\/wp-content\/plugins\/pdf-print\/images\/print.png\" alt=\"image_print\" title=\"Print Content\" \/><\/a><\/div><p>Letos jsme ji\u017e podruh\u00e9 vyrazili 11. 5. 2017 vlakem do Vset\u00edna na sout\u011b\u017e hl\u00eddek Mlad\u00fdch zdravotn\u00edk\u016f. V\u0161ichni jsme se t\u011b\u0161ili, bylo hezk\u00e9 po\u010das\u00ed a my jsme byli rozhodnuti vyhr\u00e1t. Cel\u00fd rok jsme se piln\u011b p\u0159ipravovali. Loni jsme byli toti\u017e t\u0159et\u00ed od konce.<\/p>\n<p>A letos n\u00e1m to opravdu vy\u0161lo. Pod veden\u00edm Emy Charv\u00e1tov\u00e9 dal\u0161\u00ed \u010dty\u0159i d\u011bti \u2013 Jakub Machala, Krist\u00fdna Pape\u017eov\u00e1, Marek K\u0159es\u0165an a \u0160t\u011bp\u00e1n Korb \u2013 \u00fasp\u011b\u0161n\u011b zvl\u00e1daly v\u0161echny \u00fakoly a z\u00e1ludn\u00e9 ot\u00e1zky, kter\u00e9 si pro sout\u011b\u017e\u00edc\u00ed p\u0159ipravili po\u0159adatel\u00e9. A letos to bylo tak\u00e9 t\u0159et\u00ed m\u00edsto, ale regul\u00e9rn\u00ed bronzov\u00e9. Bylo vid\u011bt, \u017ee d\u011bti u\u017e v\u011bd\u011bly, do \u010deho jdou a co je \u010dek\u00e1.<\/p>\n<p>Moc jim gratuluji, d\u011bkuji za celoro\u010dn\u00ed usilovnou pr\u00e1ci v&nbsp;krou\u017eku Mlad\u00fdch zdravotn\u00edk\u016f a p\u0159eji i v&nbsp;dal\u0161\u00edm \u00fasil\u00ed mnoho zdaru. Leto\u0161n\u00ed rok v&nbsp;krou\u017eku pracovalo sedm d\u011bt\u00ed z&nbsp;I. stupn\u011b Z\u0160 Zub\u0159\u00ed. Douf\u00e1m, \u017ee i p\u0159\u00ed\u0161t\u00ed \u0161koln\u00ed rok se najdou z&nbsp;\u0159ad d\u011bt\u00ed z\u00e1jemci o zvl\u00e1dnut\u00ed poskytnut\u00ed prvn\u00ed pomoci. Mo\u017en\u00e1 jednou, co j\u00e1 v\u00edm, n\u011bkdo z&nbsp;nich zachr\u00e1n\u00ed n\u011bkomu \u017eivot. Hezk\u00e9 pr\u00e1zdniny a po nich op\u011bt na shledanou<\/p>\n<p>&nbsp;&nbsp;&nbsp;&nbsp;&nbsp;&nbsp;&nbsp;&nbsp;&nbsp;&nbsp;&nbsp;&nbsp;&nbsp;&nbsp;&nbsp;&nbsp;&nbsp;&nbsp;&nbsp;&nbsp;&nbsp;&nbsp;&nbsp;&nbsp;&nbsp;&nbsp;&nbsp;&nbsp;&nbsp;&nbsp;&nbsp;&nbsp;&nbsp;&nbsp;&nbsp;&nbsp;&nbsp;&nbsp;&nbsp;&nbsp;&nbsp;&nbsp;&nbsp;&nbsp;&nbsp;&nbsp;&nbsp;&nbsp;&nbsp;&nbsp;&nbsp;&nbsp;&nbsp;&nbsp;&nbsp;&nbsp;&nbsp;&nbsp;&nbsp;&nbsp;&nbsp;&nbsp;&nbsp;&nbsp;&nbsp;&nbsp;&nbsp;&nbsp;&nbsp;&nbsp;&nbsp;&nbsp;&nbsp;&nbsp;&nbsp;&nbsp;&nbsp;&nbsp;&nbsp;&nbsp;&nbsp;&nbsp;&nbsp;&nbsp;&nbsp;&nbsp;&nbsp;&nbsp;&nbsp;&nbsp;&nbsp;&nbsp;&nbsp;&nbsp;&nbsp;&nbsp;&nbsp;&nbsp;&nbsp;&nbsp;&nbsp;&nbsp;&nbsp;&nbsp;&nbsp;&nbsp;&nbsp;&nbsp;&nbsp;&nbsp;&nbsp;&nbsp;&nbsp;&nbsp;&nbsp;&nbsp;&nbsp;&nbsp;&nbsp;&nbsp;&nbsp;&nbsp;&nbsp;&nbsp;&nbsp;&nbsp;&nbsp;&nbsp;&nbsp;&nbsp;&nbsp;&nbsp;&nbsp;&nbsp;&nbsp;&nbsp;&nbsp;&nbsp;&nbsp;&nbsp;&nbsp;&nbsp;&nbsp;&nbsp;&nbsp;&nbsp;&nbsp;&nbsp;&nbsp;&nbsp;&nbsp;&nbsp;&nbsp;&nbsp;&nbsp;&nbsp; \u0160\u00e1rka Janu\u0161ov\u00e1<\/p>\n","protected":false},"excerpt":{"rendered":"<p>Letos jsme ji\u017e podruh\u00e9 vyrazili 11. 5. 2017 vlakem do Vset\u00edna na sout\u011b\u017e hl\u00eddek Mlad\u00fdch zdravotn\u00edk\u016f. V\u0161ichni jsme se t\u011b\u0161ili, bylo hezk\u00e9 po\u010das\u00ed a my jsme byli rozhodnuti vyhr\u00e1t. Cel\u00fd rok jsme se piln\u011b p\u0159ipravovali. Loni jsme byli toti\u017e t\u0159et\u00ed od konce. A letos n\u00e1m to opravdu vy\u0161lo. Pod veden\u00edm Emy Charv\u00e1tov\u00e9 dal\u0161\u00ed \u010dty\u0159i d\u011bti \u2013 Jakub Machala, Krist\u00fdna Pape\u017eov\u00e1, Marek K\u0159es\u0165an a \u0160t\u011bp\u00e1n Korb \u2013 \u00fasp\u011b\u0161n\u011b zvl\u00e1daly v\u0161echny \u00fakoly a z\u00e1ludn\u00e9 ot\u00e1zky, kter\u00e9 si pro sout\u011b\u017e\u00edc\u00ed p\u0159ipravili po\u0159adatel\u00e9. A letos to bylo tak\u00e9 t\u0159et\u00ed m\u00edsto, ale regul\u00e9rn\u00ed bronzov\u00e9. Bylo vid\u011bt, \u017ee d\u011bti u\u017e v\u011bd\u011bly, do \u010deho jdou a co je \u010dek\u00e1. Moc jim gratuluji, d\u011bkuji za celoro\u010dn\u00ed usilovnou pr\u00e1ci v&nbsp;krou\u017eku Mlad\u00fdch zdravotn\u00edk\u016f a p\u0159eji i v&nbsp;dal\u0161\u00edm \u00fasil\u00ed mnoho zdaru. Leto\u0161n\u00ed rok v&nbsp;krou\u017eku pracovalo sedm d\u011bt\u00ed z&nbsp;I. stupn\u011b Z\u0160 Zub\u0159\u00ed. Douf\u00e1m, \u017ee i p\u0159\u00ed\u0161t\u00ed \u0161koln\u00ed rok se najdou z&nbsp;\u0159ad d\u011bt\u00ed z\u00e1jemci o zvl\u00e1dnut\u00ed poskytnut\u00ed prvn\u00ed pomoci. Mo\u017en\u00e1 jednou, co j\u00e1 v\u00edm, n\u011bkdo z&nbsp;nich zachr\u00e1n\u00ed n\u011bkomu \u017eivot. Hezk\u00e9 pr\u00e1zdniny a po nich op\u011bt na shledanou &nbsp;&nbsp;&nbsp;&nbsp;&nbsp;&nbsp;&nbsp;&nbsp;&nbsp;&nbsp;&nbsp;&nbsp;&nbsp;&nbsp;&nbsp;&nbsp;&nbsp;&nbsp;&nbsp;&nbsp;&nbsp;&nbsp;&nbsp;&nbsp;&nbsp;&nbsp;&nbsp;&nbsp;&nbsp;&nbsp;&nbsp;&nbsp;&nbsp;&nbsp;&nbsp;&nbsp;&nbsp;&nbsp;&nbsp;&nbsp;&nbsp;&nbsp;&nbsp;&nbsp;&nbsp;&nbsp;&nbsp;&nbsp;&nbsp;&nbsp;&nbsp;&nbsp;&nbsp;&nbsp;&nbsp;&nbsp;&nbsp;&nbsp;&nbsp;&nbsp;&nbsp;&nbsp;&nbsp;&nbsp;&nbsp;&nbsp;&nbsp;&nbsp;&nbsp;&nbsp;&nbsp;&nbsp;&nbsp;&nbsp;&nbsp;&nbsp;&nbsp;&nbsp;&nbsp;&nbsp;&nbsp;&nbsp;&nbsp;&nbsp;&nbsp;&nbsp;&nbsp;&nbsp;&nbsp;&nbsp;&nbsp;&nbsp;&nbsp;&nbsp;&nbsp;&nbsp;&nbsp;&nbsp;&nbsp;&nbsp;&nbsp;&nbsp;&nbsp;&nbsp;&nbsp;&nbsp;&nbsp;&nbsp;&nbsp;&nbsp;&nbsp;&nbsp;&nbsp;&nbsp;&nbsp;&nbsp;&nbsp;&nbsp;&nbsp;&nbsp;&nbsp;&nbsp;&nbsp;&nbsp;&nbsp;&nbsp;&nbsp;&nbsp;&nbsp;&nbsp;&nbsp;&nbsp;&nbsp;&nbsp;&nbsp;&nbsp;&nbsp;&nbsp;&nbsp;&nbsp;&nbsp;&nbsp;&nbsp;&nbsp;&nbsp;&nbsp;&nbsp;&nbsp;&nbsp;&nbsp;&nbsp;&nbsp;&nbsp;&nbsp;&nbsp;&nbsp; \u0160\u00e1rka Janu\u0161ov\u00e1<\/p>\n","protected":false},"author":1,"featured_media":0,"comment_status":"closed","ping_status":"closed","sticky":false,"template":"","format":"standard","meta":{"ngg_post_thumbnail":0,"footnotes":""},"categories":[58],"tags":[],"acf":[],"_links":{"self":[{"href":"https:\/\/www.zszubri.cz\/index.php?rest_route=\/wp\/v2\/posts\/6394"}],"collection":[{"href":"https:\/\/www.zszubri.cz\/index.php?rest_route=\/wp\/v2\/posts"}],"about":[{"href":"https:\/\/www.zszubri.cz\/index.php?rest_route=\/wp\/v2\/types\/post"}],"author":[{"embeddable":true,"href":"https:\/\/www.zszubri.cz\/index.php?rest_route=\/wp\/v2\/users\/1"}],"replies":[{"embeddable":true,"href":"https:\/\/www.zszubri.cz\/index.php?rest_route=%2Fwp%2Fv2%2Fcomments&post=6394"}],"version-history":[{"count":1,"href":"https:\/\/www.zszubri.cz\/index.php?rest_route=\/wp\/v2\/posts\/6394\/revisions"}],"predecessor-version":[{"id":6395,"href":"https:\/\/www.zszubri.cz\/index.php?rest_route=\/wp\/v2\/posts\/6394\/revisions\/6395"}],"wp:attachment":[{"href":"https:\/\/www.zszubri.cz\/index.php?rest_route=%2Fwp%2Fv2%2Fmedia&parent=6394"}],"wp:term":[{"taxonomy":"category","embeddable":true,"href":"https:\/\/www.zszubri.cz\/index.php?rest_route=%2Fwp%2Fv2%2Fcategories&post=6394"},{"taxonomy":"post_tag","embeddable":true,"href":"https:\/\/www.zszubri.cz\/index.php?rest_route=%2Fwp%2Fv2%2Ftags&post=6394"}],"curies":[{"name":"wp","href":"https:\/\/api.w.org\/{rel}","templated":true}]}}