{"id":6396,"date":"2017-08-06T20:48:45","date_gmt":"2017-08-06T18:48:45","guid":{"rendered":"http:\/\/www.zszubri.cz\/?p=6396"},"modified":"2017-08-06T20:48:45","modified_gmt":"2017-08-06T18:48:45","slug":"xii-rocnik-vytvarne-souteze-cestou-dvou-bratri","status":"publish","type":"post","link":"https:\/\/www.zszubri.cz\/?p=6396","title":{"rendered":"XII. ro\u010dn\u00edk v\u00fdtvarn\u00e9 sout\u011b\u017ee \u201e Cestou dvou brat\u0159\u00ed\u201c"},"content":{"rendered":"<div class=\"pdfprnt-buttons pdfprnt-buttons-post pdfprnt-top-right\"><a href=\"https:\/\/www.zszubri.cz\/index.php?rest_route=wpv2posts6396&print=print\" class=\"pdfprnt-button pdfprnt-button-print\" target=\"_blank\"><img src=\"https:\/\/www.zszubri.cz\/wp-content\/plugins\/pdf-print\/images\/print.png\" alt=\"image_print\" title=\"Print Content\" \/><\/a><\/div><p><a href=\"http:\/\/www.zszubri.cz\/wp-content\/uploads\/2017\/08\/01.jpg\"><img decoding=\"async\" loading=\"lazy\" class=\"alignnone size-medium wp-image-6397\" src=\"http:\/\/www.zszubri.cz\/wp-content\/uploads\/2017\/08\/01-300x206.jpg\" alt=\"\" width=\"300\" height=\"206\" srcset=\"https:\/\/www.zszubri.cz\/wp-content\/uploads\/2017\/08\/01-300x206.jpg 300w, https:\/\/www.zszubri.cz\/wp-content\/uploads\/2017\/08\/01-768x527.jpg 768w, https:\/\/www.zszubri.cz\/wp-content\/uploads\/2017\/08\/01-1024x702.jpg 1024w, https:\/\/www.zszubri.cz\/wp-content\/uploads\/2017\/08\/01-1140x782.jpg 1140w, https:\/\/www.zszubri.cz\/wp-content\/uploads\/2017\/08\/01.jpg 1200w\" sizes=\"(max-width: 300px) 100vw, 300px\" \/><\/a>&nbsp;<\/p>\n<hr>\n<p>V&nbsp;leto\u0161n\u00edm roce se ji\u017e po \u0161est\u00e9 zapojily d\u011bti v\u00fdtvarn\u00fdch krou\u017ek\u016f \u0160koln\u00edho klubu p\u0159i Z\u0160 Zub\u0159\u00ed do v\u00fdtvarn\u00e9 sout\u011b\u017ee <strong>\u201e Cestou dvou brat\u0159\u00ed<\/strong>\u201c. C\u00edlem sout\u011b\u017ee je p\u0159ibl\u00ed\u017eit d\u011btem ko\u0159eny na\u0161i kultury, s osobnostmi Cyrila a Metod\u011bje, s&nbsp;pozitivn\u00ed p\u0159\u00edkladem pro \u017eivot v&nbsp;sou\u010dasnosti.<\/p>\n<p>Sout\u011b\u017e je zam\u011b\u0159ena na d\u011bti M\u0160, I. kat. 1.-3. t\u0159\u00edd, II. kat. 4. -5. T\u0159\u00edd a ZU\u0160. Do sout\u011b\u017ee putovalo 6 prac\u00ed ve dvou kategori\u00edch. Velk\u00fdm \u00fasp\u011bchem je <strong>1. m\u00edsto v&nbsp;II. Kat. Kate\u0159iny Lajgotov\u00e9, 10. M\u00edsto&nbsp; Lucie Mach\u00e1\u010dkov\u00e9 a 12. M\u00edsto Nat\u00e1lky Fr\u0148kov\u00e9. V\u0161echny jmenovan\u00e9 v\u00fdtvarnice byly pozv\u00e1ny na slavnostn\u00ed p\u0159ed\u00e1v\u00e1ni cen v&nbsp;r\u00e1mci programu Dne dobr\u00e9 v\u016fle na Velehrad\u011b.<\/strong><\/p>\n<p><a href=\"http:\/\/www.zszubri.cz\/wp-content\/uploads\/2017\/08\/12.jpg\"><img decoding=\"async\" loading=\"lazy\" class=\"alignnone  wp-image-6399\" src=\"http:\/\/www.zszubri.cz\/wp-content\/uploads\/2017\/08\/12.jpg\" alt=\"\" width=\"175\" height=\"239\" srcset=\"https:\/\/www.zszubri.cz\/wp-content\/uploads\/2017\/08\/12.jpg 733w, https:\/\/www.zszubri.cz\/wp-content\/uploads\/2017\/08\/12-220x300.jpg 220w\" sizes=\"(max-width: 175px) 100vw, 175px\" \/><\/a><\/p>\n<p>V\u0161em ocen\u011bn\u00fdm d\u011bkuji&nbsp; a blahop\u0159eji&nbsp; k&nbsp;um\u00edst\u011bn\u00ed.<\/p>\n<p>Jaroslava Ju\u0159\u00ed\u010dkov\u00e1,&nbsp;&nbsp;&nbsp;&nbsp; ved. \u0160K Z\u0160 Zub\u0159\u00ed<\/p>\n<p>&nbsp;<\/p>\n<p><a href=\"http:\/\/www.zszubri.cz\/wp-content\/uploads\/2017\/08\/10.jpg\"><img decoding=\"async\" loading=\"lazy\" class=\"alignnone  wp-image-6398\" src=\"http:\/\/www.zszubri.cz\/wp-content\/uploads\/2017\/08\/10.jpg\" alt=\"\" width=\"236\" height=\"342\" srcset=\"https:\/\/www.zszubri.cz\/wp-content\/uploads\/2017\/08\/10.jpg 691w, https:\/\/www.zszubri.cz\/wp-content\/uploads\/2017\/08\/10-207x300.jpg 207w\" sizes=\"(max-width: 236px) 100vw, 236px\" \/><\/a><\/p>\n","protected":false},"excerpt":{"rendered":"<p>&nbsp; V&nbsp;leto\u0161n\u00edm roce se ji\u017e po \u0161est\u00e9 zapojily d\u011bti v\u00fdtvarn\u00fdch krou\u017ek\u016f \u0160koln\u00edho klubu p\u0159i Z\u0160 Zub\u0159\u00ed do v\u00fdtvarn\u00e9 sout\u011b\u017ee \u201e Cestou dvou brat\u0159\u00ed\u201c. C\u00edlem sout\u011b\u017ee je p\u0159ibl\u00ed\u017eit d\u011btem ko\u0159eny na\u0161i kultury, s osobnostmi Cyrila a Metod\u011bje, s&nbsp;pozitivn\u00ed p\u0159\u00edkladem pro \u017eivot v&nbsp;sou\u010dasnosti. Sout\u011b\u017e je zam\u011b\u0159ena na d\u011bti M\u0160, I. kat. 1.-3. t\u0159\u00edd, II. kat. 4. -5. T\u0159\u00edd a ZU\u0160. Do sout\u011b\u017ee putovalo 6 prac\u00ed ve dvou kategori\u00edch. Velk\u00fdm \u00fasp\u011bchem je 1. m\u00edsto v&nbsp;II. Kat. Kate\u0159iny Lajgotov\u00e9, 10. M\u00edsto&nbsp; Lucie Mach\u00e1\u010dkov\u00e9 a 12. M\u00edsto Nat\u00e1lky Fr\u0148kov\u00e9. V\u0161echny jmenovan\u00e9 v\u00fdtvarnice byly pozv\u00e1ny na slavnostn\u00ed p\u0159ed\u00e1v\u00e1ni cen v&nbsp;r\u00e1mci programu Dne dobr\u00e9 v\u016fle na Velehrad\u011b. V\u0161em ocen\u011bn\u00fdm d\u011bkuji&nbsp; a blahop\u0159eji&nbsp; k&nbsp;um\u00edst\u011bn\u00ed. Jaroslava Ju\u0159\u00ed\u010dkov\u00e1,&nbsp;&nbsp;&nbsp;&nbsp; ved. \u0160K Z\u0160 Zub\u0159\u00ed &nbsp;<\/p>\n","protected":false},"author":1,"featured_media":0,"comment_status":"closed","ping_status":"closed","sticky":false,"template":"","format":"standard","meta":{"ngg_post_thumbnail":0,"footnotes":""},"categories":[58],"tags":[],"acf":[],"_links":{"self":[{"href":"https:\/\/www.zszubri.cz\/index.php?rest_route=\/wp\/v2\/posts\/6396"}],"collection":[{"href":"https:\/\/www.zszubri.cz\/index.php?rest_route=\/wp\/v2\/posts"}],"about":[{"href":"https:\/\/www.zszubri.cz\/index.php?rest_route=\/wp\/v2\/types\/post"}],"author":[{"embeddable":true,"href":"https:\/\/www.zszubri.cz\/index.php?rest_route=\/wp\/v2\/users\/1"}],"replies":[{"embeddable":true,"href":"https:\/\/www.zszubri.cz\/index.php?rest_route=%2Fwp%2Fv2%2Fcomments&post=6396"}],"version-history":[{"count":1,"href":"https:\/\/www.zszubri.cz\/index.php?rest_route=\/wp\/v2\/posts\/6396\/revisions"}],"predecessor-version":[{"id":6400,"href":"https:\/\/www.zszubri.cz\/index.php?rest_route=\/wp\/v2\/posts\/6396\/revisions\/6400"}],"wp:attachment":[{"href":"https:\/\/www.zszubri.cz\/index.php?rest_route=%2Fwp%2Fv2%2Fmedia&parent=6396"}],"wp:term":[{"taxonomy":"category","embeddable":true,"href":"https:\/\/www.zszubri.cz\/index.php?rest_route=%2Fwp%2Fv2%2Fcategories&post=6396"},{"taxonomy":"post_tag","embeddable":true,"href":"https:\/\/www.zszubri.cz\/index.php?rest_route=%2Fwp%2Fv2%2Ftags&post=6396"}],"curies":[{"name":"wp","href":"https:\/\/api.w.org\/{rel}","templated":true}]}}