{"id":6674,"date":"2017-09-05T18:51:40","date_gmt":"2017-09-05T16:51:40","guid":{"rendered":"http:\/\/www.zszubri.cz\/?p=6674"},"modified":"2017-09-05T19:10:28","modified_gmt":"2017-09-05T17:10:28","slug":"konec-i-pocatek-skolniho-roku","status":"publish","type":"post","link":"https:\/\/www.zszubri.cz\/?p=6674","title":{"rendered":"KONEC I PO\u010c\u00c1TEK \u0160KOLN\u00cdHO ROKU"},"content":{"rendered":"<div class=\"pdfprnt-buttons pdfprnt-buttons-post pdfprnt-top-right\"><a href=\"https:\/\/www.zszubri.cz\/index.php?rest_route=wpv2posts6674&print=print\" class=\"pdfprnt-button pdfprnt-button-print\" target=\"_blank\"><img src=\"https:\/\/www.zszubri.cz\/wp-content\/plugins\/pdf-print\/images\/print.png\" alt=\"image_print\" title=\"Print Content\" \/><\/a><\/div><p><a href=\"http:\/\/www.zszubri.cz\/wp-content\/uploads\/2017\/09\/DSC05622.jpg\"><img decoding=\"async\" loading=\"lazy\" class=\"alignnone size-medium wp-image-6677\" src=\"http:\/\/www.zszubri.cz\/wp-content\/uploads\/2017\/09\/DSC05622-300x169.jpg\" alt=\"\" width=\"300\" height=\"169\" srcset=\"https:\/\/www.zszubri.cz\/wp-content\/uploads\/2017\/09\/DSC05622-300x169.jpg 300w, https:\/\/www.zszubri.cz\/wp-content\/uploads\/2017\/09\/DSC05622-768x432.jpg 768w, https:\/\/www.zszubri.cz\/wp-content\/uploads\/2017\/09\/DSC05622.jpg 1024w\" sizes=\"(max-width: 300px) 100vw, 300px\" \/><\/a><\/p>\n<hr>\n<p>\u0160koln\u00ed rok pr\u00e1v\u011b za\u010dal, le\u010d je vhodn\u00e9 se ohl\u00e9dnout i zp\u011bt. Z technick\u00fdch d\u016fvod\u016f zde zve\u0159ej\u0148ujeme se zpo\u017ed\u011bn\u00edm odkaz na pr\u016fb\u011bh posledn\u00edho dne \u0161koln\u00edho roku 2016\/2017, kdy byli v t\u011blocvi\u010dn\u011b nov\u00e9 \u0161koly za p\u0159\u00edtomnosti veden\u00ed m\u011bsta Zub\u0159\u00ed a veden\u00ed \u0161koly odm\u011bn\u011bni vybran\u00ed \u017e\u00e1ci a kdy se s n\u00e1mi rozlou\u010dili i, dnes ji\u017e b\u00fdval\u00e9, dev\u00e1t\u00e9 t\u0159\u00eddy. <a href=\"http:\/\/79.127.207.211\/photo\/#Albums\/album_c5a06b6f6c6ec3ad20726f6b20323031372032303138\/album_c5a06b6f6c6ec3ad20726f6b203230313720323031382f546f2073652064c49b6ac3ad206e6f76c3a92076c49b6369\">Obr\u00e1zky naleznete zde.<\/a><\/p>\n<p>Po\u010d\u00e1tku nov\u00e9ho \u0161koln\u00edho roku p\u0159edch\u00e1zela \u0159\u00e1dn\u00e1 p\u0159\u00edprava, i o pr\u00e1zdnin\u00e1ch se ve \u0161kole d\u011bly aktivity sm\u011b\u0159uj\u00edc\u00ed k vylep\u0161en\u00ed prost\u0159ed\u00ed v\u00fduky a pobytu ve \u0161kole. D\u00edky strategicky pl\u00e1novan\u00e9 spolupr\u00e1ci \u0161koly a z\u0159izovatele v oblasti investic byly provedeny n\u00e1sleduj\u00edc\u00ed nov\u00e9 v\u011bci : oprava \u010d\u00e1sti horn\u00ed chodby v budov\u011b nov\u00e9 \u0161koly, v\u00fdm\u011bna plotu u nov\u00e9 \u0161koly, na star\u00e9 \u0161kole do\u0161lo ke z\u0159\u00edzen\u00ed nov\u00e9 t\u0159\u00eddy s vybaven\u00edm a milou novou pan\u00ed u\u010ditelkou, d\u00e1le do\u0161lo k v\u00fdm\u011bn\u011b n\u00e1bytku ve \u0161koln\u00ed v\u00fddejn\u011b na 1. stupni a instalaci lavi\u010dek pro pot\u0159eby \u0161koln\u00ed dru\u017einy.<\/p>\n<p>V\u00fdznamn\u00fdm krokem je z\u0159\u00edzen\u00ed odstavn\u00fdch, zpevn\u011bn\u00fdch pakrovac\u00edch ploch se syst\u00e9mem parkov\u00e1n\u00ed pro zam\u011bstnance \u0161koly a z\u00e1sobov\u00e1n\u00ed v prostor\u00e1ch vzniknuv\u0161\u00edch po demolici b\u00fdval\u00fdch d\u00edlen. Tato akce jist\u011b prosp\u011bje k postupn\u00e9mu \u0159e\u0161en\u00ed dopravn\u00ed obslu\u017enosti \u0161koly a zlep\u0161en\u00ed bezpe\u010dnosti na komunikac\u00edch p\u0159il\u00e9haj\u00edc\u00edch ku \u0161kole.<\/p>\n<p><a href=\"http:\/\/www.zszubri.cz\/wp-content\/uploads\/2017\/09\/DSC_0015.jpg\"><img decoding=\"async\" loading=\"lazy\" class=\"alignnone size-medium wp-image-6678\" src=\"http:\/\/www.zszubri.cz\/wp-content\/uploads\/2017\/09\/DSC_0015-300x169.jpg\" alt=\"\" width=\"300\" height=\"169\" srcset=\"https:\/\/www.zszubri.cz\/wp-content\/uploads\/2017\/09\/DSC_0015-300x169.jpg 300w, https:\/\/www.zszubri.cz\/wp-content\/uploads\/2017\/09\/DSC_0015-768x432.jpg 768w, https:\/\/www.zszubri.cz\/wp-content\/uploads\/2017\/09\/DSC_0015.jpg 1024w\" sizes=\"(max-width: 300px) 100vw, 300px\" \/><\/a><\/p>\n<hr>\n<p>Ka\u017ed\u00fd rok opou\u0161t\u00ed \u017e\u00e1ci \u0161kolu&nbsp; a ohl\u00ed\u017e\u00ed-li se zp\u011bt, v\u011bt\u0161inou uznaj\u00ed, \u017ee vzd\u011bl\u00e1n\u00ed je b\u011bh na dlouhou tra\u0165 s nutnost\u00ed vytrvalosti, vidinou c\u00edle a ob\u010das i trochou odvahy ke kroku do nezn\u00e1ma. Naprosto podobn\u011b se tak m\u016f\u017ee jevit v\u00fdsadba v okol\u00ed nov\u00e9 \u0161koly, na n\u00ed\u017e m\u00e1 pod\u00edl pan\u00ed \u0160. Kocurkov\u00e1 a hlavn\u011b v posledn\u00ed dob\u011b pan\u00ed Lenka \u0160imurdov\u00e1, kdy ve spolupr\u00e1ci s panem Dufkem do\u0161lo kone\u010dn\u011b a\u017e po tako\u0159ka t\u0159ech letech na bod, v n\u011bm\u017e v\u00fdzdoba z\u00edsk\u00e1v\u00e1 svou, p\u016fvodn\u011b koncipovanou, podobu n\u00e1pisu Z\u0160 Zub\u0159\u00ed. I p\u0159es nep\u0159\u00edze\u0148 vandal\u016f a nemoc\u00ed ke\u0159e dos\u00e1hly sv\u00e9ho &#8222;vzd\u011bl\u00e1n\u00ed&#8220; a pod rukama zku\u0161en\u00fdch &#8222;pedagog\u016f&#8220; vydaly sv\u00e9 plody k obohacen\u00ed sebe i ostatn\u00edch.<\/p>\n<p><a href=\"http:\/\/79.127.207.211\/photo\/#Albums\/album_c5a06b6f6c6ec3ad20726f6b20323031372032303138\/album_c5a06b6f6c6ec3ad20726f6b203230313720323031382f706fc48dc3a174656b2069206b6f6e656320c5a16b6f6c6ec3ad686f20726f6b75\">Souhrnn\u00e9 obr\u00e1zkov\u00e9 zpravodajstv\u00ed k textu najdete zde.<\/a><\/p>\n","protected":false},"excerpt":{"rendered":"<p>\u0160koln\u00ed rok pr\u00e1v\u011b za\u010dal, le\u010d je vhodn\u00e9 se ohl\u00e9dnout i zp\u011bt. Z technick\u00fdch d\u016fvod\u016f zde zve\u0159ej\u0148ujeme se zpo\u017ed\u011bn\u00edm odkaz na pr\u016fb\u011bh posledn\u00edho dne \u0161koln\u00edho roku 2016\/2017, kdy byli v t\u011blocvi\u010dn\u011b nov\u00e9 \u0161koly za p\u0159\u00edtomnosti veden\u00ed m\u011bsta Zub\u0159\u00ed a veden\u00ed \u0161koly odm\u011bn\u011bni vybran\u00ed \u017e\u00e1ci a kdy se s n\u00e1mi rozlou\u010dili i, dnes ji\u017e b\u00fdval\u00e9, dev\u00e1t\u00e9 t\u0159\u00eddy. Obr\u00e1zky naleznete zde. Po\u010d\u00e1tku nov\u00e9ho \u0161koln\u00edho roku p\u0159edch\u00e1zela \u0159\u00e1dn\u00e1 p\u0159\u00edprava, i o pr\u00e1zdnin\u00e1ch se ve \u0161kole d\u011bly aktivity sm\u011b\u0159uj\u00edc\u00ed k vylep\u0161en\u00ed prost\u0159ed\u00ed v\u00fduky a pobytu ve \u0161kole. D\u00edky strategicky pl\u00e1novan\u00e9 spolupr\u00e1ci \u0161koly a z\u0159izovatele v oblasti investic byly provedeny n\u00e1sleduj\u00edc\u00ed nov\u00e9 v\u011bci : oprava \u010d\u00e1sti horn\u00ed chodby v budov\u011b nov\u00e9 \u0161koly, v\u00fdm\u011bna plotu u nov\u00e9 \u0161koly, na star\u00e9 \u0161kole do\u0161lo ke z\u0159\u00edzen\u00ed nov\u00e9 t\u0159\u00eddy s vybaven\u00edm a milou novou pan\u00ed u\u010ditelkou, d\u00e1le do\u0161lo k v\u00fdm\u011bn\u011b n\u00e1bytku ve \u0161koln\u00ed v\u00fddejn\u011b na 1. stupni a instalaci lavi\u010dek pro pot\u0159eby \u0161koln\u00ed dru\u017einy. V\u00fdznamn\u00fdm krokem je z\u0159\u00edzen\u00ed odstavn\u00fdch, zpevn\u011bn\u00fdch pakrovac\u00edch ploch se syst\u00e9mem parkov\u00e1n\u00ed pro zam\u011bstnance \u0161koly a z\u00e1sobov\u00e1n\u00ed v prostor\u00e1ch vzniknuv\u0161\u00edch po demolici b\u00fdval\u00fdch d\u00edlen. Tato akce jist\u011b prosp\u011bje k postupn\u00e9mu \u0159e\u0161en\u00ed dopravn\u00ed obslu\u017enosti \u0161koly a zlep\u0161en\u00ed bezpe\u010dnosti na komunikac\u00edch p\u0159il\u00e9haj\u00edc\u00edch ku \u0161kole. Ka\u017ed\u00fd rok opou\u0161t\u00ed \u017e\u00e1ci \u0161kolu&nbsp; a ohl\u00ed\u017e\u00ed-li se zp\u011bt, v\u011bt\u0161inou uznaj\u00ed, \u017ee vzd\u011bl\u00e1n\u00ed je b\u011bh na dlouhou tra\u0165 s nutnost\u00ed vytrvalosti, vidinou c\u00edle a ob\u010das i trochou odvahy ke kroku do nezn\u00e1ma. Naprosto podobn\u011b se tak m\u016f\u017ee jevit v\u00fdsadba v okol\u00ed nov\u00e9 \u0161koly, na n\u00ed\u017e m\u00e1 pod\u00edl pan\u00ed \u0160. Kocurkov\u00e1 a hlavn\u011b v posledn\u00ed dob\u011b pan\u00ed Lenka \u0160imurdov\u00e1, kdy ve spolupr\u00e1ci s panem Dufkem do\u0161lo kone\u010dn\u011b a\u017e po tako\u0159ka t\u0159ech letech na bod, v n\u011bm\u017e v\u00fdzdoba z\u00edsk\u00e1v\u00e1 svou, p\u016fvodn\u011b koncipovanou, podobu n\u00e1pisu Z\u0160 Zub\u0159\u00ed. I p\u0159es nep\u0159\u00edze\u0148 vandal\u016f a nemoc\u00ed ke\u0159e dos\u00e1hly sv\u00e9ho &#8222;vzd\u011bl\u00e1n\u00ed&#8220; a pod rukama zku\u0161en\u00fdch &#8222;pedagog\u016f&#8220; vydaly sv\u00e9 plody k obohacen\u00ed sebe i ostatn\u00edch. Souhrnn\u00e9 obr\u00e1zkov\u00e9 zpravodajstv\u00ed k textu najdete zde.<\/p>\n","protected":false},"author":1,"featured_media":0,"comment_status":"closed","ping_status":"closed","sticky":false,"template":"","format":"standard","meta":{"ngg_post_thumbnail":0,"footnotes":""},"categories":[59],"tags":[],"acf":[],"_links":{"self":[{"href":"https:\/\/www.zszubri.cz\/index.php?rest_route=\/wp\/v2\/posts\/6674"}],"collection":[{"href":"https:\/\/www.zszubri.cz\/index.php?rest_route=\/wp\/v2\/posts"}],"about":[{"href":"https:\/\/www.zszubri.cz\/index.php?rest_route=\/wp\/v2\/types\/post"}],"author":[{"embeddable":true,"href":"https:\/\/www.zszubri.cz\/index.php?rest_route=\/wp\/v2\/users\/1"}],"replies":[{"embeddable":true,"href":"https:\/\/www.zszubri.cz\/index.php?rest_route=%2Fwp%2Fv2%2Fcomments&post=6674"}],"version-history":[{"count":4,"href":"https:\/\/www.zszubri.cz\/index.php?rest_route=\/wp\/v2\/posts\/6674\/revisions"}],"predecessor-version":[{"id":6680,"href":"https:\/\/www.zszubri.cz\/index.php?rest_route=\/wp\/v2\/posts\/6674\/revisions\/6680"}],"wp:attachment":[{"href":"https:\/\/www.zszubri.cz\/index.php?rest_route=%2Fwp%2Fv2%2Fmedia&parent=6674"}],"wp:term":[{"taxonomy":"category","embeddable":true,"href":"https:\/\/www.zszubri.cz\/index.php?rest_route=%2Fwp%2Fv2%2Fcategories&post=6674"},{"taxonomy":"post_tag","embeddable":true,"href":"https:\/\/www.zszubri.cz\/index.php?rest_route=%2Fwp%2Fv2%2Ftags&post=6674"}],"curies":[{"name":"wp","href":"https:\/\/api.w.org\/{rel}","templated":true}]}}