{"id":6847,"date":"2017-11-17T22:17:20","date_gmt":"2017-11-17T21:17:20","guid":{"rendered":"http:\/\/www.zszubri.cz\/?p=6847"},"modified":"2017-11-17T22:25:37","modified_gmt":"2017-11-17T21:25:37","slug":"zemepisna-exkurze-zaku-9-trid","status":"publish","type":"post","link":"https:\/\/www.zszubri.cz\/?p=6847","title":{"rendered":"Zem\u011bpisn\u00e1 exkurze \u017e\u00e1k\u016f 9. t\u0159\u00edd"},"content":{"rendered":"<div class=\"pdfprnt-buttons pdfprnt-buttons-post pdfprnt-top-right\"><a href=\"https:\/\/www.zszubri.cz\/index.php?rest_route=wpv2posts6847&print=print\" class=\"pdfprnt-button pdfprnt-button-print\" target=\"_blank\"><img src=\"https:\/\/www.zszubri.cz\/wp-content\/plugins\/pdf-print\/images\/print.png\" alt=\"image_print\" title=\"Print Content\" \/><\/a><\/div><p style=\"text-align: left\">V \u00fater\u00fd 7.11. jsme se vydali za doprovodu pana \u0159editele Tom\u00e1\u0161e Rand\u00fdska a pana u\u010ditele Ladislava Zetka na zem\u011bpisnou exkurzi.<img decoding=\"async\" loading=\"lazy\" class=\"wp-image-6850 alignright\" src=\"http:\/\/www.zszubri.cz\/wp-content\/uploads\/2017\/11\/23732299_1634531806585621_1954233537_o-225x300.jpg\" alt=\"\" width=\"272\" height=\"363\" srcset=\"https:\/\/www.zszubri.cz\/wp-content\/uploads\/2017\/11\/23732299_1634531806585621_1954233537_o-225x300.jpg 225w, https:\/\/www.zszubri.cz\/wp-content\/uploads\/2017\/11\/23732299_1634531806585621_1954233537_o-768x1024.jpg 768w, https:\/\/www.zszubri.cz\/wp-content\/uploads\/2017\/11\/23732299_1634531806585621_1954233537_o.jpg 906w\" sizes=\"(max-width: 272px) 100vw, 272px\" \/><\/p>\n<p style=\"text-align: justify\"><span style=\"line-height: inherit\">O\u00a0<\/span><span style=\"line-height: inherit\">p\u016fl osm\u00e9 jsme se v\u0161ichni t<\/span><span style=\"line-height: inherit\">eple oble\u010deni a s\u00a0batohy<\/span><span style=\"line-height: inherit\"> napln\u011bn\u00fd<\/span><span style=\"line-height: inherit\">mi j\u00eddlem se\u0161li p\u0159ed \u0161kolou, kde n\u00e1s\u00a0<\/span><span style=\"line-height: inherit\">vyzvedl autobus s\u00a0mil\u00fdm panem \u0159idi\u010de<\/span><span style=\"line-height: inherit\">m<\/span><span style=\"line-height: inherit\">. Jakmile jsme se usadili, tak jsme vyjeli sm\u011br Velk\u00e9 Karlovice, kde jsme nav\u0161t\u00edvili hrazen\u00e9 jezero Jezern\u00e9. Na prvn\u00ed pohled vypadalo oby\u010dejn\u011b,<\/span><span style=\"line-height: inherit\"> ale pan \u0159editel n\u00e1m vysv\u011btlil, v\u00a0\u010dem spo\u010d\u00edv\u00e1 <\/span><span style=\"line-height: inherit\">jeho kouzlo. V\u0161ichni jsme si vyfotili tohle jezero, o kter\u00e9m psal i spisovatel Karel Jarom\u00edr Erben.<\/span><\/p>\n<p style=\"text-align: justify\"><a href=\"http:\/\/www.zszubri.cz\/wp-content\/uploads\/2017\/11\/23730768_1634531789918956_1866205436_o.jpg\"><img decoding=\"async\" loading=\"lazy\" class=\"wp-image-6849 alignleft\" src=\"http:\/\/www.zszubri.cz\/wp-content\/uploads\/2017\/11\/23730768_1634531789918956_1866205436_o-225x300.jpg\" alt=\"\" width=\"256\" height=\"342\" srcset=\"https:\/\/www.zszubri.cz\/wp-content\/uploads\/2017\/11\/23730768_1634531789918956_1866205436_o-225x300.jpg 225w, https:\/\/www.zszubri.cz\/wp-content\/uploads\/2017\/11\/23730768_1634531789918956_1866205436_o-768x1024.jpg 768w, https:\/\/www.zszubri.cz\/wp-content\/uploads\/2017\/11\/23730768_1634531789918956_1866205436_o.jpg 906w\" sizes=\"(max-width: 256px) 100vw, 256px\" \/><\/a><\/p>\n<p>&nbsp;<\/p>\n<p>&nbsp;<\/p>\n<p style=\"text-align: justify\">Pokra\u010dovali jsme a\u017e na Slovensko, pod\u00edvat se na ropn\u00fd prame\u0148 Kor\u0148a. Jde o p\u0159\u00edrodn\u00ed pam\u00e1tku. Autobus n\u00e1s vysadil u cesty a my, s\u00a0panem \u0159editelem v\u00a0\u010dele, vy\u0161li mal\u00fd kope\u010dek a\u017e k\u00a0prameni. Vyzkou\u0161eli jsme r\u016fzn\u00e9 pokusy, abychom ov\u011b\u0159ili, \u017ee jde v\u00e1\u017en\u011b o ropu.\u00a0Vid\u011bli jsme, jak ropa bubl\u00e1, a tak\u00e9 zm\u011b\u0159ili methan. Kdy\u017e jsme se prov\u011btrali, nasedli jsme zp\u00e1tky do vyh\u0159\u00e1t\u00e9ho autobusu.<\/p>\n<p>&nbsp;<\/p>\n<p>&nbsp;<\/p>\n<p><img decoding=\"async\" loading=\"lazy\" class=\"wp-image-6851 alignright\" src=\"http:\/\/www.zszubri.cz\/wp-content\/uploads\/2017\/11\/23758034_1634531809918954_2040404117_o-225x300.jpg\" alt=\"\" width=\"272\" height=\"363\" srcset=\"https:\/\/www.zszubri.cz\/wp-content\/uploads\/2017\/11\/23758034_1634531809918954_2040404117_o-225x300.jpg 225w, https:\/\/www.zszubri.cz\/wp-content\/uploads\/2017\/11\/23758034_1634531809918954_2040404117_o-768x1024.jpg 768w, https:\/\/www.zszubri.cz\/wp-content\/uploads\/2017\/11\/23758034_1634531809918954_2040404117_o.jpg 906w\" sizes=\"(max-width: 272px) 100vw, 272px\" \/><\/p>\n<p><span style=\"line-height: inherit\">Jedna z\u00a0nejdel\u0161\u00edch a nejzaj\u00edmav\u011bj\u0161\u00edch zast\u00e1vek byla vodn\u00ed n\u00e1dr\u017e\u00a0<\/span><span style=\"line-height: inherit\">Mor\u00e1vka. Oproti p\u0159ede\u0161l\u00fdm zast\u00e1vk\u00e1m js<\/span><span style=\"line-height: inherit;text-align: justify\">m<\/span><span style=\"line-height: inherit;text-align: justify\">e tady m\u011bli pr\u016fvodce, co\u017e byl\u00a0<\/span><span style=\"line-height: inherit;text-align: justify\">p\u0159\u00ed<\/span><span style=\"line-height: inherit;text-align: justify\">mo pan hr\u00e1zn\u00fd. Dovedl n\u00e1s a\u017e pod hl<\/span><span style=\"line-height: inherit;text-align: justify\">adinu vod<\/span><span style=\"line-height: inherit;text-align: justify\">y<\/span><span style=\"line-height: inherit;text-align: justify\">, se\u0161li jsme po n\u011bkolika schodech dol\u016f <\/span><span style=\"line-height: inherit;text-align: justify\">pod zem. Tam jsme vid\u011bli dv<\/span><span style=\"line-height: inherit;text-align: justify\">\u011b vel<\/span><span style=\"line-height: inherit;text-align: justify\">k\u00e9 turb\u00edny a zjistili, jak pracuj\u00ed, pot\u00e9 jsme pro<\/span><span style=\"line-height: inherit;text-align: justify\">\u0161li celou hr\u00e1z. Podzemn\u00edmi chodbami jsme se dostali a\u017e\u00a0<\/span><span style=\"line-height: inherit\">a\u017e k\u00a0\u0159\u00eddic\u00edm prostor\u016fm. Kv\u016fli nedostatku \u010dasu jsme se nedostali \u00fapln\u011b v\u0161ude, ale i p\u0159esto jsme se doz<\/span><span style=\"line-height: inherit\">v\u011bd\u011bli spoustu informac\u00ed, nap\u0159<\/span><span style=\"line-height: inherit\">. funkce t\u00e9to p\u0159ehrad<\/span><span style=\"line-height: inherit\">y a spou<\/span><span style=\"line-height: inherit\">stu dal\u0161\u00edch zaj\u00edmav\u00fdch<\/span><span style=\"line-height: inherit\">\u00a0<\/span><span style=\"line-height: inherit\">v\u011bc\u00ed.<\/span><\/p>\n<p><img decoding=\"async\" loading=\"lazy\" class=\"wp-image-6848 alignleft\" src=\"http:\/\/www.zszubri.cz\/wp-content\/uploads\/2017\/11\/23730764_1634531793252289_1021603834_o-300x225.jpg\" alt=\"\" width=\"297\" height=\"223\" srcset=\"https:\/\/www.zszubri.cz\/wp-content\/uploads\/2017\/11\/23730764_1634531793252289_1021603834_o-300x225.jpg 300w, https:\/\/www.zszubri.cz\/wp-content\/uploads\/2017\/11\/23730764_1634531793252289_1021603834_o-768x576.jpg 768w, https:\/\/www.zszubri.cz\/wp-content\/uploads\/2017\/11\/23730764_1634531793252289_1021603834_o-1024x768.jpg 1024w, https:\/\/www.zszubri.cz\/wp-content\/uploads\/2017\/11\/23730764_1634531793252289_1021603834_o-1140x855.jpg 1140w, https:\/\/www.zszubri.cz\/wp-content\/uploads\/2017\/11\/23730764_1634531793252289_1021603834_o.jpg 1208w\" sizes=\"(max-width: 297px) 100vw, 297px\" \/><\/p>\n<p>&nbsp;<\/p>\n<p>&nbsp;<\/p>\n<p>&nbsp;<\/p>\n<p>&nbsp;<\/p>\n<p style=\"text-align: justify\">Na\u0161\u00ed posledn\u00ed zast\u00e1vkou byly budovy Hyundai v\u00a0No\u0161ovic\u00edch. Nejd\u0159\u00edve jsme vid\u011bli video o v\u00fdstavb\u011b v\u0161ech budov a jejich\u00a0funkc\u00edch. Tak\u00e9 jsme byli pou\u010deni. Pot\u00e9 jsme dostali \u017elut\u00e9 vesty, ochrann\u00e9\u00a0br\u00fdle, sluch\u00e1tko a rozd\u011blili se do dvou skupin. Ka\u017ed\u00e1 m\u011bla sv\u016fj vl\u00e1\u010dek. Vl\u00e1\u010dky n\u00e1s provezly v\u0161emi budovy, kde jsme vid\u011bli, jak se vyr\u00e1b\u00ed r\u016fzn\u00e9 d\u00edly a samotn\u00e1 auta. \u0158idi\u010d vl\u00e1\u010dku byl\u00a0z\u00e1rove\u0148 na\u0161\u00edm pr\u016fvodcem, kter\u00fd n\u00e1m v\u0161e popisoval do sluch\u00e1tka. Kdy\u017e prohl\u00eddka skon\u010dila, tak n\u00e1s \u010dekala u\u017e jen cesta dom\u016f. Celou exkurzi jsme si moc u\u017eili, proto\u017ee byla pou\u010dn\u00e1, ale i z\u00e1bavn\u00e1. T\u00edmhle bychom cht\u011bli i pod\u011bkovat panu \u0159editeli Rand\u00fdskovi za to, \u017ee to pro n\u00e1s zorganizoval a celou exkurzi spole\u010dn\u011b s\u00a0panem u\u010ditelem Zetkem zvl\u00e1dli s\u00a0dobrou n\u00e1ladou.<\/p>\n<p style=\"text-align: right\">\u00a0Za 9. ro\u010dn\u00edky napsaly: Denisa Mikulenkov\u00e1 a Hana Fry\u0161ov\u00e1<\/p>\n","protected":false},"excerpt":{"rendered":"<p>V \u00fater\u00fd 7.11. jsme se vydali za doprovodu pana \u0159editele Tom\u00e1\u0161e Rand\u00fdska a pana u\u010ditele Ladislava Zetka na zem\u011bpisnou exkurzi. O\u00a0p\u016fl osm\u00e9 jsme se v\u0161ichni teple oble\u010deni a s\u00a0batohy napln\u011bn\u00fdmi j\u00eddlem se\u0161li p\u0159ed \u0161kolou, kde n\u00e1s\u00a0vyzvedl autobus s\u00a0mil\u00fdm panem \u0159idi\u010dem. Jakmile jsme se usadili, tak jsme vyjeli sm\u011br Velk\u00e9 Karlovice, kde jsme nav\u0161t\u00edvili hrazen\u00e9 jezero Jezern\u00e9. Na prvn\u00ed pohled vypadalo oby\u010dejn\u011b, ale pan \u0159editel n\u00e1m vysv\u011btlil, v\u00a0\u010dem spo\u010d\u00edv\u00e1 jeho kouzlo. V\u0161ichni jsme si vyfotili tohle jezero, o kter\u00e9m psal i spisovatel Karel Jarom\u00edr Erben. &nbsp; &nbsp; Pokra\u010dovali jsme a\u017e na Slovensko, pod\u00edvat se na ropn\u00fd prame\u0148 Kor\u0148a. Jde o p\u0159\u00edrodn\u00ed pam\u00e1tku. Autobus n\u00e1s vysadil u cesty a my, s\u00a0panem \u0159editelem v\u00a0\u010dele, vy\u0161li mal\u00fd kope\u010dek a\u017e k\u00a0prameni. Vyzkou\u0161eli jsme r\u016fzn\u00e9 pokusy, abychom ov\u011b\u0159ili, \u017ee jde v\u00e1\u017en\u011b o ropu.\u00a0Vid\u011bli jsme, jak ropa bubl\u00e1, a tak\u00e9 zm\u011b\u0159ili methan. Kdy\u017e jsme se prov\u011btrali, nasedli jsme zp\u00e1tky do vyh\u0159\u00e1t\u00e9ho autobusu. &nbsp; &nbsp; Jedna z\u00a0nejdel\u0161\u00edch a nejzaj\u00edmav\u011bj\u0161\u00edch zast\u00e1vek byla vodn\u00ed n\u00e1dr\u017e\u00a0Mor\u00e1vka. Oproti p\u0159ede\u0161l\u00fdm zast\u00e1vk\u00e1m jsme tady m\u011bli pr\u016fvodce, co\u017e byl\u00a0p\u0159\u00edmo pan hr\u00e1zn\u00fd. Dovedl n\u00e1s a\u017e pod hladinu vody, se\u0161li jsme po n\u011bkolika schodech dol\u016f pod zem. Tam jsme vid\u011bli dv\u011b velk\u00e9 turb\u00edny a zjistili, jak pracuj\u00ed, pot\u00e9 jsme pro\u0161li celou hr\u00e1z. Podzemn\u00edmi chodbami jsme se dostali a\u017e\u00a0a\u017e k\u00a0\u0159\u00eddic\u00edm prostor\u016fm. Kv\u016fli nedostatku \u010dasu jsme se nedostali \u00fapln\u011b v\u0161ude, ale i p\u0159esto jsme se dozv\u011bd\u011bli spoustu informac\u00ed, nap\u0159. funkce t\u00e9to p\u0159ehrady a spoustu dal\u0161\u00edch zaj\u00edmav\u00fdch\u00a0v\u011bc\u00ed. &nbsp; &nbsp; &nbsp; &nbsp; Na\u0161\u00ed posledn\u00ed zast\u00e1vkou byly budovy Hyundai v\u00a0No\u0161ovic\u00edch. Nejd\u0159\u00edve jsme vid\u011bli video o v\u00fdstavb\u011b v\u0161ech budov a jejich\u00a0funkc\u00edch. Tak\u00e9 jsme byli pou\u010deni. Pot\u00e9 jsme dostali \u017elut\u00e9 vesty, ochrann\u00e9\u00a0br\u00fdle, sluch\u00e1tko a rozd\u011blili se do dvou skupin. Ka\u017ed\u00e1 m\u011bla sv\u016fj vl\u00e1\u010dek. Vl\u00e1\u010dky n\u00e1s provezly v\u0161emi budovy, kde jsme vid\u011bli, jak se vyr\u00e1b\u00ed r\u016fzn\u00e9 d\u00edly a samotn\u00e1 auta. \u0158idi\u010d vl\u00e1\u010dku byl\u00a0z\u00e1rove\u0148 na\u0161\u00edm pr\u016fvodcem, kter\u00fd n\u00e1m v\u0161e popisoval do sluch\u00e1tka. Kdy\u017e prohl\u00eddka skon\u010dila, tak n\u00e1s \u010dekala u\u017e jen cesta dom\u016f. Celou exkurzi jsme si moc u\u017eili, proto\u017ee byla pou\u010dn\u00e1, ale i z\u00e1bavn\u00e1. T\u00edmhle bychom cht\u011bli i pod\u011bkovat panu \u0159editeli Rand\u00fdskovi za to, \u017ee to pro n\u00e1s zorganizoval a celou exkurzi spole\u010dn\u011b s\u00a0panem u\u010ditelem Zetkem zvl\u00e1dli s\u00a0dobrou n\u00e1ladou. \u00a0Za 9. ro\u010dn\u00edky napsaly: Denisa Mikulenkov\u00e1 a Hana Fry\u0161ov\u00e1<\/p>\n","protected":false},"author":3,"featured_media":0,"comment_status":"closed","ping_status":"closed","sticky":false,"template":"","format":"standard","meta":{"ngg_post_thumbnail":0,"footnotes":""},"categories":[59],"tags":[],"acf":[],"_links":{"self":[{"href":"https:\/\/www.zszubri.cz\/index.php?rest_route=\/wp\/v2\/posts\/6847"}],"collection":[{"href":"https:\/\/www.zszubri.cz\/index.php?rest_route=\/wp\/v2\/posts"}],"about":[{"href":"https:\/\/www.zszubri.cz\/index.php?rest_route=\/wp\/v2\/types\/post"}],"author":[{"embeddable":true,"href":"https:\/\/www.zszubri.cz\/index.php?rest_route=\/wp\/v2\/users\/3"}],"replies":[{"embeddable":true,"href":"https:\/\/www.zszubri.cz\/index.php?rest_route=%2Fwp%2Fv2%2Fcomments&post=6847"}],"version-history":[{"count":6,"href":"https:\/\/www.zszubri.cz\/index.php?rest_route=\/wp\/v2\/posts\/6847\/revisions"}],"predecessor-version":[{"id":6858,"href":"https:\/\/www.zszubri.cz\/index.php?rest_route=\/wp\/v2\/posts\/6847\/revisions\/6858"}],"wp:attachment":[{"href":"https:\/\/www.zszubri.cz\/index.php?rest_route=%2Fwp%2Fv2%2Fmedia&parent=6847"}],"wp:term":[{"taxonomy":"category","embeddable":true,"href":"https:\/\/www.zszubri.cz\/index.php?rest_route=%2Fwp%2Fv2%2Fcategories&post=6847"},{"taxonomy":"post_tag","embeddable":true,"href":"https:\/\/www.zszubri.cz\/index.php?rest_route=%2Fwp%2Fv2%2Ftags&post=6847"}],"curies":[{"name":"wp","href":"https:\/\/api.w.org\/{rel}","templated":true}]}}