{"id":6864,"date":"2017-11-21T10:19:26","date_gmt":"2017-11-21T09:19:26","guid":{"rendered":"http:\/\/www.zszubri.cz\/?p=6864"},"modified":"2017-11-21T10:24:15","modified_gmt":"2017-11-21T09:24:15","slug":"fotopribehy-z-barevneho-dne","status":"publish","type":"post","link":"https:\/\/www.zszubri.cz\/?p=6864","title":{"rendered":"FOTOP\u0158\u00cdB\u011aHY Z BAREVN\u00c9HO DNE"},"content":{"rendered":"<div class=\"pdfprnt-buttons pdfprnt-buttons-post pdfprnt-top-right\"><a href=\"https:\/\/www.zszubri.cz\/index.php?rest_route=wpv2posts6864&print=print\" class=\"pdfprnt-button pdfprnt-button-print\" target=\"_blank\"><img src=\"https:\/\/www.zszubri.cz\/wp-content\/plugins\/pdf-print\/images\/print.png\" alt=\"image_print\" title=\"Print Content\" \/><\/a><\/div><p>29. z\u00e1\u0159\u00ed 2017 se na na\u0161\u00ed \u0161kole uskute\u010dnil Barevn\u00fd den. Krom\u011b atrakc\u00ed na \u017e\u00e1ky \u010dekalo n\u011bkolik \u00fakol\u016f. Vyrazili do okol\u00ed \u0161koly, aby zjistili, kde se v na\u0161em m\u011bst\u011b nach\u00e1z\u00ed kontejnery na t\u0159\u00edd\u011bn\u00fd odpad a jak\u00e9 druhy odpadu je mo\u017en\u00e9 do nich ukl\u00e1dat. Spo\u010d\u00edtali tak\u00e9, kolik kontejner\u016f je v&nbsp;na\u0161\u00ed obci k&nbsp;t\u0159\u00edd\u011bn\u00ed odpad\u016f p\u0159ipraveno. Z\u00e1rove\u0148 m\u011bli sv\u00e9 p\u00e1tr\u00e1n\u00ed, stejn\u011b jako sout\u011b\u017ee u atrakc\u00ed, zdokumentovat formou fotop\u0159\u00edb\u011bhu. V \u00fater\u00fd 31. 10. 2017 se k&nbsp;hodnocen\u00ed fotop\u0159\u00edb\u011bh\u016f se\u0161la porota ve slo\u017een\u00ed: Mgr. Gabriela C\u00e1bov\u00e1, Mgr. Helena Dufkov\u00e1, Mgr. Martin Hrstka, Mgr. Mat\u011bj \u0160ust\u00e1\u010dek. Poradn\u00ed hlas m\u011bli i Mgr. Marek Mikl, Mgr. \u0160\u00e1rka Janu\u0161ov\u00e1 a Jaroslava Ju\u0159\u00ed\u010dkov\u00e1. Podle poroty se v<strong>&nbsp;<\/strong>kategorii 6. a 7. t\u0159\u00edd stal v\u00edt\u011bzem fotop\u0159\u00edb\u011bh t\u0159\u00eddy 7. B. V&nbsp;kategorii 8. a 9. t\u0159\u00edd zv\u00edt\u011bzily fotop\u0159\u00edb\u011bhy t\u0159\u00edd 8. A a 9. A. Porot\u011b se ale l\u00edbily i ostatn\u00ed p\u0159\u00edsp\u011bvky, a nada\u010dn\u00ed fond na\u0161\u00ed \u0161koly se rozhodl ocenit pr\u00e1ci v\u0161ech t\u0159\u00eddn\u00edch kolektiv\u016f, kter\u00e9 fotop\u0159\u00edb\u011bh p\u0159ipravily, finan\u010dn\u00ed odm\u011bnou. V\u00edt\u011bz\u016fm blahop\u0159ejeme a d\u011bkujeme v\u0161em, kte\u0159\u00ed se do sout\u011b\u017ee zapojili<\/p>\n<p>Soubory s p\u0159\u00edb\u011bhy ke sta\u017een\u00ed zde :&nbsp;<a href=\"http:\/\/www.zszubri.cz\/wp-content\/uploads\/2017\/11\/FOTOP\u0158\u00cdB\u011aH-NA-WEB.zip\"> FOTOP\u0158\u00cdB\u011aH NA WEB<\/a><\/p>\n","protected":false},"excerpt":{"rendered":"<p>29. z\u00e1\u0159\u00ed 2017 se na na\u0161\u00ed \u0161kole uskute\u010dnil Barevn\u00fd den. Krom\u011b atrakc\u00ed na \u017e\u00e1ky \u010dekalo n\u011bkolik \u00fakol\u016f. Vyrazili do okol\u00ed \u0161koly, aby zjistili, kde se v na\u0161em m\u011bst\u011b nach\u00e1z\u00ed kontejnery na t\u0159\u00edd\u011bn\u00fd odpad a jak\u00e9 druhy odpadu je mo\u017en\u00e9 do nich ukl\u00e1dat. Spo\u010d\u00edtali tak\u00e9, kolik kontejner\u016f je v&nbsp;na\u0161\u00ed obci k&nbsp;t\u0159\u00edd\u011bn\u00ed odpad\u016f p\u0159ipraveno. Z\u00e1rove\u0148 m\u011bli sv\u00e9 p\u00e1tr\u00e1n\u00ed, stejn\u011b jako sout\u011b\u017ee u atrakc\u00ed, zdokumentovat formou fotop\u0159\u00edb\u011bhu. V \u00fater\u00fd 31. 10. 2017 se k&nbsp;hodnocen\u00ed fotop\u0159\u00edb\u011bh\u016f se\u0161la porota ve slo\u017een\u00ed: Mgr. Gabriela C\u00e1bov\u00e1, Mgr. Helena Dufkov\u00e1, Mgr. Martin Hrstka, Mgr. Mat\u011bj \u0160ust\u00e1\u010dek. Poradn\u00ed hlas m\u011bli i Mgr. Marek Mikl, Mgr. \u0160\u00e1rka Janu\u0161ov\u00e1 a Jaroslava Ju\u0159\u00ed\u010dkov\u00e1. Podle poroty se v&nbsp;kategorii 6. a 7. t\u0159\u00edd stal v\u00edt\u011bzem fotop\u0159\u00edb\u011bh t\u0159\u00eddy 7. B. V&nbsp;kategorii 8. a 9. t\u0159\u00edd zv\u00edt\u011bzily fotop\u0159\u00edb\u011bhy t\u0159\u00edd 8. A a 9. A. Porot\u011b se ale l\u00edbily i ostatn\u00ed p\u0159\u00edsp\u011bvky, a nada\u010dn\u00ed fond na\u0161\u00ed \u0161koly se rozhodl ocenit pr\u00e1ci v\u0161ech t\u0159\u00eddn\u00edch kolektiv\u016f, kter\u00e9 fotop\u0159\u00edb\u011bh p\u0159ipravily, finan\u010dn\u00ed odm\u011bnou. V\u00edt\u011bz\u016fm blahop\u0159ejeme a d\u011bkujeme v\u0161em, kte\u0159\u00ed se do sout\u011b\u017ee zapojili Soubory s p\u0159\u00edb\u011bhy ke sta\u017een\u00ed zde :&nbsp; FOTOP\u0158\u00cdB\u011aH NA WEB<\/p>\n","protected":false},"author":1,"featured_media":0,"comment_status":"closed","ping_status":"closed","sticky":false,"template":"","format":"standard","meta":{"ngg_post_thumbnail":0,"footnotes":""},"categories":[59],"tags":[],"acf":[],"_links":{"self":[{"href":"https:\/\/www.zszubri.cz\/index.php?rest_route=\/wp\/v2\/posts\/6864"}],"collection":[{"href":"https:\/\/www.zszubri.cz\/index.php?rest_route=\/wp\/v2\/posts"}],"about":[{"href":"https:\/\/www.zszubri.cz\/index.php?rest_route=\/wp\/v2\/types\/post"}],"author":[{"embeddable":true,"href":"https:\/\/www.zszubri.cz\/index.php?rest_route=\/wp\/v2\/users\/1"}],"replies":[{"embeddable":true,"href":"https:\/\/www.zszubri.cz\/index.php?rest_route=%2Fwp%2Fv2%2Fcomments&post=6864"}],"version-history":[{"count":3,"href":"https:\/\/www.zszubri.cz\/index.php?rest_route=\/wp\/v2\/posts\/6864\/revisions"}],"predecessor-version":[{"id":6868,"href":"https:\/\/www.zszubri.cz\/index.php?rest_route=\/wp\/v2\/posts\/6864\/revisions\/6868"}],"wp:attachment":[{"href":"https:\/\/www.zszubri.cz\/index.php?rest_route=%2Fwp%2Fv2%2Fmedia&parent=6864"}],"wp:term":[{"taxonomy":"category","embeddable":true,"href":"https:\/\/www.zszubri.cz\/index.php?rest_route=%2Fwp%2Fv2%2Fcategories&post=6864"},{"taxonomy":"post_tag","embeddable":true,"href":"https:\/\/www.zszubri.cz\/index.php?rest_route=%2Fwp%2Fv2%2Ftags&post=6864"}],"curies":[{"name":"wp","href":"https:\/\/api.w.org\/{rel}","templated":true}]}}