{"id":6914,"date":"2017-12-07T21:26:38","date_gmt":"2017-12-07T20:26:38","guid":{"rendered":"http:\/\/www.zszubri.cz\/?p=6914"},"modified":"2017-12-18T08:47:24","modified_gmt":"2017-12-18T07:47:24","slug":"stonozkova-adventni-praha","status":"publish","type":"post","link":"https:\/\/www.zszubri.cz\/?p=6914","title":{"rendered":"Stono\u017ekov\u00e1 adventn\u00ed Praha"},"content":{"rendered":"<div class=\"pdfprnt-buttons pdfprnt-buttons-post pdfprnt-top-right\"><a href=\"https:\/\/www.zszubri.cz\/index.php?rest_route=wpv2posts6914&print=print\" class=\"pdfprnt-button pdfprnt-button-print\" target=\"_blank\"><img src=\"https:\/\/www.zszubri.cz\/wp-content\/plugins\/pdf-print\/images\/print.png\" alt=\"image_print\" title=\"Print Content\" \/><\/a><\/div><p><strong>Stono\u017ekov\u00e1 Praha 1. prosince 2017<\/strong><\/p>\n<p style=\"text-align: justify;\"><a href=\"http:\/\/www.zszubri.cz\/wp-content\/uploads\/2017\/12\/IMG_4256.jpg\"><img decoding=\"async\" loading=\"lazy\" class=\"alignnone size-medium wp-image-6962\" src=\"http:\/\/www.zszubri.cz\/wp-content\/uploads\/2017\/12\/IMG_4256-300x225.jpg\" alt=\"\" width=\"300\" height=\"225\" srcset=\"https:\/\/www.zszubri.cz\/wp-content\/uploads\/2017\/12\/IMG_4256-300x225.jpg 300w, https:\/\/www.zszubri.cz\/wp-content\/uploads\/2017\/12\/IMG_4256-768x576.jpg 768w, https:\/\/www.zszubri.cz\/wp-content\/uploads\/2017\/12\/IMG_4256-1024x768.jpg 1024w, https:\/\/www.zszubri.cz\/wp-content\/uploads\/2017\/12\/IMG_4256-1536x1152.jpg 1536w, https:\/\/www.zszubri.cz\/wp-content\/uploads\/2017\/12\/IMG_4256-2048x1536.jpg 2048w, https:\/\/www.zszubri.cz\/wp-content\/uploads\/2017\/12\/IMG_4256-1140x855.jpg 1140w\" sizes=\"(max-width: 300px) 100vw, 300px\" \/><\/a><\/p>\n<hr>\n<p style=\"text-align: justify;\">Leto\u0161n\u00ed m\u0161e byla veselej\u0161\u00ed, d\u011btem nav\u00edc pom\u00e1haly televizn\u00ed obrazovky, na&nbsp;nich\u017e mohly sledovat celou m\u0161i, i kdy\u017e tentokr\u00e1t sed\u011bly v\u00edce vzadu. V\u0161echny p\u0159\u00edtomn\u00e9 p\u0159iv\u00edtal Pepa V\u00e1gner, stono\u017ekov\u00fd \u201edvorn\u00ed\u201c zp\u011bv\u00e1k, pot\u00e9 prob\u011bhly proslovy pan\u00ed B\u011bly a arm. gen. Josefa Be\u010dv\u00e1\u0159e. Pan\u00ed B\u011bla pak spolu s panem kardin\u00e1lem p\u0159edali \u0159editeli FN Plze\u0148 a prorektorovi Z\u010cU stono\u017ekov\u00fd dar &#8211; \u0161ek na 500 000 K\u010d. Tyto pen\u00edze podpo\u0159\u00ed v\u00fdzkum l\u00e9\u010dby Crohnovy nemoci. Pepa V\u00e1gner zazp\u00edval s&nbsp;300hlav\u00fdm d\u011btsk\u00fdm sborem stono\u017ekovou hymnu Never Be Alone a znovu promluvil k&nbsp;d\u011btem. A pak u\u017e za\u010dala vlastn\u00ed m\u0161e.<\/p>\n<p style=\"text-align: justify;\">Po m\u0161i se d\u011bti vydaly do Muzea Karla Zemana na prohl\u00eddku a Eva Stru\u017ekov\u00e1 s Martinem Div\u00ednem zam\u00ed\u0159ili do Arcibiskupsk\u00e9ho pal\u00e1ce, kde p\u0159evzali hlavn\u00ed ceny ve v\u00fdtvarn\u00e9 sout\u011b\u017ei Medic\u00edna v&nbsp;historii. Bohu\u017eel se nemohli zdr\u017eet, proto\u017ee je a ostatn\u00ed d\u011bti \u010dekala plavba lod\u00ed po Vltav\u011b. A pak p\u0159es Starom\u00e1k na V\u00e1clavsk\u00e9 n\u00e1m\u011bst\u00ed a hur\u00e1 do obchod\u016f a r\u016fzn\u00fdch \u201eob\u010derstvovac\u00edch stanic\u201c. Jen jedinou chybi\u010dku to m\u011blo &#8211; &nbsp;pra\u017esk\u00fd v\u00e1no\u010dn\u00ed strom se rozsv\u011bcel a\u017e 2. prosince, tak\u017ee d\u011bti byly o tento z\u00e1\u017eitek letos ochuzeny.<\/p>\n<p style=\"text-align: justify;\">Dom\u016f se unaven\u00e9 a spokojen\u00e9 d\u011bti vr\u00e1tily t\u011bsn\u011b p\u0159ed p\u016flnoc\u00ed. Tak\u017ee te\u010f nezb\u00fdv\u00e1 ne\u017e \u010dekat cel\u00fd rok na dal\u0161\u00ed m\u0161i a mezit\u00edm si st\u0159ihnout benefici, z\u00fa\u010dastnit se dal\u0161\u00ed stono\u017ekov\u00e9 v\u00fdtvarn\u00e9 sout\u011b\u017ee a namalovat co nejv\u00edc kr\u00e1sn\u00fdch v\u00e1no\u010dn\u00edch p\u0159\u00e1n\u00ed.<\/p>\n<p>HD<\/p>\n<p>Obr\u00e1zky z 1. prosince z akce Hnut\u00ed na vlastn\u00edch nohou &#8211;<a href=\"http:\/\/213.194.221.67\/photo\/#Albums\/album_c5a06b6f6c6ec3ad20726f6b20323031372032303138\/album_c5a06b6f6c6ec3ad20726f6b203230313720323031382f53746f6e6fc5be6b6120205072616861\">Stono\u017eka Praha &#8211; zde<\/a>.<\/p>\n","protected":false},"excerpt":{"rendered":"<p>Stono\u017ekov\u00e1 Praha 1. prosince 2017 Leto\u0161n\u00ed m\u0161e byla veselej\u0161\u00ed, d\u011btem nav\u00edc pom\u00e1haly televizn\u00ed obrazovky, na&nbsp;nich\u017e mohly sledovat celou m\u0161i, i kdy\u017e tentokr\u00e1t sed\u011bly v\u00edce vzadu. V\u0161echny p\u0159\u00edtomn\u00e9 p\u0159iv\u00edtal Pepa V\u00e1gner, stono\u017ekov\u00fd \u201edvorn\u00ed\u201c zp\u011bv\u00e1k, pot\u00e9 prob\u011bhly proslovy pan\u00ed B\u011bly a arm. gen. Josefa Be\u010dv\u00e1\u0159e. Pan\u00ed B\u011bla pak spolu s panem kardin\u00e1lem p\u0159edali \u0159editeli FN Plze\u0148 a prorektorovi Z\u010cU stono\u017ekov\u00fd dar &#8211; \u0161ek na 500 000 K\u010d. Tyto pen\u00edze podpo\u0159\u00ed v\u00fdzkum l\u00e9\u010dby Crohnovy nemoci. Pepa V\u00e1gner zazp\u00edval s&nbsp;300hlav\u00fdm d\u011btsk\u00fdm sborem stono\u017ekovou hymnu Never Be Alone a znovu promluvil k&nbsp;d\u011btem. A pak u\u017e za\u010dala vlastn\u00ed m\u0161e. Po m\u0161i se d\u011bti vydaly do Muzea Karla Zemana na prohl\u00eddku a Eva Stru\u017ekov\u00e1 s Martinem Div\u00ednem zam\u00ed\u0159ili do Arcibiskupsk\u00e9ho pal\u00e1ce, kde p\u0159evzali hlavn\u00ed ceny ve v\u00fdtvarn\u00e9 sout\u011b\u017ei Medic\u00edna v&nbsp;historii. Bohu\u017eel se nemohli zdr\u017eet, proto\u017ee je a ostatn\u00ed d\u011bti \u010dekala plavba lod\u00ed po Vltav\u011b. A pak p\u0159es Starom\u00e1k na V\u00e1clavsk\u00e9 n\u00e1m\u011bst\u00ed a hur\u00e1 do obchod\u016f a r\u016fzn\u00fdch \u201eob\u010derstvovac\u00edch stanic\u201c. Jen jedinou chybi\u010dku to m\u011blo &#8211; &nbsp;pra\u017esk\u00fd v\u00e1no\u010dn\u00ed strom se rozsv\u011bcel a\u017e 2. prosince, tak\u017ee d\u011bti byly o tento z\u00e1\u017eitek letos ochuzeny. Dom\u016f se unaven\u00e9 a spokojen\u00e9 d\u011bti vr\u00e1tily t\u011bsn\u011b p\u0159ed p\u016flnoc\u00ed. Tak\u017ee te\u010f nezb\u00fdv\u00e1 ne\u017e \u010dekat cel\u00fd rok na dal\u0161\u00ed m\u0161i a mezit\u00edm si st\u0159ihnout benefici, z\u00fa\u010dastnit se dal\u0161\u00ed stono\u017ekov\u00e9 v\u00fdtvarn\u00e9 sout\u011b\u017ee a namalovat co nejv\u00edc kr\u00e1sn\u00fdch v\u00e1no\u010dn\u00edch p\u0159\u00e1n\u00ed. HD Obr\u00e1zky z 1. prosince z akce Hnut\u00ed na vlastn\u00edch nohou &#8211;Stono\u017eka Praha &#8211; zde.<\/p>\n","protected":false},"author":2,"featured_media":0,"comment_status":"closed","ping_status":"closed","sticky":false,"template":"","format":"standard","meta":{"ngg_post_thumbnail":0,"footnotes":""},"categories":[59],"tags":[],"acf":[],"_links":{"self":[{"href":"https:\/\/www.zszubri.cz\/index.php?rest_route=\/wp\/v2\/posts\/6914"}],"collection":[{"href":"https:\/\/www.zszubri.cz\/index.php?rest_route=\/wp\/v2\/posts"}],"about":[{"href":"https:\/\/www.zszubri.cz\/index.php?rest_route=\/wp\/v2\/types\/post"}],"author":[{"embeddable":true,"href":"https:\/\/www.zszubri.cz\/index.php?rest_route=\/wp\/v2\/users\/2"}],"replies":[{"embeddable":true,"href":"https:\/\/www.zszubri.cz\/index.php?rest_route=%2Fwp%2Fv2%2Fcomments&post=6914"}],"version-history":[{"count":4,"href":"https:\/\/www.zszubri.cz\/index.php?rest_route=\/wp\/v2\/posts\/6914\/revisions"}],"predecessor-version":[{"id":6963,"href":"https:\/\/www.zszubri.cz\/index.php?rest_route=\/wp\/v2\/posts\/6914\/revisions\/6963"}],"wp:attachment":[{"href":"https:\/\/www.zszubri.cz\/index.php?rest_route=%2Fwp%2Fv2%2Fmedia&parent=6914"}],"wp:term":[{"taxonomy":"category","embeddable":true,"href":"https:\/\/www.zszubri.cz\/index.php?rest_route=%2Fwp%2Fv2%2Fcategories&post=6914"},{"taxonomy":"post_tag","embeddable":true,"href":"https:\/\/www.zszubri.cz\/index.php?rest_route=%2Fwp%2Fv2%2Ftags&post=6914"}],"curies":[{"name":"wp","href":"https:\/\/api.w.org\/{rel}","templated":true}]}}