{"id":6916,"date":"2017-12-07T21:27:33","date_gmt":"2017-12-07T20:27:33","guid":{"rendered":"http:\/\/www.zszubri.cz\/?p=6916"},"modified":"2018-05-11T10:44:22","modified_gmt":"2018-05-11T08:44:22","slug":"vernisaz-vystavy-praci-deti-nasi-skoly-zima-je","status":"publish","type":"post","link":"https:\/\/www.zszubri.cz\/?p=6916","title":{"rendered":"Vernis\u00e1\u017e v\u00fdstavy prac\u00ed d\u011bt\u00ed na\u0161\u00ed \u0161koly &#8211; Zima, zima v\u0161ude je &#8230;"},"content":{"rendered":"<div class=\"pdfprnt-buttons pdfprnt-buttons-post pdfprnt-top-right\"><a href=\"https:\/\/www.zszubri.cz\/index.php?rest_route=wpv2posts6916&print=print\" class=\"pdfprnt-button pdfprnt-button-print\" target=\"_blank\"><img src=\"https:\/\/www.zszubri.cz\/wp-content\/plugins\/pdf-print\/images\/print.png\" alt=\"image_print\" title=\"Print Content\" \/><\/a><\/div><p><strong><a href=\"http:\/\/www.zszubri.cz\/wp-content\/uploads\/2017\/12\/IMG_4225.jpg\"><img decoding=\"async\" loading=\"lazy\" class=\"alignnone size-medium wp-image-6957\" src=\"http:\/\/www.zszubri.cz\/wp-content\/uploads\/2017\/12\/IMG_4225-300x225.jpg\" alt=\"\" width=\"300\" height=\"225\" srcset=\"https:\/\/www.zszubri.cz\/wp-content\/uploads\/2017\/12\/IMG_4225-300x225.jpg 300w, https:\/\/www.zszubri.cz\/wp-content\/uploads\/2017\/12\/IMG_4225-768x576.jpg 768w, https:\/\/www.zszubri.cz\/wp-content\/uploads\/2017\/12\/IMG_4225-1024x768.jpg 1024w, https:\/\/www.zszubri.cz\/wp-content\/uploads\/2017\/12\/IMG_4225-1536x1152.jpg 1536w, https:\/\/www.zszubri.cz\/wp-content\/uploads\/2017\/12\/IMG_4225-2048x1536.jpg 2048w, https:\/\/www.zszubri.cz\/wp-content\/uploads\/2017\/12\/IMG_4225-1140x855.jpg 1140w\" sizes=\"(max-width: 300px) 100vw, 300px\" \/><\/a><\/strong><\/p>\n<hr \/>\n<p><strong>Zima, zima v\u0161ude je <\/strong>a Petrohrad p\u0159iv\u00edtal 30. listopadu po dlouh\u00e9 dob\u011b zase v\u00fdstavu v\u00fdtvarn\u00fdch prac\u00ed zubersk\u00fdch \u0161kol\u00e1k\u016f.<\/p>\n<p>Proto\u017ee se v\u00a0minulosti n\u00e1v\u0161t\u011bvnost na\u0161ich v\u00fdstav pohybovala t\u00e9m\u011b\u0159 u bodu mrazu, n\u011bkte\u0159\u00ed rodi\u010de moc z\u00e1jem vid\u011bt pr\u00e1ce sv\u00fdch d\u011bt\u00ed asi nem\u011bli, p\u0159est\u011bhovali jsme se p\u0159ed V\u00e1noci do kostela a zcela takticky vystavovali panely s\u00a0v\u00fdkresy tam. Kdo se p\u0159i\u0161el pod\u00edvat na betl\u00e9m, hodil aspo\u0148 o\u010dkem po obr\u00e1zc\u00edch.<\/p>\n<p>Vernis\u00e1\u017e v\u00fdstavy o\u017eivily d\u011bti sv\u00fdmi vystoupen\u00edmi, pan\u00ed Marie Krupov\u00e1 mil\u00fdm pr\u016fvodn\u00edm slovem.<\/p>\n<p>Mus\u00edm pod\u011bkovat v\u0161em, kdo se na v\u00fdstav\u011b pod\u00edleli \u2013 d\u011btem, \u017ee se vybudily a\u017e k\u00a0nadlidsk\u00fdm v\u00fdtvarn\u00fdm projev\u016fm, pan\u00edm u\u010ditelk\u00e1m a Jarce Ju\u0159\u00ed\u010dkov\u00e9, \u017ee d\u011bti k\u00a0t\u011bmto v\u00fdkon\u016fm dovedly, d\u011bv\u010dat\u016fm ze 6. B a pan\u00ed Janu\u0161ov\u00e9, \u017ee upekly a nazdobily pern\u00ed\u010dky, a za n\u00e1dhern\u00e1 vystoupen\u00ed Ad\u00e9lce Mit\u00e1\u0161ov\u00e9, Terce \u010cerm\u00e1kov\u00e9, Terce Pisko\u0159ov\u00e9, Ad\u00e9lce Kole\u010dkov\u00e9, Ton\u00edku K\u0159enkovi, Sam\u00edku Kalousovi\u00a0 a Luk\u00e1\u0161i Snozovi.<\/p>\n<p>V\u00fdstavu bylo mo\u017eno zhl\u00e9dnout do 17. 12. 2017 -HD-<\/p>\n<p>&nbsp;<\/p>\n<p>Obr\u00e1zky z vernis\u00e1\u017ee a uk\u00e1zky prac\u00ed d\u011bt\u00ed <a href=\"http:\/\/213.194.221.67\/photo\/#Albums\/album_c5a06b6f6c6ec3ad20726f6b20323031372032303138\/album_c5a06b6f6c6ec3ad20726f6b203230313720323031382f5665726e6973c3a1c5be2076c3bd7374617679205a696d61206a65\">naleznete zde.<\/a><\/p>\n<p>Ohlasy na v\u00fdstavu pak naleznete <a href=\"http:\/\/213.194.221.67\/photo\/#Albums\/album_c5a06b6f6c6ec3ad20726f6b20323031372032303138\/album_c5a06b6f6c6ec3ad20726f6b203230313720323031382f56c39d5354415641204f484c415359\">z kopi\u00ed\u00ed n\u00e1v\u0161t\u011bvn\u00ed knihy zde.<\/a><\/p>\n","protected":false},"excerpt":{"rendered":"<p>Zima, zima v\u0161ude je a Petrohrad p\u0159iv\u00edtal 30. listopadu po dlouh\u00e9 dob\u011b zase v\u00fdstavu v\u00fdtvarn\u00fdch prac\u00ed zubersk\u00fdch \u0161kol\u00e1k\u016f. Proto\u017ee se v\u00a0minulosti n\u00e1v\u0161t\u011bvnost na\u0161ich v\u00fdstav pohybovala t\u00e9m\u011b\u0159 u bodu mrazu, n\u011bkte\u0159\u00ed rodi\u010de moc z\u00e1jem vid\u011bt pr\u00e1ce sv\u00fdch d\u011bt\u00ed asi nem\u011bli, p\u0159est\u011bhovali jsme se p\u0159ed V\u00e1noci do kostela a zcela takticky vystavovali panely s\u00a0v\u00fdkresy tam. Kdo se p\u0159i\u0161el pod\u00edvat na betl\u00e9m, hodil aspo\u0148 o\u010dkem po obr\u00e1zc\u00edch. Vernis\u00e1\u017e v\u00fdstavy o\u017eivily d\u011bti sv\u00fdmi vystoupen\u00edmi, pan\u00ed Marie Krupov\u00e1 mil\u00fdm pr\u016fvodn\u00edm slovem. Mus\u00edm pod\u011bkovat v\u0161em, kdo se na v\u00fdstav\u011b pod\u00edleli \u2013 d\u011btem, \u017ee se vybudily a\u017e k\u00a0nadlidsk\u00fdm v\u00fdtvarn\u00fdm projev\u016fm, pan\u00edm u\u010ditelk\u00e1m a Jarce Ju\u0159\u00ed\u010dkov\u00e9, \u017ee d\u011bti k\u00a0t\u011bmto v\u00fdkon\u016fm dovedly, d\u011bv\u010dat\u016fm ze 6. B a pan\u00ed Janu\u0161ov\u00e9, \u017ee upekly a nazdobily pern\u00ed\u010dky, a za n\u00e1dhern\u00e1 vystoupen\u00ed Ad\u00e9lce Mit\u00e1\u0161ov\u00e9, Terce \u010cerm\u00e1kov\u00e9, Terce Pisko\u0159ov\u00e9, Ad\u00e9lce Kole\u010dkov\u00e9, Ton\u00edku K\u0159enkovi, Sam\u00edku Kalousovi\u00a0 a Luk\u00e1\u0161i Snozovi. V\u00fdstavu bylo mo\u017eno zhl\u00e9dnout do 17. 12. 2017 -HD- &nbsp; Obr\u00e1zky z vernis\u00e1\u017ee a uk\u00e1zky prac\u00ed d\u011bt\u00ed naleznete zde. Ohlasy na v\u00fdstavu pak naleznete z kopi\u00ed\u00ed n\u00e1v\u0161t\u011bvn\u00ed knihy zde.<\/p>\n","protected":false},"author":2,"featured_media":0,"comment_status":"closed","ping_status":"closed","sticky":false,"template":"","format":"standard","meta":{"ngg_post_thumbnail":0,"footnotes":""},"categories":[59],"tags":[],"acf":[],"_links":{"self":[{"href":"https:\/\/www.zszubri.cz\/index.php?rest_route=\/wp\/v2\/posts\/6916"}],"collection":[{"href":"https:\/\/www.zszubri.cz\/index.php?rest_route=\/wp\/v2\/posts"}],"about":[{"href":"https:\/\/www.zszubri.cz\/index.php?rest_route=\/wp\/v2\/types\/post"}],"author":[{"embeddable":true,"href":"https:\/\/www.zszubri.cz\/index.php?rest_route=\/wp\/v2\/users\/2"}],"replies":[{"embeddable":true,"href":"https:\/\/www.zszubri.cz\/index.php?rest_route=%2Fwp%2Fv2%2Fcomments&post=6916"}],"version-history":[{"count":7,"href":"https:\/\/www.zszubri.cz\/index.php?rest_route=\/wp\/v2\/posts\/6916\/revisions"}],"predecessor-version":[{"id":7362,"href":"https:\/\/www.zszubri.cz\/index.php?rest_route=\/wp\/v2\/posts\/6916\/revisions\/7362"}],"wp:attachment":[{"href":"https:\/\/www.zszubri.cz\/index.php?rest_route=%2Fwp%2Fv2%2Fmedia&parent=6916"}],"wp:term":[{"taxonomy":"category","embeddable":true,"href":"https:\/\/www.zszubri.cz\/index.php?rest_route=%2Fwp%2Fv2%2Fcategories&post=6916"},{"taxonomy":"post_tag","embeddable":true,"href":"https:\/\/www.zszubri.cz\/index.php?rest_route=%2Fwp%2Fv2%2Ftags&post=6916"}],"curies":[{"name":"wp","href":"https:\/\/api.w.org\/{rel}","templated":true}]}}