{"id":7117,"date":"2018-01-21T15:27:42","date_gmt":"2018-01-21T14:27:42","guid":{"rendered":"http:\/\/www.zszubri.cz\/?p=7117"},"modified":"2018-02-06T17:13:46","modified_gmt":"2018-02-06T16:13:46","slug":"co-noveho-ve-skolnim-klubu-v-1-pololeti-201718","status":"publish","type":"post","link":"https:\/\/www.zszubri.cz\/?p=7117","title":{"rendered":"Co nov\u00e9ho ve \u0161koln\u00edm klubu v 1.pololet\u00ed 2017\/18 ?"},"content":{"rendered":"<div class=\"pdfprnt-buttons pdfprnt-buttons-post pdfprnt-top-right\"><a href=\"https:\/\/www.zszubri.cz\/index.php?rest_route=wpv2posts7117&print=print\" class=\"pdfprnt-button pdfprnt-button-print\" target=\"_blank\"><img src=\"https:\/\/www.zszubri.cz\/wp-content\/plugins\/pdf-print\/images\/print.png\" alt=\"image_print\" title=\"Print Content\" \/><\/a><\/div><p>Do \u0161koln\u00edho klubu se v leto\u0161n\u00edm \u0161koln\u00edm roce zapsalo celkem 197 d\u011bt\u00ed z toho 124 pracuje v 9 z\u00e1jmov\u00fdch krou\u017ec\u00edch. Jsou to v\u00fdtvarn\u00e9 kr. Barvi\u010dka, Piccaso, kreativn\u00ed kr. \u0160ikulka, D\u00edv\u010d\u00ed klub, Tvo\u0159en\u00ed\u010dko pro d\u011bti 1. t\u0159\u00edd, Keramika pro za\u010d\u00e1te\u010dn\u00edky, V\u00fdtvarn\u011b-keramick\u00e1 d\u00edlna a Keramika pro pokro\u010dil\u00e9.<\/p>\n<p>D\u011bti jsou velmi kreativn\u00ed, sna\u017e\u00ed se pr\u00e1ci dotahovat do konce. Jejich pr\u00e1ce reprezentuj\u00ed \u0161kolu ve v\u00fdtvarn\u00fdch sout\u011b\u017e\u00edch a v\u00fdsledky hovo\u0159\u00ed o tom, \u017ee dob\u0159e. V z\u00e1\u0159\u00ed z\u00edskala Magdal\u00e9na Jaro\u0148ov\u00e1 1. m\u00edsto ve v\u00fdtvarn\u00e9 sout\u011b\u017ei SV\u010c Ro\u017enov p\/R. s n\u00e1zvem Rostliny.<\/p>\n<p>V lednu z\u00edskala Eli\u0161ka Randusov\u00e1 \u00a0 1. m\u00edsto, Tade\u00e1\u0161 Poruba 2.m\u00edsto ve v\u00fdtvarn\u00e9 sout\u011b\u017ei SV\u010c Ro\u017enov Zima na Vala\u0161sku.<\/p>\n<p>V \u0159\u00edjnu n\u00e1s oslovila muzejn\u00ed rada, zda bychom necht\u011bli p\u0159ipravit spole\u010dn\u011b s u\u010d. v\u00fdtvarn\u00e9 v\u00fdchovy v\u00fdstavu na Petrohrad\u011b s n\u00e1zvem Zima,zima v\u0161ude je&#8230; Na celkovou p\u0159\u00edpravu nebylo moc \u010dasu, p\u0159esto se d\u011bti pustily do p\u0159\u00edprav.Malovaly\u00a0 and\u011bly, vyr\u00e1b\u011bly ze d\u0159eva, textilu a keramick\u00e9 hl\u00edny. V\u00fdsledky byly nad o\u010dek\u00e1v\u00e1n\u00ed, v\u0161ichni\u00a0 cht\u011bli m\u00edt na v\u00fdstav\u011b sv\u00e9 d\u00edlo.Vystavovali jsme v\u0161ak pouze ty nejlep\u0161\u00ed. O tom, \u017ee jsme ud\u011blali dob\u0159e hovo\u0159\u00ed fakt, \u017ee v\u00fdstava byla vyhodnocena jako nejnav\u0161t\u011bvovan\u011bj\u0161\u00ed v\u00fdstava roku 2017.<\/p>\n<p>&nbsp;<\/p>\n<p>I<\/p>\n<p>&nbsp;<\/p>\n<p>&nbsp;<\/p>\n","protected":false},"excerpt":{"rendered":"<p>Do \u0161koln\u00edho klubu se v leto\u0161n\u00edm \u0161koln\u00edm roce zapsalo celkem 197 d\u011bt\u00ed z toho 124 pracuje v 9 z\u00e1jmov\u00fdch krou\u017ec\u00edch. Jsou to v\u00fdtvarn\u00e9 kr. Barvi\u010dka, Piccaso, kreativn\u00ed kr. \u0160ikulka, D\u00edv\u010d\u00ed klub, Tvo\u0159en\u00ed\u010dko pro d\u011bti 1. t\u0159\u00edd, Keramika pro za\u010d\u00e1te\u010dn\u00edky, V\u00fdtvarn\u011b-keramick\u00e1 d\u00edlna a Keramika pro pokro\u010dil\u00e9. D\u011bti jsou velmi kreativn\u00ed, sna\u017e\u00ed se pr\u00e1ci dotahovat do konce. Jejich pr\u00e1ce reprezentuj\u00ed \u0161kolu ve v\u00fdtvarn\u00fdch sout\u011b\u017e\u00edch a v\u00fdsledky hovo\u0159\u00ed o tom, \u017ee dob\u0159e. V z\u00e1\u0159\u00ed z\u00edskala Magdal\u00e9na Jaro\u0148ov\u00e1 1. m\u00edsto ve v\u00fdtvarn\u00e9 sout\u011b\u017ei SV\u010c Ro\u017enov p\/R. s n\u00e1zvem Rostliny. V lednu z\u00edskala Eli\u0161ka Randusov\u00e1 \u00a0 1. m\u00edsto, Tade\u00e1\u0161 Poruba 2.m\u00edsto ve v\u00fdtvarn\u00e9 sout\u011b\u017ei SV\u010c Ro\u017enov Zima na Vala\u0161sku. V \u0159\u00edjnu n\u00e1s oslovila muzejn\u00ed rada, zda bychom necht\u011bli p\u0159ipravit spole\u010dn\u011b s u\u010d. v\u00fdtvarn\u00e9 v\u00fdchovy v\u00fdstavu na Petrohrad\u011b s n\u00e1zvem Zima,zima v\u0161ude je&#8230; Na celkovou p\u0159\u00edpravu nebylo moc \u010dasu, p\u0159esto se d\u011bti pustily do p\u0159\u00edprav.Malovaly\u00a0 and\u011bly, vyr\u00e1b\u011bly ze d\u0159eva, textilu a keramick\u00e9 hl\u00edny. V\u00fdsledky byly nad o\u010dek\u00e1v\u00e1n\u00ed, v\u0161ichni\u00a0 cht\u011bli m\u00edt na v\u00fdstav\u011b sv\u00e9 d\u00edlo.Vystavovali jsme v\u0161ak pouze ty nejlep\u0161\u00ed. O tom, \u017ee jsme ud\u011blali dob\u0159e hovo\u0159\u00ed fakt, \u017ee v\u00fdstava byla vyhodnocena jako nejnav\u0161t\u011bvovan\u011bj\u0161\u00ed v\u00fdstava roku 2017. &nbsp; I &nbsp; &nbsp;<\/p>\n","protected":false},"author":3,"featured_media":0,"comment_status":"closed","ping_status":"closed","sticky":false,"template":"","format":"standard","meta":{"ngg_post_thumbnail":0,"footnotes":""},"categories":[59],"tags":[],"acf":[],"_links":{"self":[{"href":"https:\/\/www.zszubri.cz\/index.php?rest_route=\/wp\/v2\/posts\/7117"}],"collection":[{"href":"https:\/\/www.zszubri.cz\/index.php?rest_route=\/wp\/v2\/posts"}],"about":[{"href":"https:\/\/www.zszubri.cz\/index.php?rest_route=\/wp\/v2\/types\/post"}],"author":[{"embeddable":true,"href":"https:\/\/www.zszubri.cz\/index.php?rest_route=\/wp\/v2\/users\/3"}],"replies":[{"embeddable":true,"href":"https:\/\/www.zszubri.cz\/index.php?rest_route=%2Fwp%2Fv2%2Fcomments&post=7117"}],"version-history":[{"count":2,"href":"https:\/\/www.zszubri.cz\/index.php?rest_route=\/wp\/v2\/posts\/7117\/revisions"}],"predecessor-version":[{"id":7158,"href":"https:\/\/www.zszubri.cz\/index.php?rest_route=\/wp\/v2\/posts\/7117\/revisions\/7158"}],"wp:attachment":[{"href":"https:\/\/www.zszubri.cz\/index.php?rest_route=%2Fwp%2Fv2%2Fmedia&parent=7117"}],"wp:term":[{"taxonomy":"category","embeddable":true,"href":"https:\/\/www.zszubri.cz\/index.php?rest_route=%2Fwp%2Fv2%2Fcategories&post=7117"},{"taxonomy":"post_tag","embeddable":true,"href":"https:\/\/www.zszubri.cz\/index.php?rest_route=%2Fwp%2Fv2%2Ftags&post=7117"}],"curies":[{"name":"wp","href":"https:\/\/api.w.org\/{rel}","templated":true}]}}