{"id":7314,"date":"2018-04-18T13:38:20","date_gmt":"2018-04-18T11:38:20","guid":{"rendered":"http:\/\/www.zszubri.cz\/?p=7314"},"modified":"2018-04-18T13:45:36","modified_gmt":"2018-04-18T11:45:36","slug":"eurorebus-2018","status":"publish","type":"post","link":"https:\/\/www.zszubri.cz\/?p=7314","title":{"rendered":"Eurorebus 2018"},"content":{"rendered":"<div class=\"pdfprnt-buttons pdfprnt-buttons-post pdfprnt-top-right\"><a href=\"https:\/\/www.zszubri.cz\/index.php?rest_route=wpv2posts7314&print=print\" class=\"pdfprnt-button pdfprnt-button-print\" target=\"_blank\"><img src=\"https:\/\/www.zszubri.cz\/wp-content\/plugins\/pdf-print\/images\/print.png\" alt=\"image_print\" title=\"Print Content\" \/><\/a><\/div><p><strong><u>Op\u011bt velk\u00fd \u00fasp\u011bch zubersk\u00fdch zem\u011bpisc\u016f<\/u><\/strong><\/p>\n<p>V\u00a0pond\u011bl\u00ed 9. dubna 2018 se v\u00a0Region\u00e1ln\u00edm centru Olomouc uskute\u010dnilo v\u00edcekrajsk\u00e9 kolo (Zl\u00ednsk\u00fd a Olomouck\u00fd kraj) 23.\u00a0ro\u010dn\u00edku zem\u011bpisn\u00e9 sout\u011b\u017ee Eurorebus 2018. V\u00a0r\u00e1mci koresponden\u010dn\u00edch kol se do krajsk\u00e9ho kola probojovalo t\u0159\u00ed\u010dlenn\u00e9 dru\u017estvo ve slo\u017een\u00ed: <em>Zuzana \u0160imurdov\u00e1, Ond\u0159ej Hyj\u00e1nek, Luk\u00e1\u0161 Gol\u00e1\u0148 (8.B)<\/em> a d\u00e1le pak \u017e\u00e1ci Zuzana \u0160imurdov\u00e1 a Ond\u0159ej Hyj\u00e1nek se do krajsk\u00e9ho kola kvalifikovali tak\u00e9 jako jednotlivci. \u00a0V\u00a0sout\u011b\u017ei Eurorebus JUNIOR (pro \u017e\u00e1ky I. stupn\u011b) na\u0161i \u0161kolu reprezentovalo t\u0159\u00ed\u010dlenn\u00e9 dru\u017estvo <em>Radek Masa\u0159\u00edk (3.C), Filip Luka\u0161\u00edk (4.C) a Monika Masa\u0159\u00edkov\u00e1 (5.A)<\/em>. Po zdol\u00e1n\u00ed test\u016f sout\u011b\u017ee dru\u017estev a sout\u011b\u017ee jednotlivc\u016f se mohli \u017e\u00e1ci z\u00fa\u010dastnit doprovodn\u00fdch sout\u011b\u017e\u00ed. \u00da\u010dast v\u00a0t\u00e9to zem\u011bpisn\u00e9 sout\u011b\u017ei p\u0159inesla op\u011bt pro \u017e\u00e1ky ze Zub\u0159\u00ed vynikaj\u00edc\u00ed \u00fasp\u011bch. Dru\u017estvo 8.B se um\u00edstilo na kr\u00e1sn\u00e9m 6.\u00a0m\u00edst\u011b a bude \u010dekat na tzv. \u201edivokou postupovou kartu\u201c do Prahy. V\u00a0sout\u011b\u017ei jednotlivc\u016f se <strong><u>Ond\u0159ej HYJ\u00c1NEK<\/u><\/strong><u> um\u00edstil na 5. m\u00edst\u011b a postupuje do celost\u00e1tn\u00edho fin\u00e1le do Prahy<\/u>, Zuzana \u0160IMURDOV\u00c1 skon\u010dila na op\u011bt kr\u00e1sn\u00e9m 7. m\u00edst\u011b.<\/p>\n<p>Ale nejv\u011bt\u0161\u00ed \u00fasp\u011bch zuber\u0161t\u00ed \u017e\u00e1ci m\u011bli v\u00a0juniorsk\u00e9 sout\u011b\u017ei:\u00a0<strong><u>dru\u017estvo JUNIOR (Monika MASA\u0158\u00cdKOV\u00c1, Filip LUKA\u0160\u00cdK, Radek MASA\u0158\u00cdK) zv\u00edt\u011bzilo a jako v\u00edt\u011bz postupuje do\u00a0celost\u00e1tn\u00edho fin\u00e1le<\/u>, kter\u00e9 se bude konat 5.\u010dervna v\u00a0Praze.<\/strong><\/p>\n<p>V\u0161em \u017e\u00e1k\u016fm d\u011bkujeme za \u00fasp\u011b\u0161nou reprezentaci \u0161koly a junior\u016fm a Ondrovi p\u0159ejeme hodn\u011b \u0161t\u011bst\u00ed v\u00a0Praze.<\/p>\n<p>Fotogalerie <a href=\"http:\/\/213.194.221.67\/photo\/?t=Albums\/album_c5a06b6f6c6ec3ad20726f6b20323031372032303138\/album_c5a06b6f6c6ec3ad20726f6b203230313720323031382f4575726f72656275732032303138#Albums\/album_c5a06b6f6c6ec3ad20726f6b20323031372032303138\/album_c5a06b6f6c6ec3ad20726f6b203230313720323031382f4575726f72656275732032303138\">zde.<\/a><\/p>\n<p>(GC)<\/p>\n","protected":false},"excerpt":{"rendered":"<p>Op\u011bt velk\u00fd \u00fasp\u011bch zubersk\u00fdch zem\u011bpisc\u016f V\u00a0pond\u011bl\u00ed 9. dubna 2018 se v\u00a0Region\u00e1ln\u00edm centru Olomouc uskute\u010dnilo v\u00edcekrajsk\u00e9 kolo (Zl\u00ednsk\u00fd a Olomouck\u00fd kraj) 23.\u00a0ro\u010dn\u00edku zem\u011bpisn\u00e9 sout\u011b\u017ee Eurorebus 2018. V\u00a0r\u00e1mci koresponden\u010dn\u00edch kol se do krajsk\u00e9ho kola probojovalo t\u0159\u00ed\u010dlenn\u00e9 dru\u017estvo ve slo\u017een\u00ed: Zuzana \u0160imurdov\u00e1, Ond\u0159ej Hyj\u00e1nek, Luk\u00e1\u0161 Gol\u00e1\u0148 (8.B) a d\u00e1le pak \u017e\u00e1ci Zuzana \u0160imurdov\u00e1 a Ond\u0159ej Hyj\u00e1nek se do krajsk\u00e9ho kola kvalifikovali tak\u00e9 jako jednotlivci. \u00a0V\u00a0sout\u011b\u017ei Eurorebus JUNIOR (pro \u017e\u00e1ky I. stupn\u011b) na\u0161i \u0161kolu reprezentovalo t\u0159\u00ed\u010dlenn\u00e9 dru\u017estvo Radek Masa\u0159\u00edk (3.C), Filip Luka\u0161\u00edk (4.C) a Monika Masa\u0159\u00edkov\u00e1 (5.A). Po zdol\u00e1n\u00ed test\u016f sout\u011b\u017ee dru\u017estev a sout\u011b\u017ee jednotlivc\u016f se mohli \u017e\u00e1ci z\u00fa\u010dastnit doprovodn\u00fdch sout\u011b\u017e\u00ed. \u00da\u010dast v\u00a0t\u00e9to zem\u011bpisn\u00e9 sout\u011b\u017ei p\u0159inesla op\u011bt pro \u017e\u00e1ky ze Zub\u0159\u00ed vynikaj\u00edc\u00ed \u00fasp\u011bch. Dru\u017estvo 8.B se um\u00edstilo na kr\u00e1sn\u00e9m 6.\u00a0m\u00edst\u011b a bude \u010dekat na tzv. \u201edivokou postupovou kartu\u201c do Prahy. V\u00a0sout\u011b\u017ei jednotlivc\u016f se Ond\u0159ej HYJ\u00c1NEK um\u00edstil na 5. m\u00edst\u011b a postupuje do celost\u00e1tn\u00edho fin\u00e1le do Prahy, Zuzana \u0160IMURDOV\u00c1 skon\u010dila na op\u011bt kr\u00e1sn\u00e9m 7. m\u00edst\u011b. Ale nejv\u011bt\u0161\u00ed \u00fasp\u011bch zuber\u0161t\u00ed \u017e\u00e1ci m\u011bli v\u00a0juniorsk\u00e9 sout\u011b\u017ei:\u00a0dru\u017estvo JUNIOR (Monika MASA\u0158\u00cdKOV\u00c1, Filip LUKA\u0160\u00cdK, Radek MASA\u0158\u00cdK) zv\u00edt\u011bzilo a jako v\u00edt\u011bz postupuje do\u00a0celost\u00e1tn\u00edho fin\u00e1le, kter\u00e9 se bude konat 5.\u010dervna v\u00a0Praze. V\u0161em \u017e\u00e1k\u016fm d\u011bkujeme za \u00fasp\u011b\u0161nou reprezentaci \u0161koly a junior\u016fm a Ondrovi p\u0159ejeme hodn\u011b \u0161t\u011bst\u00ed v\u00a0Praze. Fotogalerie zde. (GC)<\/p>\n","protected":false},"author":3,"featured_media":0,"comment_status":"closed","ping_status":"closed","sticky":false,"template":"","format":"standard","meta":{"ngg_post_thumbnail":0,"footnotes":""},"categories":[59],"tags":[],"acf":[],"_links":{"self":[{"href":"https:\/\/www.zszubri.cz\/index.php?rest_route=\/wp\/v2\/posts\/7314"}],"collection":[{"href":"https:\/\/www.zszubri.cz\/index.php?rest_route=\/wp\/v2\/posts"}],"about":[{"href":"https:\/\/www.zszubri.cz\/index.php?rest_route=\/wp\/v2\/types\/post"}],"author":[{"embeddable":true,"href":"https:\/\/www.zszubri.cz\/index.php?rest_route=\/wp\/v2\/users\/3"}],"replies":[{"embeddable":true,"href":"https:\/\/www.zszubri.cz\/index.php?rest_route=%2Fwp%2Fv2%2Fcomments&post=7314"}],"version-history":[{"count":2,"href":"https:\/\/www.zszubri.cz\/index.php?rest_route=\/wp\/v2\/posts\/7314\/revisions"}],"predecessor-version":[{"id":7318,"href":"https:\/\/www.zszubri.cz\/index.php?rest_route=\/wp\/v2\/posts\/7314\/revisions\/7318"}],"wp:attachment":[{"href":"https:\/\/www.zszubri.cz\/index.php?rest_route=%2Fwp%2Fv2%2Fmedia&parent=7314"}],"wp:term":[{"taxonomy":"category","embeddable":true,"href":"https:\/\/www.zszubri.cz\/index.php?rest_route=%2Fwp%2Fv2%2Fcategories&post=7314"},{"taxonomy":"post_tag","embeddable":true,"href":"https:\/\/www.zszubri.cz\/index.php?rest_route=%2Fwp%2Fv2%2Ftags&post=7314"}],"curies":[{"name":"wp","href":"https:\/\/api.w.org\/{rel}","templated":true}]}}