{"id":7389,"date":"2018-05-21T21:14:00","date_gmt":"2018-05-21T19:14:00","guid":{"rendered":"http:\/\/www.zszubri.cz\/?p=7389"},"modified":"2019-10-16T17:38:18","modified_gmt":"2019-10-16T15:38:18","slug":"gdpr-obecna-zakladni-informace","status":"publish","type":"post","link":"https:\/\/www.zszubri.cz\/?p=7389","title":{"rendered":"GDPR &#8211; OBECN\u00c1 Z\u00c1KLADN\u00cd INFORMACE"},"content":{"rendered":"<div class=\"pdfprnt-buttons pdfprnt-buttons-post pdfprnt-top-right\"><a href=\"https:\/\/www.zszubri.cz\/index.php?rest_route=wpv2posts7389&print=print\" class=\"pdfprnt-button pdfprnt-button-print\" target=\"_blank\"><img src=\"https:\/\/www.zszubri.cz\/wp-content\/plugins\/pdf-print\/images\/print.png\" alt=\"image_print\" title=\"Print Content\" \/><\/a><\/div><p class=\"Default\"><strong>GDPR &#8211; informace o zpracov\u00e1n\u00ed osobn\u00edch \u00fadaj\u016f v r\u00e1mci vykon\u00e1van\u00fdch agend<\/strong><\/p>\n<hr>\n<p><em>Z\u00e1kladn\u00ed \u0161kola Zub\u0159\u00ed, okres Vset\u00edn d\u00e1le jen \u201e\u0161kola\u201c jako spr\u00e1vce osobn\u00edch \u00fadaj\u016f zpracov\u00e1v\u00e1 \u00fadaje v n\u00ed\u017ee uveden\u00fdch p\u0159\u00edpadech (nap\u0159. p\u0159\u00edpad veden\u00ed dokumentace \u0161koly). <\/em><\/p>\n<p><em>Na \u0161kolu je mo\u017en\u00e9 se k uplatn\u011bn\u00ed pr\u00e1v v oblasti osobn\u00edch \u00fadaj\u016f obracet prost\u0159ednictv\u00edm datov\u00e9 schr\u00e1nky, ID : <\/em><strong>u3u3eic<\/strong><em>, emailem na adrese gdpr.zszubri@seznam.cz nebo po\u0161tou na adrese Z\u00e1kladn\u00ed \u0161kola Zub\u0159\u00ed, okres Vset\u00edn, Hlavn\u00ed 70, 756 54 Zub\u0159\u00ed.<\/em><\/p>\n<p><em>V\u00fd\u0161e uveden\u00fdmi zp\u016fsoby je mo\u017en\u00e9 se v relevantn\u00edch p\u0159\u00edpadech na \u0161kolu obracet za \u00fa\u010delem uplatn\u011bn\u00ed pr\u00e1va na p\u0159\u00edstup k osobn\u00edm \u00fadaj\u016fm, jejich opravu nebo v\u00fdmaz, pop\u0159\u00edpad\u011b omezen\u00ed zpracov\u00e1n\u00ed, vzn\u00e9st n\u00e1mitku proti zpracov\u00e1n\u00ed, jako\u017e i p\u0159i uplatn\u011bn\u00ed pr\u00e1va na p\u0159enositelnost \u00fadaj\u016f a dal\u0161\u00edch pr\u00e1v podle obecn\u00e9ho na\u0159\u00edzen\u00ed o ochran\u011b osobn\u00edch \u00fadaj\u016f. V\u00fd\u0161e uveden\u00fdmi zp\u016fsoby se mohou subjekty \u00fadaj\u016f na \u0161kolu obracet v p\u0159\u00edpad\u011b \u00fadaj\u016f zpracov\u00e1van\u00fdch na z\u00e1klad\u011b souhlasu rovn\u011b\u017e za \u00fa\u010delem odvol\u00e1n\u00ed souhlasu se zpracov\u00e1n\u00edm osobn\u00edch \u00fadaj\u016f. <\/em><\/p>\n<p><em>Jmenovan\u00fdm pov\u011b\u0159encem pro \u0161kolu je Mgr. Marek Mikl, tel. \u010d. 571 658 920, email: gdpr.zszubri@seznam.cz, k zasti\u017een\u00ed v kancel\u00e1\u0159i veden\u00ed \u0161koly ulice Hlavn\u00ed 70, 756 54 Zub\u0159\u00ed,&nbsp; \u00fa\u0159edn\u00ed doba pro pot\u0159eby GDPR &#8211; st\u0159eda 7.20 &#8211; 8.35 hod., jinak po telefonick\u00e9 p\u0159edchoz\u00ed domluv\u011b.<br \/>\n<\/em><\/p>\n<p><strong>&nbsp;<\/strong><\/p>\n<p><strong>P\u0159ehled p\u0159\u00edpad\u016f zpracov\u00e1n\u00ed \u00fadaj\u016f :<\/strong><\/p>\n<p><em>Pro zaji\u0161t\u011bn\u00ed <strong>veden\u00ed dokumentace <\/strong>\u0161koly, v souladu s ustanoven\u00edm \u00a7 28 z\u00e1kona \u010d. 561\/2004 Sb., o p\u0159ed\u0161koln\u00edm, z\u00e1kladn\u00edm, st\u0159edn\u00edm, vy\u0161\u0161\u00edm odborn\u00e9m a jin\u00e9m vzd\u011bl\u00e1v\u00e1n\u00ed (\u0161kolsk\u00fd z\u00e1kon), ve zn\u011bn\u00ed pozd\u011bj\u0161\u00edch p\u0159edpis\u016f, zpracov\u00e1v\u00e1 \u0161kola o \u017e\u00e1c\u00edch n\u00e1sleduj\u00edc\u00ed typy \u00fadaj\u016f: <\/em><\/p>\n<p><em>jm\u00e9no a p\u0159\u00edjmen\u00ed; rodn\u00e9 \u010d\u00edslo (pop\u0159\u00edpad\u011b datum narozen\u00ed, nebylo-li rodn\u00e9 \u010d\u00edslo d\u00edt\u011bti, \u017e\u00e1kovi nebo studentovi p\u0159id\u011bleno); st\u00e1tn\u00ed ob\u010danstv\u00ed; m\u00edsto narozen\u00ed; m\u00edsto trval\u00e9ho pobytu, pop\u0159\u00edpad\u011b m\u00edsto pobytu na \u00fazem\u00ed \u010cesk\u00e9 republiky podle druhu pobytu cizince nebo m\u00edsto pobytu v zahrani\u010d\u00ed, nepob\u00fdv\u00e1-li d\u00edt\u011b, \u017e\u00e1k nebo student na \u00fazem\u00ed \u010cesk\u00e9 republiky; \u00fadaje o p\u0159edchoz\u00edm vzd\u011bl\u00e1v\u00e1n\u00ed, v\u010detn\u011b dosa\u017een\u00e9ho stupn\u011b vzd\u011bl\u00e1n\u00ed; datum zah\u00e1jen\u00ed vzd\u011bl\u00e1v\u00e1n\u00ed ve \u0161kole; \u00fadaje o pr\u016fb\u011bhu a v\u00fdsledc\u00edch vzd\u011bl\u00e1v\u00e1n\u00ed ve \u0161kole; vyu\u010dovac\u00ed jazyk; \u00fadaje o znev\u00fdhodn\u011bn\u00ed \u017e\u00e1ka; \u00fadaje o mimo\u0159\u00e1dn\u00e9m nad\u00e1n\u00ed \u017e\u00e1ka; \u00fadaje o podp\u016frn\u00fdch opat\u0159en\u00edch poskytovan\u00fdch \u017e\u00e1kovi \u0161kolou, a o z\u00e1v\u011brech vy\u0161et\u0159en\u00ed uveden\u00fdch v doporu\u010den\u00ed \u0161kolsk\u00e9ho poradensk\u00e9ho za\u0159\u00edzen\u00ed; \u00fadaje o zdravotn\u00ed zp\u016fsobilosti ke vzd\u011bl\u00e1v\u00e1n\u00ed a o zdravotn\u00edch obt\u00ed\u017e\u00edch, kter\u00e9 by mohly m\u00edt vliv na pr\u016fb\u011bh vzd\u011bl\u00e1v\u00e1n\u00ed; datum ukon\u010den\u00ed vzd\u011bl\u00e1v\u00e1n\u00ed ve \u0161kole a \u00fadaje o zkou\u0161ce, j\u00ed\u017e bylo vzd\u011bl\u00e1v\u00e1n\u00ed ve st\u0159edn\u00ed nebo vy\u0161\u0161\u00ed odborn\u00e9 \u0161kole ukon\u010deno. <\/em><\/p>\n<p><em>V\u00fd\u0161e vymezen\u00e9 \u00fadaje se d\u00e1le v souladu s&nbsp;ustanoven\u00edm &nbsp; \u0160kolsk\u00e9ho z\u00e1kona 561\/2004 Sb. v&nbsp;platn\u00e9m zn\u011bn\u00ed a vyhl\u00e1\u0161ky o Z\u0160 48\/2004 Sb. v&nbsp;platn\u00e9m zn\u011bn\u00ed p\u0159ed\u00e1vaj\u00ed v&nbsp;k\u00f3dovan\u00e9, zabezpe\u010den\u00ed anonymizovan\u00e9 form\u011b M\u0160MT, \u010c\u0160I a dal\u0161\u00edm dot\u010den\u00fdm org\u00e1n\u016fm dle platn\u00e9 legislativy (K\u00da, syst\u00e9m uiv.cz, \u0161koln\u00ed matrika, INSPIS.<\/em><\/p>\n<p>&nbsp;<\/p>\n","protected":false},"excerpt":{"rendered":"<p>GDPR &#8211; informace o zpracov\u00e1n\u00ed osobn\u00edch \u00fadaj\u016f v r\u00e1mci vykon\u00e1van\u00fdch agend Z\u00e1kladn\u00ed \u0161kola Zub\u0159\u00ed, okres Vset\u00edn d\u00e1le jen \u201e\u0161kola\u201c jako spr\u00e1vce osobn\u00edch \u00fadaj\u016f zpracov\u00e1v\u00e1 \u00fadaje v n\u00ed\u017ee uveden\u00fdch p\u0159\u00edpadech (nap\u0159. p\u0159\u00edpad veden\u00ed dokumentace \u0161koly). Na \u0161kolu je mo\u017en\u00e9 se k uplatn\u011bn\u00ed pr\u00e1v v oblasti osobn\u00edch \u00fadaj\u016f obracet prost\u0159ednictv\u00edm datov\u00e9 schr\u00e1nky, ID : u3u3eic, emailem na adrese gdpr.zszubri@seznam.cz nebo po\u0161tou na adrese Z\u00e1kladn\u00ed \u0161kola Zub\u0159\u00ed, okres Vset\u00edn, Hlavn\u00ed 70, 756 54 Zub\u0159\u00ed. V\u00fd\u0161e uveden\u00fdmi zp\u016fsoby je mo\u017en\u00e9 se v relevantn\u00edch p\u0159\u00edpadech na \u0161kolu obracet za \u00fa\u010delem uplatn\u011bn\u00ed pr\u00e1va na p\u0159\u00edstup k osobn\u00edm \u00fadaj\u016fm, jejich opravu nebo v\u00fdmaz, pop\u0159\u00edpad\u011b omezen\u00ed zpracov\u00e1n\u00ed, vzn\u00e9st n\u00e1mitku proti zpracov\u00e1n\u00ed, jako\u017e i p\u0159i uplatn\u011bn\u00ed pr\u00e1va na p\u0159enositelnost \u00fadaj\u016f a dal\u0161\u00edch pr\u00e1v podle obecn\u00e9ho na\u0159\u00edzen\u00ed o ochran\u011b osobn\u00edch \u00fadaj\u016f. V\u00fd\u0161e uveden\u00fdmi zp\u016fsoby se mohou subjekty \u00fadaj\u016f na \u0161kolu obracet v p\u0159\u00edpad\u011b \u00fadaj\u016f zpracov\u00e1van\u00fdch na z\u00e1klad\u011b souhlasu rovn\u011b\u017e za \u00fa\u010delem odvol\u00e1n\u00ed souhlasu se zpracov\u00e1n\u00edm osobn\u00edch \u00fadaj\u016f. Jmenovan\u00fdm pov\u011b\u0159encem pro \u0161kolu je Mgr. Marek Mikl, tel. \u010d. 571 658 920, email: gdpr.zszubri@seznam.cz, k zasti\u017een\u00ed v kancel\u00e1\u0159i veden\u00ed \u0161koly ulice Hlavn\u00ed 70, 756 54 Zub\u0159\u00ed,&nbsp; \u00fa\u0159edn\u00ed doba pro pot\u0159eby GDPR &#8211; st\u0159eda 7.20 &#8211; 8.35 hod., jinak po telefonick\u00e9 p\u0159edchoz\u00ed domluv\u011b. &nbsp; P\u0159ehled p\u0159\u00edpad\u016f zpracov\u00e1n\u00ed \u00fadaj\u016f : Pro zaji\u0161t\u011bn\u00ed veden\u00ed dokumentace \u0161koly, v souladu s ustanoven\u00edm \u00a7 28 z\u00e1kona \u010d. 561\/2004 Sb., o p\u0159ed\u0161koln\u00edm, z\u00e1kladn\u00edm, st\u0159edn\u00edm, vy\u0161\u0161\u00edm odborn\u00e9m a jin\u00e9m vzd\u011bl\u00e1v\u00e1n\u00ed (\u0161kolsk\u00fd z\u00e1kon), ve zn\u011bn\u00ed pozd\u011bj\u0161\u00edch p\u0159edpis\u016f, zpracov\u00e1v\u00e1 \u0161kola o \u017e\u00e1c\u00edch n\u00e1sleduj\u00edc\u00ed typy \u00fadaj\u016f: jm\u00e9no a p\u0159\u00edjmen\u00ed; rodn\u00e9 \u010d\u00edslo (pop\u0159\u00edpad\u011b datum narozen\u00ed, nebylo-li rodn\u00e9 \u010d\u00edslo d\u00edt\u011bti, \u017e\u00e1kovi nebo studentovi p\u0159id\u011bleno); st\u00e1tn\u00ed ob\u010danstv\u00ed; m\u00edsto narozen\u00ed; m\u00edsto trval\u00e9ho pobytu, pop\u0159\u00edpad\u011b m\u00edsto pobytu na \u00fazem\u00ed \u010cesk\u00e9 republiky podle druhu pobytu cizince nebo m\u00edsto pobytu v zahrani\u010d\u00ed, nepob\u00fdv\u00e1-li d\u00edt\u011b, \u017e\u00e1k nebo student na \u00fazem\u00ed \u010cesk\u00e9 republiky; \u00fadaje o p\u0159edchoz\u00edm vzd\u011bl\u00e1v\u00e1n\u00ed, v\u010detn\u011b dosa\u017een\u00e9ho stupn\u011b vzd\u011bl\u00e1n\u00ed; datum zah\u00e1jen\u00ed vzd\u011bl\u00e1v\u00e1n\u00ed ve \u0161kole; \u00fadaje o pr\u016fb\u011bhu a v\u00fdsledc\u00edch vzd\u011bl\u00e1v\u00e1n\u00ed ve \u0161kole; vyu\u010dovac\u00ed jazyk; \u00fadaje o znev\u00fdhodn\u011bn\u00ed \u017e\u00e1ka; \u00fadaje o mimo\u0159\u00e1dn\u00e9m nad\u00e1n\u00ed \u017e\u00e1ka; \u00fadaje o podp\u016frn\u00fdch opat\u0159en\u00edch poskytovan\u00fdch \u017e\u00e1kovi \u0161kolou, a o z\u00e1v\u011brech vy\u0161et\u0159en\u00ed uveden\u00fdch v doporu\u010den\u00ed \u0161kolsk\u00e9ho poradensk\u00e9ho za\u0159\u00edzen\u00ed; \u00fadaje o zdravotn\u00ed zp\u016fsobilosti ke vzd\u011bl\u00e1v\u00e1n\u00ed a o zdravotn\u00edch obt\u00ed\u017e\u00edch, kter\u00e9 by mohly m\u00edt vliv na pr\u016fb\u011bh vzd\u011bl\u00e1v\u00e1n\u00ed; datum ukon\u010den\u00ed vzd\u011bl\u00e1v\u00e1n\u00ed ve \u0161kole a \u00fadaje o zkou\u0161ce, j\u00ed\u017e bylo vzd\u011bl\u00e1v\u00e1n\u00ed ve st\u0159edn\u00ed nebo vy\u0161\u0161\u00ed odborn\u00e9 \u0161kole ukon\u010deno. V\u00fd\u0161e vymezen\u00e9 \u00fadaje se d\u00e1le v souladu s&nbsp;ustanoven\u00edm &nbsp; \u0160kolsk\u00e9ho z\u00e1kona 561\/2004 Sb. v&nbsp;platn\u00e9m zn\u011bn\u00ed a vyhl\u00e1\u0161ky o Z\u0160 48\/2004 Sb. v&nbsp;platn\u00e9m zn\u011bn\u00ed p\u0159ed\u00e1vaj\u00ed v&nbsp;k\u00f3dovan\u00e9, zabezpe\u010den\u00ed anonymizovan\u00e9 form\u011b M\u0160MT, \u010c\u0160I a dal\u0161\u00edm dot\u010den\u00fdm org\u00e1n\u016fm dle platn\u00e9 legislativy (K\u00da, syst\u00e9m uiv.cz, \u0161koln\u00ed matrika, INSPIS. &nbsp;<\/p>\n","protected":false},"author":2,"featured_media":0,"comment_status":"closed","ping_status":"closed","sticky":false,"template":"","format":"standard","meta":{"ngg_post_thumbnail":0,"footnotes":""},"categories":[54],"tags":[],"acf":[],"_links":{"self":[{"href":"https:\/\/www.zszubri.cz\/index.php?rest_route=\/wp\/v2\/posts\/7389"}],"collection":[{"href":"https:\/\/www.zszubri.cz\/index.php?rest_route=\/wp\/v2\/posts"}],"about":[{"href":"https:\/\/www.zszubri.cz\/index.php?rest_route=\/wp\/v2\/types\/post"}],"author":[{"embeddable":true,"href":"https:\/\/www.zszubri.cz\/index.php?rest_route=\/wp\/v2\/users\/2"}],"replies":[{"embeddable":true,"href":"https:\/\/www.zszubri.cz\/index.php?rest_route=%2Fwp%2Fv2%2Fcomments&post=7389"}],"version-history":[{"count":2,"href":"https:\/\/www.zszubri.cz\/index.php?rest_route=\/wp\/v2\/posts\/7389\/revisions"}],"predecessor-version":[{"id":9066,"href":"https:\/\/www.zszubri.cz\/index.php?rest_route=\/wp\/v2\/posts\/7389\/revisions\/9066"}],"wp:attachment":[{"href":"https:\/\/www.zszubri.cz\/index.php?rest_route=%2Fwp%2Fv2%2Fmedia&parent=7389"}],"wp:term":[{"taxonomy":"category","embeddable":true,"href":"https:\/\/www.zszubri.cz\/index.php?rest_route=%2Fwp%2Fv2%2Fcategories&post=7389"},{"taxonomy":"post_tag","embeddable":true,"href":"https:\/\/www.zszubri.cz\/index.php?rest_route=%2Fwp%2Fv2%2Ftags&post=7389"}],"curies":[{"name":"wp","href":"https:\/\/api.w.org\/{rel}","templated":true}]}}