{"id":7446,"date":"2018-06-06T09:19:25","date_gmt":"2018-06-06T07:19:25","guid":{"rendered":"http:\/\/www.zszubri.cz\/?p=7446"},"modified":"2018-06-06T09:48:03","modified_gmt":"2018-06-06T07:48:03","slug":"okrskove-kolo-poharu-rozhlasu-2018","status":"publish","type":"post","link":"https:\/\/www.zszubri.cz\/?p=7446","title":{"rendered":"Okrskov\u00e9 kolo Poh\u00e1ru rozhlasu 2018"},"content":{"rendered":"<div class=\"pdfprnt-buttons pdfprnt-buttons-post pdfprnt-top-right\"><a href=\"https:\/\/www.zszubri.cz\/index.php?rest_route=wpv2posts7446&print=print\" class=\"pdfprnt-button pdfprnt-button-print\" target=\"_blank\"><img src=\"https:\/\/www.zszubri.cz\/wp-content\/plugins\/pdf-print\/images\/print.png\" alt=\"image_print\" title=\"Print Content\" \/><\/a><\/div><p>Ve \u010dtvrtek 3. kv\u011btna 2018 se na\u0161e z\u00e1kladn\u00ed \u0161kola stala po\u0159adatelm okrskov\u00e9ho kola atletick\u00e9 sout\u011b\u017ee Poh\u00e1r rozhlasu 2018. Jedn\u00e1 se o t\u00fdmovou sout\u011b\u017e 10-\u010dlenn\u00fdch dru\u017estev ve 4 kategori\u00edch &#8211; mlad\u0161\u00ed \u017e\u00e1ci a \u017e\u00e1kyn\u011b, star\u0161\u00ed \u017e\u00e1ci a \u017e\u00e1kyn\u011b.<\/p>\n<p>Dru\u017estva na\u0161\u00ed \u0161koly se um\u00edstila n\u00e1sledovn\u011b: mlad\u0161\u00ed \u017e\u00e1ci &#8211; 2. m\u00edsto (3 150 b.), mlad\u0161\u00ed \u017e\u00e1kyn\u011b &#8211; 4. m\u00edsto (4 162 b.), <strong>star\u0161\u00ed \u017e\u00e1ci &#8211; 1. m\u00edsto (5 562 b.) &#8211; postup do okresn\u00edho kola,<\/strong> star\u0161\u00ed \u017e\u00e1kyn\u011b &#8211; 3. m\u00edsto (4 921 b.). Okresn\u00ed kolo se konalo 10.5.2018 na atletick\u00e9m stadionu ve Vala\u0161sk\u00e9m Mezi\u0159\u00ed\u010d\u00ed, kde dru\u017estvo star\u0161\u00edch \u017e\u00e1k\u016f z\u00edskalo 3. m\u00edsto a postoupilo na krajsk\u00e9 kolo do Uhersk\u00e9ho Hradi\u0161t\u011b, kde ziskem 5 283 b. se um\u00edstilo na 6.m\u00edst\u011b. V dru\u017estvu sout\u011b\u017eili ve v\u0161ech stupn\u00edch sout\u011b\u017ee tito \u017e\u00e1ci: Cibulec Jakub, Kole\u010dek Miroslav, P\u0161enica Radek, Fiala \u0160t\u011bp\u00e1n, Zeman Ji\u0159\u00ed, Sk\u00fdpala Tom\u00e1\u0161, Jano\u0161ek \u0160t\u011bp\u00e1n, Pup\u00edk Milan, Jurajda Jon\u00e1\u0161, Rom\u00e1nek Jakub, Fait Luk\u00e1\u0161, Divi\u0161 Marek, Krupa Ond\u0159ej.<\/p>\n<p>Fotografie z okrskov\u00e9ho kola a krajsk\u00e9ho kola <a href=\"http:\/\/213.194.221.67\/photo\/#Albums\/album_c5a06b6f6c6ec3ad20726f6b20323031372032303138\/album_c5a06b6f6c6ec3ad20726f6b203230313720323031382f4f6b72736b6f76c3a92061206b72616a736bc3a9206b6f6c6f20506f68c3a1727520726f7a686c6173752032303138\">zde.<\/a><\/p>\n","protected":false},"excerpt":{"rendered":"<p>Ve \u010dtvrtek 3. kv\u011btna 2018 se na\u0161e z\u00e1kladn\u00ed \u0161kola stala po\u0159adatelm okrskov\u00e9ho kola atletick\u00e9 sout\u011b\u017ee Poh\u00e1r rozhlasu 2018. Jedn\u00e1 se o t\u00fdmovou sout\u011b\u017e 10-\u010dlenn\u00fdch dru\u017estev ve 4 kategori\u00edch &#8211; mlad\u0161\u00ed \u017e\u00e1ci a \u017e\u00e1kyn\u011b, star\u0161\u00ed \u017e\u00e1ci a \u017e\u00e1kyn\u011b. Dru\u017estva na\u0161\u00ed \u0161koly se um\u00edstila n\u00e1sledovn\u011b: mlad\u0161\u00ed \u017e\u00e1ci &#8211; 2. m\u00edsto (3 150 b.), mlad\u0161\u00ed \u017e\u00e1kyn\u011b &#8211; 4. m\u00edsto (4 162 b.), star\u0161\u00ed \u017e\u00e1ci &#8211; 1. m\u00edsto (5 562 b.) &#8211; postup do okresn\u00edho kola, star\u0161\u00ed \u017e\u00e1kyn\u011b &#8211; 3. m\u00edsto (4 921 b.). Okresn\u00ed kolo se konalo 10.5.2018 na atletick\u00e9m stadionu ve Vala\u0161sk\u00e9m Mezi\u0159\u00ed\u010d\u00ed, kde dru\u017estvo star\u0161\u00edch \u017e\u00e1k\u016f z\u00edskalo 3. m\u00edsto a postoupilo na krajsk\u00e9 kolo do Uhersk\u00e9ho Hradi\u0161t\u011b, kde ziskem 5 283 b. se um\u00edstilo na 6.m\u00edst\u011b. V dru\u017estvu sout\u011b\u017eili ve v\u0161ech stupn\u00edch sout\u011b\u017ee tito \u017e\u00e1ci: Cibulec Jakub, Kole\u010dek Miroslav, P\u0161enica Radek, Fiala \u0160t\u011bp\u00e1n, Zeman Ji\u0159\u00ed, Sk\u00fdpala Tom\u00e1\u0161, Jano\u0161ek \u0160t\u011bp\u00e1n, Pup\u00edk Milan, Jurajda Jon\u00e1\u0161, Rom\u00e1nek Jakub, Fait Luk\u00e1\u0161, Divi\u0161 Marek, Krupa Ond\u0159ej. Fotografie z okrskov\u00e9ho kola a krajsk\u00e9ho kola zde.<\/p>\n","protected":false},"author":3,"featured_media":0,"comment_status":"closed","ping_status":"closed","sticky":false,"template":"","format":"standard","meta":{"ngg_post_thumbnail":0,"footnotes":""},"categories":[59],"tags":[],"acf":[],"_links":{"self":[{"href":"https:\/\/www.zszubri.cz\/index.php?rest_route=\/wp\/v2\/posts\/7446"}],"collection":[{"href":"https:\/\/www.zszubri.cz\/index.php?rest_route=\/wp\/v2\/posts"}],"about":[{"href":"https:\/\/www.zszubri.cz\/index.php?rest_route=\/wp\/v2\/types\/post"}],"author":[{"embeddable":true,"href":"https:\/\/www.zszubri.cz\/index.php?rest_route=\/wp\/v2\/users\/3"}],"replies":[{"embeddable":true,"href":"https:\/\/www.zszubri.cz\/index.php?rest_route=%2Fwp%2Fv2%2Fcomments&post=7446"}],"version-history":[{"count":2,"href":"https:\/\/www.zszubri.cz\/index.php?rest_route=\/wp\/v2\/posts\/7446\/revisions"}],"predecessor-version":[{"id":7448,"href":"https:\/\/www.zszubri.cz\/index.php?rest_route=\/wp\/v2\/posts\/7446\/revisions\/7448"}],"wp:attachment":[{"href":"https:\/\/www.zszubri.cz\/index.php?rest_route=%2Fwp%2Fv2%2Fmedia&parent=7446"}],"wp:term":[{"taxonomy":"category","embeddable":true,"href":"https:\/\/www.zszubri.cz\/index.php?rest_route=%2Fwp%2Fv2%2Fcategories&post=7446"},{"taxonomy":"post_tag","embeddable":true,"href":"https:\/\/www.zszubri.cz\/index.php?rest_route=%2Fwp%2Fv2%2Ftags&post=7446"}],"curies":[{"name":"wp","href":"https:\/\/api.w.org\/{rel}","templated":true}]}}