{"id":7996,"date":"2018-11-07T10:42:45","date_gmt":"2018-11-07T09:42:45","guid":{"rendered":"http:\/\/www.zszubri.cz\/?p=7996"},"modified":"2019-05-07T14:18:49","modified_gmt":"2019-05-07T12:18:49","slug":"cesta-starsich-zaku-na-republikove-finale-v-atletickem-ctyrboji","status":"publish","type":"post","link":"https:\/\/www.zszubri.cz\/?p=7996","title":{"rendered":"Cesta star\u0161\u00edch \u017e\u00e1k\u016f na republikov\u00e9 fin\u00e1le v atletick\u00e9m \u010dty\u0159boji"},"content":{"rendered":"<div class=\"pdfprnt-buttons pdfprnt-buttons-post pdfprnt-top-right\"><a href=\"https:\/\/www.zszubri.cz\/index.php?rest_route=wpv2posts7996&print=print\" class=\"pdfprnt-button pdfprnt-button-print\" target=\"_blank\"><img src=\"https:\/\/www.zszubri.cz\/wp-content\/plugins\/pdf-print\/images\/print.png\" alt=\"image_print\" title=\"Print Content\" \/><\/a><\/div><p><strong><u>CESTA STAR\u0160\u00cdCH \u017d\u00c1K\u016e NA REPUBLIKOV\u00c9 FIN\u00c1LE V\u00a0ATLETICK\u00c9M \u010cTY\u0158BOJI<\/u><\/strong><\/p>\n<p>Na\u0161e \u0161kola se i letos z\u00fa\u010dastnila atletick\u00e9ho \u010dty\u0159boje. Sout\u011b\u017e se konala netradi\u010dn\u011b 20. z\u00e1\u0159\u00ed a do okresn\u00edho kola ve Vala\u0161sk\u00e9m Mezi\u0159\u00ed\u010d\u00ed jelo 19 \u017e\u00e1k\u016f na\u0161\u00ed \u0161koly. Z\u00e1vodilo se ve 4 kategori\u00edch: mlad\u0161\u00ed \u017e\u00e1ci (Filip Dimitriadis, Petr Bumbala, Patrik Hrachovec, V\u00edt Mi\u010dola), mlad\u0161\u00ed \u017e\u00e1kyn\u011b (Ad\u00e9la Fiedlerov\u00e1, Nela Fiedlerov\u00e1, Tereza Mizerov\u00e1, Nela Mi\u010dolov\u00e1, Al\u017eb\u011bta Pet\u0159ekov\u00e1), star\u0161\u00ed \u017e\u00e1ci (Jakub Cibulec, Miroslav Kole\u010dek, Ond\u0159ej Krupa, Tom\u00e1\u0161 Rand\u00fdsek, Pavel Mancl) a star\u0161\u00ed \u017e\u00e1kyn\u011b (Lucie Mol\u00edkov\u00e1, Anna Pernicov\u00e1, Eli\u0161ka Randusov\u00e1, Ag\u00e1ta Mi\u010dolov\u00e1, Ad\u00e9la Mizerov\u00e1). Aletick\u00e9ho \u010dty\u0159boje se \u00fa\u010dastn\u00ed v\u017edy 4 &#8211; 5 \u017e\u00e1k\u016f v\u00a0ka\u017ed\u00e9 kategorii, kdy ka\u017ed\u00fd atlet absolvuje b\u011bh na 60 m, skok dalek\u00fd \u010di skok vysok\u00fd, hod m\u00ed\u010dkem \u010di vrh koul\u00ed a vytrvalostn\u00ed z\u00e1vod na 600, 800 nebo 1000 m. Z okresn\u00edho kola do krajsk\u00e9ho kola postupovalo pouze v\u00edt\u011bzn\u00e9 dru\u017estvo. Um\u00edst\u011bn\u00ed na\u0161ich dru\u017estev: <em>mlad\u0161\u00ed \u017e\u00e1ci \u2013 4. m\u00edsto, mlad\u0161\u00ed \u017e\u00e1kyn\u011b \u2013 5. m\u00edsto, star\u0161\u00ed \u017e\u00e1kyn\u011b \u2013 6. m\u00edsto.<\/em> <strong><em>Na\u0161im star\u0161\u00edm \u017e\u00e1k\u016fm se vyda\u0159ily v\u0161echny discipl\u00edny a s\u00a0celkov\u00fdm po\u010dtem 7 974 bod\u016f obsadili prvn\u00ed p\u0159\u00ed\u010dku a postoupili do krajsk\u00e9ho kola, kter\u00e9 se konalo 1.\u00a0\u0159\u00edjna 2018 ve Zl\u00edn\u011b.<\/em><\/strong><\/p>\n<p>Stejn\u00e1 sestava ve slo\u017een\u00ed <strong><em>Jakub Cibulec, Tom\u00e1\u0161 Rand\u00fdsek, Miroslav Kole\u010dek, Ond\u0159ej Krupa a Pavel Mancl<\/em><\/strong> se jela poprat o postup do republikov\u00e9ho fin\u00e1le. Po nevyda\u0159en\u00e9 prvn\u00ed discipl\u00edn\u011b v\u00a0b\u011bhu na 60 m jsme se postupn\u011b zlep\u0161ovali, co\u017e vyvrcholilo posledn\u00ed discipl\u00ednou v\u00a0b\u011bhu na 1000 m. \u0158\u00edk\u00e1 se, \u017ee vytrvalostn\u00ed b\u011bh v\u00a0t\u00e9to sout\u011b\u017ei v\u017edy rozhodne. Kluci si opravdu s\u00e1hli a\u017e na dno sv\u00fdch sil a mohli se op\u011bt radovat z\u00a0dal\u0161\u00edho postupu, ale te\u010f u\u017e do republikov\u00e9ho fin\u00e1le.<\/p>\n<p>Republikov\u00e9 fin\u00e1le v\u00a0Opav\u011b (10. \u0159\u00edjna 2018) m\u011blo n\u00e1dech opravdov\u00fdch atletick\u00fdch z\u00e1vod\u016f, kde nechyb\u011bl slavnostn\u00ed ceremoni\u00e1l s\u00a0nastoupen\u00edm v\u0161ech dru\u017estev a st\u00e1tn\u00ed hymnou. Z\u00e1vody zah\u00e1jila b\u00fdval\u00e1 slavn\u00e1 sportovkyn\u011b, \u00fa\u010dastnice olympijsk\u00fdch her a mistrovstv\u00ed sv\u011bta, Kv\u011bta Jeriov\u00e1 &#8211; Peckov\u00e1. Bohu\u017eel jsme nemohli vinou nemoc\u00ed odjet ve stejn\u00e9 sestav\u011b jako na okresn\u00ed a krajsk\u00e9 kolo. N\u00e1hradn\u00edkem za nemocn\u00e9 Miroslava Kole\u010dka a Pavla Mancla odcestoval Marek P\u0161enica. Kluci state\u010dn\u011b bojovali s\u00a0atletick\u00fdmi \u0161kolami a p\u0159ed posledn\u00ed discipl\u00ednou jsme dr\u017eeli 6. m\u00edsto, av\u0161ak v\u00a0posledn\u00ed discipl\u00edn\u011b jsme propadli a obsadili jsme 11.\u00a0m\u00edsto. Nicm\u00e9n\u011b v\u0161ichni zmi\u0148ovan\u00ed \u017e\u00e1ci zaslou\u017e\u00ed obrovskou pochvalu za bojovnost, p\u0159edveden\u00e9 v\u00fdkony a reprezentaci \u0161koly.<\/p>\n<p>Mgr. Martin Hrstka<\/p>\n<p>Fotografie<a href=\"http:\/\/213.194.221.67\/photo\/#Albums\/album_c5a04b4f4c4ec38d20524f4b20323031382032303139\/album_c5a04b4f4c4ec38d20524f4b203230313820323031392f41746c657469636bc3bd20c48d7479c599626f6a\"> zde<\/a>.<\/p>\n","protected":false},"excerpt":{"rendered":"<p>CESTA STAR\u0160\u00cdCH \u017d\u00c1K\u016e NA REPUBLIKOV\u00c9 FIN\u00c1LE V\u00a0ATLETICK\u00c9M \u010cTY\u0158BOJI Na\u0161e \u0161kola se i letos z\u00fa\u010dastnila atletick\u00e9ho \u010dty\u0159boje. Sout\u011b\u017e se konala netradi\u010dn\u011b 20. z\u00e1\u0159\u00ed a do okresn\u00edho kola ve Vala\u0161sk\u00e9m Mezi\u0159\u00ed\u010d\u00ed jelo 19 \u017e\u00e1k\u016f na\u0161\u00ed \u0161koly. Z\u00e1vodilo se ve 4 kategori\u00edch: mlad\u0161\u00ed \u017e\u00e1ci (Filip Dimitriadis, Petr Bumbala, Patrik Hrachovec, V\u00edt Mi\u010dola), mlad\u0161\u00ed \u017e\u00e1kyn\u011b (Ad\u00e9la Fiedlerov\u00e1, Nela Fiedlerov\u00e1, Tereza Mizerov\u00e1, Nela Mi\u010dolov\u00e1, Al\u017eb\u011bta Pet\u0159ekov\u00e1), star\u0161\u00ed \u017e\u00e1ci (Jakub Cibulec, Miroslav Kole\u010dek, Ond\u0159ej Krupa, Tom\u00e1\u0161 Rand\u00fdsek, Pavel Mancl) a star\u0161\u00ed \u017e\u00e1kyn\u011b (Lucie Mol\u00edkov\u00e1, Anna Pernicov\u00e1, Eli\u0161ka Randusov\u00e1, Ag\u00e1ta Mi\u010dolov\u00e1, Ad\u00e9la Mizerov\u00e1). Aletick\u00e9ho \u010dty\u0159boje se \u00fa\u010dastn\u00ed v\u017edy 4 &#8211; 5 \u017e\u00e1k\u016f v\u00a0ka\u017ed\u00e9 kategorii, kdy ka\u017ed\u00fd atlet absolvuje b\u011bh na 60 m, skok dalek\u00fd \u010di skok vysok\u00fd, hod m\u00ed\u010dkem \u010di vrh koul\u00ed a vytrvalostn\u00ed z\u00e1vod na 600, 800 nebo 1000 m. Z okresn\u00edho kola do krajsk\u00e9ho kola postupovalo pouze v\u00edt\u011bzn\u00e9 dru\u017estvo. Um\u00edst\u011bn\u00ed na\u0161ich dru\u017estev: mlad\u0161\u00ed \u017e\u00e1ci \u2013 4. m\u00edsto, mlad\u0161\u00ed \u017e\u00e1kyn\u011b \u2013 5. m\u00edsto, star\u0161\u00ed \u017e\u00e1kyn\u011b \u2013 6. m\u00edsto. Na\u0161im star\u0161\u00edm \u017e\u00e1k\u016fm se vyda\u0159ily v\u0161echny discipl\u00edny a s\u00a0celkov\u00fdm po\u010dtem 7 974 bod\u016f obsadili prvn\u00ed p\u0159\u00ed\u010dku a postoupili do krajsk\u00e9ho kola, kter\u00e9 se konalo 1.\u00a0\u0159\u00edjna 2018 ve Zl\u00edn\u011b. Stejn\u00e1 sestava ve slo\u017een\u00ed Jakub Cibulec, Tom\u00e1\u0161 Rand\u00fdsek, Miroslav Kole\u010dek, Ond\u0159ej Krupa a Pavel Mancl se jela poprat o postup do republikov\u00e9ho fin\u00e1le. Po nevyda\u0159en\u00e9 prvn\u00ed discipl\u00edn\u011b v\u00a0b\u011bhu na 60 m jsme se postupn\u011b zlep\u0161ovali, co\u017e vyvrcholilo posledn\u00ed discipl\u00ednou v\u00a0b\u011bhu na 1000 m. \u0158\u00edk\u00e1 se, \u017ee vytrvalostn\u00ed b\u011bh v\u00a0t\u00e9to sout\u011b\u017ei v\u017edy rozhodne. Kluci si opravdu s\u00e1hli a\u017e na dno sv\u00fdch sil a mohli se op\u011bt radovat z\u00a0dal\u0161\u00edho postupu, ale te\u010f u\u017e do republikov\u00e9ho fin\u00e1le. Republikov\u00e9 fin\u00e1le v\u00a0Opav\u011b (10. \u0159\u00edjna 2018) m\u011blo n\u00e1dech opravdov\u00fdch atletick\u00fdch z\u00e1vod\u016f, kde nechyb\u011bl slavnostn\u00ed ceremoni\u00e1l s\u00a0nastoupen\u00edm v\u0161ech dru\u017estev a st\u00e1tn\u00ed hymnou. Z\u00e1vody zah\u00e1jila b\u00fdval\u00e1 slavn\u00e1 sportovkyn\u011b, \u00fa\u010dastnice olympijsk\u00fdch her a mistrovstv\u00ed sv\u011bta, Kv\u011bta Jeriov\u00e1 &#8211; Peckov\u00e1. Bohu\u017eel jsme nemohli vinou nemoc\u00ed odjet ve stejn\u00e9 sestav\u011b jako na okresn\u00ed a krajsk\u00e9 kolo. N\u00e1hradn\u00edkem za nemocn\u00e9 Miroslava Kole\u010dka a Pavla Mancla odcestoval Marek P\u0161enica. Kluci state\u010dn\u011b bojovali s\u00a0atletick\u00fdmi \u0161kolami a p\u0159ed posledn\u00ed discipl\u00ednou jsme dr\u017eeli 6. m\u00edsto, av\u0161ak v\u00a0posledn\u00ed discipl\u00edn\u011b jsme propadli a obsadili jsme 11.\u00a0m\u00edsto. Nicm\u00e9n\u011b v\u0161ichni zmi\u0148ovan\u00ed \u017e\u00e1ci zaslou\u017e\u00ed obrovskou pochvalu za bojovnost, p\u0159edveden\u00e9 v\u00fdkony a reprezentaci \u0161koly. Mgr. Martin Hrstka Fotografie zde.<\/p>\n","protected":false},"author":3,"featured_media":7999,"comment_status":"closed","ping_status":"closed","sticky":false,"template":"","format":"standard","meta":{"ngg_post_thumbnail":0,"footnotes":""},"categories":[60],"tags":[],"acf":[],"_links":{"self":[{"href":"https:\/\/www.zszubri.cz\/index.php?rest_route=\/wp\/v2\/posts\/7996"}],"collection":[{"href":"https:\/\/www.zszubri.cz\/index.php?rest_route=\/wp\/v2\/posts"}],"about":[{"href":"https:\/\/www.zszubri.cz\/index.php?rest_route=\/wp\/v2\/types\/post"}],"author":[{"embeddable":true,"href":"https:\/\/www.zszubri.cz\/index.php?rest_route=\/wp\/v2\/users\/3"}],"replies":[{"embeddable":true,"href":"https:\/\/www.zszubri.cz\/index.php?rest_route=%2Fwp%2Fv2%2Fcomments&post=7996"}],"version-history":[{"count":3,"href":"https:\/\/www.zszubri.cz\/index.php?rest_route=\/wp\/v2\/posts\/7996\/revisions"}],"predecessor-version":[{"id":8509,"href":"https:\/\/www.zszubri.cz\/index.php?rest_route=\/wp\/v2\/posts\/7996\/revisions\/8509"}],"wp:featuredmedia":[{"embeddable":true,"href":"https:\/\/www.zszubri.cz\/index.php?rest_route=\/wp\/v2\/media\/7999"}],"wp:attachment":[{"href":"https:\/\/www.zszubri.cz\/index.php?rest_route=%2Fwp%2Fv2%2Fmedia&parent=7996"}],"wp:term":[{"taxonomy":"category","embeddable":true,"href":"https:\/\/www.zszubri.cz\/index.php?rest_route=%2Fwp%2Fv2%2Fcategories&post=7996"},{"taxonomy":"post_tag","embeddable":true,"href":"https:\/\/www.zszubri.cz\/index.php?rest_route=%2Fwp%2Fv2%2Ftags&post=7996"}],"curies":[{"name":"wp","href":"https:\/\/api.w.org\/{rel}","templated":true}]}}