{"id":8000,"date":"2018-11-07T13:30:45","date_gmt":"2018-11-07T12:30:45","guid":{"rendered":"http:\/\/www.zszubri.cz\/?p=8000"},"modified":"2018-11-07T13:34:21","modified_gmt":"2018-11-07T12:34:21","slug":"burza-stredni-skol-na-nasi-skole","status":"publish","type":"post","link":"https:\/\/www.zszubri.cz\/?p=8000","title":{"rendered":"Burza st\u0159edn\u00ed \u0161kol na na\u0161\u00ed \u0161kole"},"content":{"rendered":"<div class=\"pdfprnt-buttons pdfprnt-buttons-post pdfprnt-top-right\"><a href=\"https:\/\/www.zszubri.cz\/index.php?rest_route=wpv2posts8000&print=print\" class=\"pdfprnt-button pdfprnt-button-print\" target=\"_blank\"><img src=\"https:\/\/www.zszubri.cz\/wp-content\/plugins\/pdf-print\/images\/print.png\" alt=\"image_print\" title=\"Print Content\" \/><\/a><\/div><p>V \u00fater\u00fd <strong>23. \u0159\u00edjna 2018<\/strong> se na na\u0161\u00ed \u0161kole od 16.00 hod. uskute\u010dnila sch\u016fzka s rodi\u010di vych\u00e1zej\u00edc\u00edch \u017e\u00e1k\u016f, na kter\u00e9 byly v\u00fdchovnou poradkyn\u00ed Mgr. Gabrielou C\u00e1bovou p\u0159ed\u00e1ny informace k p\u0159ij\u00edmac\u00edmu \u0159\u00edzen\u00ed, jednotn\u00fdm p\u0159ij\u00edmac\u00edm zkou\u0161k\u00e1m, vypl\u0148ov\u00e1n\u00ed p\u0159ihl\u00e1\u0161ek a dal\u0161\u00ed d\u016fle\u017eit\u00e9 informace k p\u0159ijet\u00ed \u017e\u00e1ka a \u017e\u00e1kyn\u011b na\u0161\u00ed \u0161koly na st\u0159edn\u00ed \u0161kolu. Sou\u010d\u00e1st\u00ed t\u011bchto sch\u016fzek byla i tzv. Burza \u0161kol. V leto\u0161n\u00edm roce se do t\u011blocvi\u010dny na\u0161\u00ed \u0161koly sjelo 14 z\u00e1stupc\u016f st\u0159edn\u00ed \u0161kol z bl\u00edzk\u00e9ho i vzd\u00e1len\u011bj\u0161\u00edho okol\u00ed. Nab\u00eddli rodi\u010d\u016fm a \u017e\u00e1k\u016fm let\u00e1\u010dky, informace k p\u0159ij\u00edmac\u00edmu \u0159\u00edzen\u00ed na jejich \u0161kole, pozv\u00e1nky na dny otev\u0159en\u00fdch dve\u0159\u00ed. Pozv\u00e1nku do Zub\u0159\u00ed p\u0159ijaly tyto st\u0159edn\u00ed \u0161koly: Integrovan\u00e1 st\u0159edn\u00ed \u0161kola a Centrum odborn\u00e9 p\u0159\u00edpravy ValMez, Obchodn\u00ed akademie ValMez, St\u0159edn\u00ed pr\u016fmyslov\u00e1 \u0161kola stavebn\u00ed ValMez, St\u0159edn\u00ed um\u011bleckopr\u016fmyslov\u00e1 \u0161kola skl\u00e1\u0159sk\u00e1 ValMez, St\u0159edn\u00ed \u0161kola informatiky, elektrotechniky a \u0159emesel Ro\u017enov, St\u0159edn\u00ed zem\u011bd\u011blsk\u00e1 a p\u0159\u00edrodov\u011bdn\u00e1 \u0161kola Ro\u017enov, Gymn\u00e1zium Ro\u017enov, St\u0159edn\u00ed odborn\u00e1 \u0161kola Josefa Soused\u00edka Vset\u00edn, St\u0159edn\u00ed \u0161kola Kostka Vset\u00edn, St\u0159edn\u00ed pr\u016fmyslov\u00e1 \u0161kola strojnick\u00e1 Vset\u00edn, Hotelov\u00e1 \u0161kola Fren\u0161t\u00e1t, Mendelova \u0161kola Nov\u00fd Ji\u010d\u00edn, St\u0159edn\u00ed zdravotnick\u00e1 \u0161kola Hranice a St\u0159edn\u00ed pedagogick\u00e1 \u0161kola Odry.<\/p>\n<p>Fotografie ze setk\u00e1n\u00ed <a href=\"http:\/\/213.194.221.67\/photo\/#Albums\/album_c5a04b4f4c4ec38d20524f4b20323031382032303139\/album_c5a04b4f4c4ec38d20524f4b203230313820323031392f4275727a61207374c59965646ec3ad636820c5a16b6f6c\">zde.<\/a><\/p>\n","protected":false},"excerpt":{"rendered":"<p>V \u00fater\u00fd 23. \u0159\u00edjna 2018 se na na\u0161\u00ed \u0161kole od 16.00 hod. uskute\u010dnila sch\u016fzka s rodi\u010di vych\u00e1zej\u00edc\u00edch \u017e\u00e1k\u016f, na kter\u00e9 byly v\u00fdchovnou poradkyn\u00ed Mgr. Gabrielou C\u00e1bovou p\u0159ed\u00e1ny informace k p\u0159ij\u00edmac\u00edmu \u0159\u00edzen\u00ed, jednotn\u00fdm p\u0159ij\u00edmac\u00edm zkou\u0161k\u00e1m, vypl\u0148ov\u00e1n\u00ed p\u0159ihl\u00e1\u0161ek a dal\u0161\u00ed d\u016fle\u017eit\u00e9 informace k p\u0159ijet\u00ed \u017e\u00e1ka a \u017e\u00e1kyn\u011b na\u0161\u00ed \u0161koly na st\u0159edn\u00ed \u0161kolu. Sou\u010d\u00e1st\u00ed t\u011bchto sch\u016fzek byla i tzv. Burza \u0161kol. V leto\u0161n\u00edm roce se do t\u011blocvi\u010dny na\u0161\u00ed \u0161koly sjelo 14 z\u00e1stupc\u016f st\u0159edn\u00ed \u0161kol z bl\u00edzk\u00e9ho i vzd\u00e1len\u011bj\u0161\u00edho okol\u00ed. Nab\u00eddli rodi\u010d\u016fm a \u017e\u00e1k\u016fm let\u00e1\u010dky, informace k p\u0159ij\u00edmac\u00edmu \u0159\u00edzen\u00ed na jejich \u0161kole, pozv\u00e1nky na dny otev\u0159en\u00fdch dve\u0159\u00ed. Pozv\u00e1nku do Zub\u0159\u00ed p\u0159ijaly tyto st\u0159edn\u00ed \u0161koly: Integrovan\u00e1 st\u0159edn\u00ed \u0161kola a Centrum odborn\u00e9 p\u0159\u00edpravy ValMez, Obchodn\u00ed akademie ValMez, St\u0159edn\u00ed pr\u016fmyslov\u00e1 \u0161kola stavebn\u00ed ValMez, St\u0159edn\u00ed um\u011bleckopr\u016fmyslov\u00e1 \u0161kola skl\u00e1\u0159sk\u00e1 ValMez, St\u0159edn\u00ed \u0161kola informatiky, elektrotechniky a \u0159emesel Ro\u017enov, St\u0159edn\u00ed zem\u011bd\u011blsk\u00e1 a p\u0159\u00edrodov\u011bdn\u00e1 \u0161kola Ro\u017enov, Gymn\u00e1zium Ro\u017enov, St\u0159edn\u00ed odborn\u00e1 \u0161kola Josefa Soused\u00edka Vset\u00edn, St\u0159edn\u00ed \u0161kola Kostka Vset\u00edn, St\u0159edn\u00ed pr\u016fmyslov\u00e1 \u0161kola strojnick\u00e1 Vset\u00edn, Hotelov\u00e1 \u0161kola Fren\u0161t\u00e1t, Mendelova \u0161kola Nov\u00fd Ji\u010d\u00edn, St\u0159edn\u00ed zdravotnick\u00e1 \u0161kola Hranice a St\u0159edn\u00ed pedagogick\u00e1 \u0161kola Odry. Fotografie ze setk\u00e1n\u00ed zde.<\/p>\n","protected":false},"author":3,"featured_media":0,"comment_status":"closed","ping_status":"closed","sticky":false,"template":"","format":"standard","meta":{"ngg_post_thumbnail":0,"footnotes":""},"categories":[60],"tags":[],"acf":[],"_links":{"self":[{"href":"https:\/\/www.zszubri.cz\/index.php?rest_route=\/wp\/v2\/posts\/8000"}],"collection":[{"href":"https:\/\/www.zszubri.cz\/index.php?rest_route=\/wp\/v2\/posts"}],"about":[{"href":"https:\/\/www.zszubri.cz\/index.php?rest_route=\/wp\/v2\/types\/post"}],"author":[{"embeddable":true,"href":"https:\/\/www.zszubri.cz\/index.php?rest_route=\/wp\/v2\/users\/3"}],"replies":[{"embeddable":true,"href":"https:\/\/www.zszubri.cz\/index.php?rest_route=%2Fwp%2Fv2%2Fcomments&post=8000"}],"version-history":[{"count":2,"href":"https:\/\/www.zszubri.cz\/index.php?rest_route=\/wp\/v2\/posts\/8000\/revisions"}],"predecessor-version":[{"id":8002,"href":"https:\/\/www.zszubri.cz\/index.php?rest_route=\/wp\/v2\/posts\/8000\/revisions\/8002"}],"wp:attachment":[{"href":"https:\/\/www.zszubri.cz\/index.php?rest_route=%2Fwp%2Fv2%2Fmedia&parent=8000"}],"wp:term":[{"taxonomy":"category","embeddable":true,"href":"https:\/\/www.zszubri.cz\/index.php?rest_route=%2Fwp%2Fv2%2Fcategories&post=8000"},{"taxonomy":"post_tag","embeddable":true,"href":"https:\/\/www.zszubri.cz\/index.php?rest_route=%2Fwp%2Fv2%2Ftags&post=8000"}],"curies":[{"name":"wp","href":"https:\/\/api.w.org\/{rel}","templated":true}]}}